{"id":18726,"date":"2025-07-31T11:56:00","date_gmt":"2025-07-31T14:56:00","guid":{"rendered":"https:\/\/www.visionweb.com.ar\/?p=18726"},"modified":"2025-07-31T12:02:28","modified_gmt":"2025-07-31T15:02:28","slug":"milei-desembambarcara-en-territorio-bonarense-para-apoyar-a-los-candiatos-libertarios","status":"publish","type":"post","link":"https:\/\/www.visionweb.com.ar\/?p=18726","title":{"rendered":"Milei desembambarcar\u00e1 en territorio bonarense para apoyar a los candiatos libertarios"},"content":{"rendered":"<p><em><strong>Kicillof apunt\u00f3 contra el presidente Javier Milei y su gobierno, a quienes acus\u00f3 de apelar a la \u201cmentira\u201d como herramienta pol\u00edtica.<\/strong><\/em><!--more--><\/p>\n<p><img loading=\"lazy\" decoding=\"async\" class=\"size-medium wp-image-18727 alignleft\" src=\"https:\/\/www.visionweb.com.ar\/wp-content\/uploads\/2025\/07\/MILEI-EN-EL-GBA-300x169.png\" alt=\"\" width=\"300\" height=\"169\" srcset=\"https:\/\/www.visionweb.com.ar\/wp-content\/uploads\/2025\/07\/MILEI-EN-EL-GBA-300x169.png 300w, https:\/\/www.visionweb.com.ar\/wp-content\/uploads\/2025\/07\/MILEI-EN-EL-GBA.png 640w\" sizes=\"auto, (max-width: 300px) 100vw, 300px\" \/>El presidente Javier MIlei\u00a0 decidi\u00f3 caminar el conurbano, porque la campa\u00f1a libertaria arranc\u00f3 floja, sin fuerza territorial, con esc\u00e1ndalos internos y candidaturas que no traccionan.<\/p>\n<p>En tanto Axel Kicillof y su tropa ya est\u00e1n desplegados en toda la provincia, con recorridas, actos y base real, La Libertad Avanza parece una cooperativa de influencers sin barrio ni m\u00edstica.<\/p>\n<p>Mientras, la pelea entre Karina Milei y Santiago Caputo oblig\u00f3 a una tregua forzada. Sin unidad en la c\u00fapula, sin estructura en las calles, sin \u00e9pica m\u00e1s all\u00e1 del algoritmo, Milei entendi\u00f3 que ten\u00eda que poner el cuerpo. Y entonces, por primera vez, el presidente libertario se pone las zapatillas.<\/p>\n<p>En ese sentido, va a caminar las calles de los barrios de \u00a0la Primera y la Tercera Secci\u00f3n Electoral, para,\u00a0 acompa\u00f1ar a Diego Valenzuela, el intendente de Tres de Febrero, (ex PRO) y al pol\u00e9mico excomisario Bordarenko, salpicado por denuncias que huelen m\u00e1s a interna que a transparencia.<\/p>\n<p>Va a mostrarse con candidatos locales. Va a intentar trasladar su imagen a esos nombres que no conoce ni el carnicero del barrio. Pero m\u00e1s all\u00e1 del operativo de maquillaje pol\u00edtico, lo que est\u00e1 claro es esto: Milei baja al barro porque el agua le llega al cuello.<\/p>\n<p><img loading=\"lazy\" decoding=\"async\" class=\"size-medium wp-image-18728 alignright\" src=\"https:\/\/www.visionweb.com.ar\/wp-content\/uploads\/2025\/07\/kicillof-en-pilar-300x200.png\" alt=\"\" width=\"300\" height=\"200\" srcset=\"https:\/\/www.visionweb.com.ar\/wp-content\/uploads\/2025\/07\/kicillof-en-pilar-300x200.png 300w, https:\/\/www.visionweb.com.ar\/wp-content\/uploads\/2025\/07\/kicillof-en-pilar.png 640w\" sizes=\"auto, (max-width: 300px) 100vw, 300px\" \/>Por otra parte, crece la preocupaci\u00f3n \u00a0del gobernador de la provincia de Buenos Aires,\u00a0<strong>Axel Kicillof<\/strong>, enfrentado con Milei,\u00a0 asegur\u00f3 que <strong>el oficialismo prepara una campa\u00f1a \u201cro\u00f1osa\u201d de cara a las pr\u00f3ximas elecciones<\/strong>\u00a0y afirm\u00f3 que el espacio Fuerza Patria ya se est\u00e1 organizando para enfrentarla.<\/p>\n<p>Apunt\u00f3 directamente contra el presidente Javier Milei y su gobierno, a quienes acus\u00f3 de apelar a la \u201cmentira\u201d como herramienta pol\u00edtica.<\/p>\n<p>\u201c<strong>No va a ser una campa\u00f1a sucia: va a ser ro\u00f1osa. Sabemos qu\u00e9 hay del otro lado, que est\u00e1n dispuestos a decir cualquier cosa e inventar<\/strong>\u201d, advirti\u00f3 Kicillof en una entrevista televisiva desde el municipio de Pilar, donde inaugur\u00f3 una nueva sede de la<strong>\u00a0Fuerza Barrial de Aproximaci\u00f3n (FBA) y entreg\u00f3 20 patrulleros y 20 motos.<\/strong><\/p>\n<p>El mandatario bonaerense pidi\u00f3 debatir con seriedad, en especial sobre temas sensibles como la seguridad: \u201cUno quisiera discutir el tema de la seguridad, que es complejo, serio y no requiere meter bala, sino meter recursos\u201d, subray\u00f3.<strong>(VW)<\/strong><\/p>\n<p>&nbsp;<\/p>\n","protected":false},"excerpt":{"rendered":"<p>Kicillof apunt\u00f3 contra el presidente Javier Milei y su gobierno, a quienes acus\u00f3 de apelar a la \u201cmentira\u201d como herramienta pol\u00edtica.<\/p>\n","protected":false},"author":3,"featured_media":18727,"comment_status":"closed","ping_status":"closed","sticky":false,"template":"","format":"standard","meta":{"_monsterinsights_skip_tracking":false,"_monsterinsights_sitenote_active":false,"_monsterinsights_sitenote_note":"","_monsterinsights_sitenote_category":0,"footnotes":""},"categories":[4],"tags":[7969,167,4530,7768],"class_list":["post-18726","post","type-post","status-publish","format-standard","has-post-thumbnail","hentry","category-politica","tag-electorales","tag-kicillof","tag-milei","tag-secciones"],"_links":{"self":[{"href":"https:\/\/www.visionweb.com.ar\/index.php?rest_route=\/wp\/v2\/posts\/18726","targetHints":{"allow":["GET"]}}],"collection":[{"href":"https:\/\/www.visionweb.com.ar\/index.php?rest_route=\/wp\/v2\/posts"}],"about":[{"href":"https:\/\/www.visionweb.com.ar\/index.php?rest_route=\/wp\/v2\/types\/post"}],"author":[{"embeddable":true,"href":"https:\/\/www.visionweb.com.ar\/index.php?rest_route=\/wp\/v2\/users\/3"}],"replies":[{"embeddable":true,"href":"https:\/\/www.visionweb.com.ar\/index.php?rest_route=%2Fwp%2Fv2%2Fcomments&post=18726"}],"version-history":[{"count":1,"href":"https:\/\/www.visionweb.com.ar\/index.php?rest_route=\/wp\/v2\/posts\/18726\/revisions"}],"predecessor-version":[{"id":18729,"href":"https:\/\/www.visionweb.com.ar\/index.php?rest_route=\/wp\/v2\/posts\/18726\/revisions\/18729"}],"wp:featuredmedia":[{"embeddable":true,"href":"https:\/\/www.visionweb.com.ar\/index.php?rest_route=\/wp\/v2\/media\/18727"}],"wp:attachment":[{"href":"https:\/\/www.visionweb.com.ar\/index.php?rest_route=%2Fwp%2Fv2%2Fmedia&parent=18726"}],"wp:term":[{"taxonomy":"category","embeddable":true,"href":"https:\/\/www.visionweb.com.ar\/index.php?rest_route=%2Fwp%2Fv2%2Fcategories&post=18726"},{"taxonomy":"post_tag","embeddable":true,"href":"https:\/\/www.visionweb.com.ar\/index.php?rest_route=%2Fwp%2Fv2%2Ftags&post=18726"}],"curies":[{"name":"wp","href":"https:\/\/api.w.org\/{rel}","templated":true}]}}