{"id":18720,"date":"2025-07-30T11:05:30","date_gmt":"2025-07-30T14:05:30","guid":{"rendered":"https:\/\/www.visionweb.com.ar\/?p=18720"},"modified":"2025-07-30T11:06:55","modified_gmt":"2025-07-30T14:06:55","slug":"avellaneda-la-lista-de-candidatos-para-las-elecciones-bonaerenses-dejo-a-fuera-a-la-campora","status":"publish","type":"post","link":"https:\/\/www.visionweb.com.ar\/?p=18720","title":{"rendered":"Avellaneda: La lista de candidatos para las elecciones bonaerenses dejo a fuera a La C\u00e1mpora"},"content":{"rendered":"<p><em><strong>\u00abLa militancia y la organizaci\u00f3n colectiva son claves para construir el triunfo\u00bb, asegur\u00f3 el intendente de Avellaneda, Jorge Ferraresi quien encabeza la lista local de Fuerza Patria.<\/strong><\/em><!--more--><\/p>\n<p><img loading=\"lazy\" decoding=\"async\" class=\"size-medium wp-image-18721 alignright\" src=\"https:\/\/www.visionweb.com.ar\/wp-content\/uploads\/2025\/07\/FERRARESI-presenta-la-lista-300x169.png\" alt=\"\" width=\"300\" height=\"169\" srcset=\"https:\/\/www.visionweb.com.ar\/wp-content\/uploads\/2025\/07\/FERRARESI-presenta-la-lista-300x169.png 300w, https:\/\/www.visionweb.com.ar\/wp-content\/uploads\/2025\/07\/FERRARESI-presenta-la-lista.png 640w\" sizes=\"auto, (max-width: 300px) 100vw, 300px\" \/>El intendente de Avellaneda, Jorge Ferraresi, present\u00f3 los candidatos de Fuerza Patria por el distrito en un Plenario de la Militancia que se realiz\u00f3 en el Polideportivo Gatica.<\/p>\n<p>El titular del ejecutivo municipal encabeza la lista y no cedi\u00f3 lugares a los candidatos de La C\u00e1mpora.<\/p>\n<p>\u201cEn este tiempo, la militancia y la organizaci\u00f3n colectiva son claves para construir el triunfo y un futuro con esperanza para el pueblo. Es Axel Kicillof quien representa mejor que nadie a ese proyecto que tenemos que defender este 7 de septiembre\u201c, asegur\u00f3, dejando en claro su posicionamiento respecto al frente peronista.<\/p>\n<p>Y apunt\u00f3: \u201cAvellaneda es una ciudad modelo, con una mirada e impronta propia. Continuemos fortaleciendo este Estado eficaz y con pol\u00edticas p\u00fablicas universales. Construyamos la unidad con convicci\u00f3n y acci\u00f3n\u201d.<\/p>\n<p><strong>La lista<\/strong><\/p>\n<p>Tal como se ven\u00eda advirtiendo, Ferraresi se puso a la cabeza de la lista, para conseguir el mayor respaldo posible en las urnas. Detr\u00e1s aparecen Claudia Cecilia Colaso, Jos\u00e9 Gabriel Alessi, Nilda In\u00e9s Brovida y Santiago Ariel Pirolo.<\/p>\n<p>Completan la n\u00f3mina de candidatos a concejales Alba Gabriela Dorrego, Sebasti\u00e1n Vidal, Tamara Laura Perini, Ivo Lautaro Griego, Paula Natalia S\u00e1nchez, Alberto Emiliano Medaglia y Fabiana Andrea Calo. Germ\u00e1n Luis Santagada y Ludmila P\u00e9rez son los primeros suplentes.<\/p>\n<p>Para el puestos en el Consejo Escolar ir\u00e1n Emiliano Fari\u00f1a, Claudia Florencia Rodr\u00edguez, Mar\u00b4tin Fabio Arellano, Andrea Jimena Duarte y Rub\u00e9n Oscar Navarro. Claudia Mercela Galino, Jonathan Benninga, D\u00e9bora Loreley Solana, Pablo Ezequiel De Filippe y Anal\u00eda Daniela Carrera son los suplentes <strong>(VW)<\/strong>.<\/p>\n","protected":false},"excerpt":{"rendered":"<p>\u00abLa militancia y la organizaci\u00f3n colectiva son claves para construir el triunfo\u00bb, asegur\u00f3 el intendente de Avellaneda, Jorge Ferraresi quien encabeza la lista local de Fuerza Patria.<\/p>\n","protected":false},"author":3,"featured_media":18721,"comment_status":"closed","ping_status":"closed","sticky":false,"template":"","format":"standard","meta":{"_monsterinsights_skip_tracking":false,"_monsterinsights_sitenote_active":false,"_monsterinsights_sitenote_note":"","_monsterinsights_sitenote_category":0,"footnotes":""},"categories":[4],"tags":[1589,84,1989],"class_list":["post-18720","post","type-post","status-publish","format-standard","has-post-thumbnail","hentry","category-politica","tag-concejales","tag-ferraresi","tag-listas"],"_links":{"self":[{"href":"https:\/\/www.visionweb.com.ar\/index.php?rest_route=\/wp\/v2\/posts\/18720","targetHints":{"allow":["GET"]}}],"collection":[{"href":"https:\/\/www.visionweb.com.ar\/index.php?rest_route=\/wp\/v2\/posts"}],"about":[{"href":"https:\/\/www.visionweb.com.ar\/index.php?rest_route=\/wp\/v2\/types\/post"}],"author":[{"embeddable":true,"href":"https:\/\/www.visionweb.com.ar\/index.php?rest_route=\/wp\/v2\/users\/3"}],"replies":[{"embeddable":true,"href":"https:\/\/www.visionweb.com.ar\/index.php?rest_route=%2Fwp%2Fv2%2Fcomments&post=18720"}],"version-history":[{"count":1,"href":"https:\/\/www.visionweb.com.ar\/index.php?rest_route=\/wp\/v2\/posts\/18720\/revisions"}],"predecessor-version":[{"id":18722,"href":"https:\/\/www.visionweb.com.ar\/index.php?rest_route=\/wp\/v2\/posts\/18720\/revisions\/18722"}],"wp:featuredmedia":[{"embeddable":true,"href":"https:\/\/www.visionweb.com.ar\/index.php?rest_route=\/wp\/v2\/media\/18721"}],"wp:attachment":[{"href":"https:\/\/www.visionweb.com.ar\/index.php?rest_route=%2Fwp%2Fv2%2Fmedia&parent=18720"}],"wp:term":[{"taxonomy":"category","embeddable":true,"href":"https:\/\/www.visionweb.com.ar\/index.php?rest_route=%2Fwp%2Fv2%2Fcategories&post=18720"},{"taxonomy":"post_tag","embeddable":true,"href":"https:\/\/www.visionweb.com.ar\/index.php?rest_route=%2Fwp%2Fv2%2Ftags&post=18720"}],"curies":[{"name":"wp","href":"https:\/\/api.w.org\/{rel}","templated":true}]}}