{"id":18711,"date":"2025-07-30T07:53:17","date_gmt":"2025-07-30T10:53:17","guid":{"rendered":"https:\/\/www.visionweb.com.ar\/?p=18711"},"modified":"2025-07-30T09:55:43","modified_gmt":"2025-07-30T12:55:43","slug":"escalada-celebra-sus-102-anos","status":"publish","type":"post","link":"https:\/\/www.visionweb.com.ar\/?p=18711","title":{"rendered":"Escalada celebra sus 102 a\u00f1os"},"content":{"rendered":"<p><strong><em>Los espect\u00e1culos en vivo estar\u00e1n a cargo de 504, Locademia del Ritmo, Las Naves de Nylon, la murga Escalandombe, Peke\u00f1o Ser y Capit\u00e1n Sur.<\/em><\/strong><!--more--><\/p>\n<p><img loading=\"lazy\" decoding=\"async\" class=\"size-medium wp-image-18712 alignright\" src=\"https:\/\/www.visionweb.com.ar\/wp-content\/uploads\/2025\/07\/CIENTO-DOS-ANOS-ESCALADA-300x200.jpeg\" alt=\"\" width=\"300\" height=\"200\" srcset=\"https:\/\/www.visionweb.com.ar\/wp-content\/uploads\/2025\/07\/CIENTO-DOS-ANOS-ESCALADA-300x200.jpeg 300w, https:\/\/www.visionweb.com.ar\/wp-content\/uploads\/2025\/07\/CIENTO-DOS-ANOS-ESCALADA.jpeg 640w\" sizes=\"auto, (max-width: 300px) 100vw, 300px\" \/>Este s\u00e1bado 2 de agosto, a partir de las 12 y hasta las 18 horas, se celebrar\u00e1 el 102\u00b0 aniversario de Remedios de Escalada con una nueva edici\u00f3n del Festival \u201cEste es mi Barrio\u201d.<\/p>\n<p>La jornada se desarrollar\u00e1 en la Plaza Mariano Moreno, ubicada en Av. Hip\u00f3lito Yrigoyen 6200, con entrada libre y gratuita.<\/p>\n<p>Durante la tarde tocar\u00e1n bandas en vivo, habr\u00e1 feria de emprendimientos, artesan\u00edas y puestos gastron\u00f3micos y estar\u00e1 el Centro de Atenci\u00f3n Vecinal para que los vecinos y vecinas puedan recibir asesoramiento en tr\u00e1mites municipales.<\/p>\n<p>Los espect\u00e1culos en vivo estar\u00e1n a cargo de 504, Locademia del Ritmo, Las Naves de Nylon, la murga Escalandombe, Peke\u00f1o Ser y Capit\u00e1n Sur.<\/p>\n<p>Acompa\u00f1ar\u00e1n el Festival las siguientes instituciones barriales: Centro de Jubilados y Pensionados La Antena; Centro de Jubilados y Pensionados Vivencias; Centro de Jubilados y Pensionados 9 de Julio; Centro de Jubilados y Pensionados Siempre J\u00f3venes; Jard\u00edn de Infantes Pichoncitos N\u00b018; Centro Socio Educativo Julio Cao; Sociedad de Fomento y Centro de Jubilados Villa General Balcarce; Sociedad de Fomento La Amistad y la Sociedad Cultural y Recreativa Luz y Arte.<\/p>\n<p>Tambi\u00e9n ser\u00e1n de la partida el Rotary Club Remedios de Escalada; Escuela Municipal de Artes Pl\u00e1sticas; Museo Hist\u00f3rico Juan Pi\u00f1eiro; Club Atl\u00e9tico Talleres; Club Social y Deportivo Siglo XX; El Bosque de Natamacca; La Sucursal de La Luna y el Jard\u00edn Comunitario Rayito de Sol; Movimiento Vecinal Solidario; Banco Credicoop Cooperativo Limitado.<\/p>\n<p>Adem\u00e1s participar\u00e1n la Fundaci\u00f3n Pupi; Centro Cultural Escalada de Pie y los Bomberos Voluntarios de Lan\u00fas.<\/p>\n<p>El Festival \u00abEste es mi Barrio\u00bb es un programa que lleva adelante el gobierno del municipio de Lan\u00fas para celebrar los aniversarios de barrios y localidades de la ciudad.<\/p>\n<p>Durante el a\u00f1o pasado se llevaron a cabo diferentes ediciones, con una concurrencia masiva de vecinos y vecinas en cada una de estas jornadas, y contin\u00faan a lo largo de este 2025.<\/p>\n<p>En Remedios de Escalada se celebr\u00f3 el 101\u00b0 aniversario con la presencia de m\u00e1s de 1.500 personas.<strong>(VW)<\/strong><\/p>\n","protected":false},"excerpt":{"rendered":"<p>Los espect\u00e1culos en vivo estar\u00e1n a cargo de 504, Locademia del Ritmo, Las Naves de Nylon, la murga Escalandombe, Peke\u00f1o Ser y Capit\u00e1n Sur.<\/p>\n","protected":false},"author":3,"featured_media":18712,"comment_status":"closed","ping_status":"closed","sticky":false,"template":"","format":"standard","meta":{"_monsterinsights_skip_tracking":false,"_monsterinsights_sitenote_active":false,"_monsterinsights_sitenote_note":"","_monsterinsights_sitenote_category":0,"footnotes":""},"categories":[8],"tags":[3486,233,3319],"class_list":["post-18711","post","type-post","status-publish","format-standard","has-post-thumbnail","hentry","category-interes-general","tag-centenario","tag-escalada","tag-festejos"],"_links":{"self":[{"href":"https:\/\/www.visionweb.com.ar\/index.php?rest_route=\/wp\/v2\/posts\/18711","targetHints":{"allow":["GET"]}}],"collection":[{"href":"https:\/\/www.visionweb.com.ar\/index.php?rest_route=\/wp\/v2\/posts"}],"about":[{"href":"https:\/\/www.visionweb.com.ar\/index.php?rest_route=\/wp\/v2\/types\/post"}],"author":[{"embeddable":true,"href":"https:\/\/www.visionweb.com.ar\/index.php?rest_route=\/wp\/v2\/users\/3"}],"replies":[{"embeddable":true,"href":"https:\/\/www.visionweb.com.ar\/index.php?rest_route=%2Fwp%2Fv2%2Fcomments&post=18711"}],"version-history":[{"count":3,"href":"https:\/\/www.visionweb.com.ar\/index.php?rest_route=\/wp\/v2\/posts\/18711\/revisions"}],"predecessor-version":[{"id":18716,"href":"https:\/\/www.visionweb.com.ar\/index.php?rest_route=\/wp\/v2\/posts\/18711\/revisions\/18716"}],"wp:featuredmedia":[{"embeddable":true,"href":"https:\/\/www.visionweb.com.ar\/index.php?rest_route=\/wp\/v2\/media\/18712"}],"wp:attachment":[{"href":"https:\/\/www.visionweb.com.ar\/index.php?rest_route=%2Fwp%2Fv2%2Fmedia&parent=18711"}],"wp:term":[{"taxonomy":"category","embeddable":true,"href":"https:\/\/www.visionweb.com.ar\/index.php?rest_route=%2Fwp%2Fv2%2Fcategories&post=18711"},{"taxonomy":"post_tag","embeddable":true,"href":"https:\/\/www.visionweb.com.ar\/index.php?rest_route=%2Fwp%2Fv2%2Ftags&post=18711"}],"curies":[{"name":"wp","href":"https:\/\/api.w.org\/{rel}","templated":true}]}}