{"id":18705,"date":"2025-07-29T16:16:47","date_gmt":"2025-07-29T19:16:47","guid":{"rendered":"https:\/\/www.visionweb.com.ar\/?p=18705"},"modified":"2025-07-29T16:29:00","modified_gmt":"2025-07-29T19:29:00","slug":"mas-de-200-empresas-participaron-en-una-rueda-de-negocios-en-moron","status":"publish","type":"post","link":"https:\/\/www.visionweb.com.ar\/?p=18705","title":{"rendered":"M\u00e1s de 200 empresas participaron en una rueda de negocios en Mor\u00f3n"},"content":{"rendered":"<p><em><strong>El encuentro se realiz\u00f3 en el marco de \u00abExpo Mor\u00f3n se muestra\u00bb.\u00a0 Se realizaron m\u00e1s de 600 entrevistas de negocios.<\/strong><\/em> <!--more--><\/p>\n<p><img loading=\"lazy\" decoding=\"async\" class=\"size-medium wp-image-18708 alignright\" src=\"https:\/\/www.visionweb.com.ar\/wp-content\/uploads\/2025\/07\/ENCEUTRO-PYME-EN-MORON-300x200.png\" alt=\"\" width=\"300\" height=\"200\" srcset=\"https:\/\/www.visionweb.com.ar\/wp-content\/uploads\/2025\/07\/ENCEUTRO-PYME-EN-MORON-300x200.png 300w, https:\/\/www.visionweb.com.ar\/wp-content\/uploads\/2025\/07\/ENCEUTRO-PYME-EN-MORON.png 640w\" sizes=\"auto, (max-width: 300px) 100vw, 300px\" \/>Un total de 215 empresas\u00a0 PyMEs, cooperativas y grandes empresas fueron protagonistas de la 14\u00aa Edici\u00f3n de Rondas de Negocios, en lo que va del a\u00f1o organizado por la municipalidad de Mor\u00f3n y la Provincia, en el marco de \u00abExpo Mor\u00f3n se Muestra\u00bb<\/p>\n<p>El encuentro fue encabezado, este lunes, por el ministro de Producci\u00f3n, Ciencia e Innovaci\u00f3n Tecnol\u00f3gica de la bonaerense, Augusto Costa,junto al intendente local, Lucas Ghi.<\/p>\n<p>En esta Ronda de Negocios se inscribieron 215 pymes, cooperativas y grandes empresas de la zona, que concretaron casi 600 entrevistas de negocios.<\/p>\n<p>Las empresarias y empresarios participantes, adem\u00e1s, pudieron conocer las distintas pol\u00edticas vigentes en la provincia de Buenos Aires para impulsar la producci\u00f3n, la comercializaci\u00f3n, el apoyo t\u00e9cnico y el financiamiento, como la Escuela Productiva Bonaerense, Producci\u00f3n Bonaerense, Cl\u00ednica Tecnol\u00f3gica, o las garant\u00edas del Fondo de Garant\u00edas Buenos Aires (FOGABA), entre otras.<\/p>\n<p>\u201cEste encuentro, es una se\u00f1al para el Gobierno Nacional para que cambie su pol\u00edtica, para que entienda que tiene que hablar directamente con los actores productivos, con las pymes, en vez de hablar con sus amigos de la banca internacional, el Fondo y las mesas de dinero\u201d, se\u00f1al\u00f3 el ministro Augusto Costa.<\/p>\n<p>\u201cHoy se castiga a los productores pymes, se estigmatiza a la industria nacional y se les genera un entorno donde es muy dif\u00edcil sostener la viabilidad de sus negocios, pero no es por culpa de ellos, sino por las pol\u00edticas macroecon\u00f3micas y por la deserci\u00f3n del Estado Nacional\u201d, expres\u00f3 el titular de la cartera productiva bonaerense. Y a\u00f1adi\u00f3: \u201cEntonces la Provincia viene y con herramientas como las Rondas de Negocios demuestra la potencia del sector, que genera producci\u00f3n, empleo y oportunidades para los vecinos y vecinas\u201d.<\/p>\n<p><img loading=\"lazy\" decoding=\"async\" class=\"size-medium wp-image-18706 alignleft\" src=\"https:\/\/www.visionweb.com.ar\/wp-content\/uploads\/2025\/07\/AUGUSTO-COSTA-300x200.png\" alt=\"\" width=\"300\" height=\"200\" srcset=\"https:\/\/www.visionweb.com.ar\/wp-content\/uploads\/2025\/07\/AUGUSTO-COSTA-300x200.png 300w, https:\/\/www.visionweb.com.ar\/wp-content\/uploads\/2025\/07\/AUGUSTO-COSTA.png 640w\" sizes=\"auto, (max-width: 300px) 100vw, 300px\" \/>Por su parte, el intendente Lucas Ghi subray\u00f3: \u201cUna empresa que vende, crece y genera una l\u00ednea productiva es empleo, desarrollo, integraci\u00f3n, salarios de calidad y a eso es a lo que apostamos. Pensando en l\u00edneas estrat\u00e9gicas de desarrollo, venimos trabajando con algunos cl\u00fasters que est\u00e1n creciendo y empiezan a generar buenos resultados y todo eso es posible porque el Gobernador Axel Kicillof ha dispuesto que el proyecto sea validado por el Consejo Federal de Inversiones y es absolutamente determinante el acompa\u00f1amiento del Ministerio de Producci\u00f3n, Ciencia e Innovaci\u00f3n Tecnol\u00f3gica, del equipo de Augusto Costa,\u201d.<\/p>\n<p>Las Rondas de Negocios son una iniciativa provincial que lleva adelante la gesti\u00f3n del Gobernador Axel Kicillof desde 2022 y que fomenta a las pymes locales, propicia encuentros de trabajo, crea instancias para nuevos proyectos en el sector privado, genera contactos comerciales y permite difundir las diversas pol\u00edticas p\u00fablicas vigentes en la Provincia. Hasta el momento 18.800 empresas bonaerenses ya participaron, dando lugar a m\u00e1s de 60.400 entrevistas de negocios.<\/p>\n<p>La<strong> Expo Mor\u00f3n Se Muestra<\/strong> es un evento que promueve el desarrollo econ\u00f3mico local, que cuenta con el apoyo del <strong>gobierno bonaerense y del Consejo Federal de Inversiones (CFI)<\/strong> y que tiene como objetivo promover el <strong>emprendedurismo, el cooperativismo, la producci\u00f3n y la econom\u00eda social.<\/strong><\/p>\n<p>Las pr\u00f3ximas Rondas de Negocios organizadas por el Estado provincial ser\u00e1n la Ronda Multisectorial de Ensenada (31\/7), la Ronda Multisectorial de San Mart\u00edn (8\/8, en el marco de Expo Ciudad Pyme) y la Ronda Multisectorial de Bah\u00eda Blanca (13\/8, en el Dow Center local).<\/p>\n<p>Para acceder a m\u00e1s informaci\u00f3n o inscribirse en las Rondas de Negocios de la Provincia, ingresar en: <strong>https:\/\/www.gba.gob.ar\/produccion\/ronda_de_negocios<\/strong><\/p>\n<p>En la Ronda de Negocios de Mor\u00f3n tambi\u00e9n participaron <strong>la subsecretaria de Industria y Pymes de la Provincia, Mariela Bembi, el subsecretario de Desarrollo Comercial y Promoci\u00f3n de Inversiones bonaerense, Ariel Aguilar; la presidenta del FOGABA, Ver\u00f3nica Wejchenberg y el subsecretario de Relaciones Institucionales del Ministerio de Desarrollo de la Comunidad, Adri\u00e1n Grana;<\/strong> as\u00ed como tambi\u00e9n representantes de distintos organismos provinciales como la Comisi\u00f3n de Investigaciones Cient\u00edficas (CIC), Banco Provincia, el Ministerio de Ambiente de la Provincia, la Autoridad del Agua y Radio Provincia<strong>(VW)<\/strong>.<\/p>\n","protected":false},"excerpt":{"rendered":"<p>El encuentro se realiz\u00f3 en el marco de \u00abExpo Mor\u00f3n se muestra\u00bb.\u00a0 Se realizaron m\u00e1s de 600 entrevistas de negocios.<\/p>\n","protected":false},"author":3,"featured_media":18708,"comment_status":"closed","ping_status":"closed","sticky":false,"template":"","format":"standard","meta":{"_monsterinsights_skip_tracking":false,"_monsterinsights_sitenote_active":false,"_monsterinsights_sitenote_note":"","_monsterinsights_sitenote_category":0,"footnotes":""},"categories":[1],"tags":[1397,3322,7447,7965],"class_list":["post-18705","post","type-post","status-publish","format-standard","has-post-thumbnail","hentry","category-uncategorized","tag-acosta","tag-moron","tag-negocios","tag-ronda"],"_links":{"self":[{"href":"https:\/\/www.visionweb.com.ar\/index.php?rest_route=\/wp\/v2\/posts\/18705","targetHints":{"allow":["GET"]}}],"collection":[{"href":"https:\/\/www.visionweb.com.ar\/index.php?rest_route=\/wp\/v2\/posts"}],"about":[{"href":"https:\/\/www.visionweb.com.ar\/index.php?rest_route=\/wp\/v2\/types\/post"}],"author":[{"embeddable":true,"href":"https:\/\/www.visionweb.com.ar\/index.php?rest_route=\/wp\/v2\/users\/3"}],"replies":[{"embeddable":true,"href":"https:\/\/www.visionweb.com.ar\/index.php?rest_route=%2Fwp%2Fv2%2Fcomments&post=18705"}],"version-history":[{"count":3,"href":"https:\/\/www.visionweb.com.ar\/index.php?rest_route=\/wp\/v2\/posts\/18705\/revisions"}],"predecessor-version":[{"id":18710,"href":"https:\/\/www.visionweb.com.ar\/index.php?rest_route=\/wp\/v2\/posts\/18705\/revisions\/18710"}],"wp:featuredmedia":[{"embeddable":true,"href":"https:\/\/www.visionweb.com.ar\/index.php?rest_route=\/wp\/v2\/media\/18708"}],"wp:attachment":[{"href":"https:\/\/www.visionweb.com.ar\/index.php?rest_route=%2Fwp%2Fv2%2Fmedia&parent=18705"}],"wp:term":[{"taxonomy":"category","embeddable":true,"href":"https:\/\/www.visionweb.com.ar\/index.php?rest_route=%2Fwp%2Fv2%2Fcategories&post=18705"},{"taxonomy":"post_tag","embeddable":true,"href":"https:\/\/www.visionweb.com.ar\/index.php?rest_route=%2Fwp%2Fv2%2Ftags&post=18705"}],"curies":[{"name":"wp","href":"https:\/\/api.w.org\/{rel}","templated":true}]}}