{"id":18701,"date":"2025-07-29T13:12:35","date_gmt":"2025-07-29T16:12:35","guid":{"rendered":"https:\/\/www.visionweb.com.ar\/?p=18701"},"modified":"2025-07-29T13:12:35","modified_gmt":"2025-07-29T16:12:35","slug":"el-adios-a-la-campeona-locomotora-oliveras-en-santa-fe","status":"publish","type":"post","link":"https:\/\/www.visionweb.com.ar\/?p=18701","title":{"rendered":"El adi\u00f3s a la campeona \u201cLocomotora\u201d Oliveras en Santa Fe"},"content":{"rendered":"<p><em><strong>La trascendencia de Oliveras se eleva desde el mundo deportivo, al social y pol\u00edtico. Desde las primeras horas de este martes familiares y c\u00edrculo \u00edntimo realizan el velatorio de la renombrada boxeadora en una sala de la Recoleta santafesina. Durante esta tarde, se realizar\u00e1 lo propio en la Legislatura. Se declararon tres d\u00edas de duelo.<\/strong><\/em><!--more--><\/p>\n<p><img loading=\"lazy\" decoding=\"async\" class=\"size-medium wp-image-18702 alignright\" src=\"https:\/\/www.visionweb.com.ar\/wp-content\/uploads\/2025\/07\/locomotora-oliveras-300x169.png\" alt=\"\" width=\"300\" height=\"169\" srcset=\"https:\/\/www.visionweb.com.ar\/wp-content\/uploads\/2025\/07\/locomotora-oliveras-300x169.png 300w, https:\/\/www.visionweb.com.ar\/wp-content\/uploads\/2025\/07\/locomotora-oliveras.png 447w\" sizes=\"auto, (max-width: 300px) 100vw, 300px\" \/>\u00a0 <strong>D<\/strong>esde esta ma\u00f1ana en la ciudad de\u00a0<strong>Santa Fe<\/strong>\u00a0se realiza el velatorio de\u00a0<strong>Alejandra \u201cLocomotora\u201d Oliveras<\/strong>, la mentada boxeadora campeona, y tambi\u00e9n convencional constituyente electa, que falleci\u00f3 en horas de la tarde de ayer lunes 28 de julio. El Gobierno provincial en homenaje,\u00a0<strong>declar\u00f3 duelo en todo el territorio santafesino durante tres d\u00edas<\/strong>.<\/p>\n<p>Seg\u00fan inform\u00f3\u00a0<strong>El Litoral<\/strong>, la despedida de los restos de Oliveras se lleva a cabo en una casa de velatorio de la Recoleta santafesina, con la participaci\u00f3n de familiares y su c\u00edrculo \u00edntimo.<\/p>\n<p>Al lugar, ubicado sobre Obispo Gelabert al 2400 de la capital provincial, llegaron equipos de prensa de medios nacionales y regionales, por la <strong>trascendencia de Oliveras no s\u00f3lo en el mundo deportivo sino tambi\u00e9n social y pol\u00edtico<\/strong>.<\/p>\n<p>Luego los restos ser\u00e1n trasladados al hall de la Legislatura. El lugar estar\u00e1 abierto al p\u00fablico de 17 a 21 para el \u00faltimo adi\u00f3s de sus seguidores, fan\u00e1ticos y conocidos.<\/p>\n<p>La inhumaci\u00f3n de \u201cLocomotora\u201d se llevar\u00e1 a cabo este mi\u00e9rcoles en el\u00a0<strong>Cementerio Municipal de Santa Fe<\/strong>.<\/p>\n<p><strong>Una vida de lucha y sue\u00f1os: \u00abNac\u00ed para ser feliz\u00bb, repet\u00eda como un mantra.<\/strong><\/p>\n<p><strong>Su historia<\/strong>, tan compleja como <strong>inspiradora<\/strong>, refleja una vida plagada de adversidades, triunfos y decisiones que marcaron a fuego su trayectoria. Desde la pobreza extrema hasta alcanzar <strong>la gloria en el boxeo<\/strong> y, m\u00e1s tarde, incursionar en<strong> la pol\u00edtica<\/strong>, Oliveras vivi\u00f3 con intensidad cada paso de su camino. Su historia est\u00e1 llena de luces, que invita a la reflexi\u00f3n, por haber sabido sortear abismos.<\/p>\n<p>Duelo<\/p>\n<p>El <strong>decreto provincial 1602\/2025<\/strong>, que lleva la firma del <strong>gobernador<\/strong>\u00a0<strong>Maximiliano Pullaro<\/strong>\u00a0y del <strong>ministro de Gobierno e Innovaci\u00f3n P\u00fablica<\/strong>\u00a0<strong>Fab\u00e1n Bastia<\/strong>, estableci\u00f3 <strong>72 horas de duelo<\/strong> en el territorio santafesino por la muerte de la exdeportista.<\/p>\n<p>\u201cDisp\u00f3nese que la Bandera Nacional y de la Provincia de Santa Fe, permanezcan <strong>a media asta en todos los edificios p\u00fablicos provinciales durante el per\u00edodo de duelo<\/strong>\u201d, dice el documento oficial fechado este lunes 28.<\/p>\n<p>As\u00ed, en cumplimiento de este protocolo, este martes estaban las banderas de Santa Fe y Argentina a media asta en la c\u00e9ntrica plaza 25 de Mayo.<\/p>\n<p>En tanto, en lo que respecta la Convenci\u00f3n Reformadora, se suspendi\u00f3 la agenda prevista para este martes y el nombre de\u00a0<strong>Ver\u00f3nica Colombo<\/strong>\u00a0asoma como el <strong>reemplazo de Oliveras dentro del espacio Frente de la Esperanza<\/strong>.<\/p>\n<p>En la pr\u00f3xima sesi\u00f3n, sin fecha confirmada de momento, se realizar\u00e1 un minuto de silencio a modo de homenaje por \u201cLocomotora\u201d. <strong>(VW)<\/strong><\/p>\n","protected":false},"excerpt":{"rendered":"<p>La trascendencia de Oliveras se eleva desde el mundo deportivo, al social y pol\u00edtico. Desde las primeras horas de este martes familiares y c\u00edrculo \u00edntimo realizan el velatorio de la renombrada boxeadora en una&#46;&#46;&#46;<\/p>\n","protected":false},"author":4,"featured_media":18702,"comment_status":"closed","ping_status":"closed","sticky":false,"template":"","format":"standard","meta":{"_monsterinsights_skip_tracking":false,"_monsterinsights_sitenote_active":false,"_monsterinsights_sitenote_note":"","_monsterinsights_sitenote_category":0,"footnotes":""},"categories":[8,5],"tags":[500,6393,7964,3168],"class_list":["post-18701","post","type-post","status-publish","format-standard","has-post-thumbnail","hentry","category-interes-general","category-sociedad","tag-decreto","tag-duelo-nacional","tag-locomotora-oliveras","tag-santa-fe"],"_links":{"self":[{"href":"https:\/\/www.visionweb.com.ar\/index.php?rest_route=\/wp\/v2\/posts\/18701","targetHints":{"allow":["GET"]}}],"collection":[{"href":"https:\/\/www.visionweb.com.ar\/index.php?rest_route=\/wp\/v2\/posts"}],"about":[{"href":"https:\/\/www.visionweb.com.ar\/index.php?rest_route=\/wp\/v2\/types\/post"}],"author":[{"embeddable":true,"href":"https:\/\/www.visionweb.com.ar\/index.php?rest_route=\/wp\/v2\/users\/4"}],"replies":[{"embeddable":true,"href":"https:\/\/www.visionweb.com.ar\/index.php?rest_route=%2Fwp%2Fv2%2Fcomments&post=18701"}],"version-history":[{"count":1,"href":"https:\/\/www.visionweb.com.ar\/index.php?rest_route=\/wp\/v2\/posts\/18701\/revisions"}],"predecessor-version":[{"id":18703,"href":"https:\/\/www.visionweb.com.ar\/index.php?rest_route=\/wp\/v2\/posts\/18701\/revisions\/18703"}],"wp:featuredmedia":[{"embeddable":true,"href":"https:\/\/www.visionweb.com.ar\/index.php?rest_route=\/wp\/v2\/media\/18702"}],"wp:attachment":[{"href":"https:\/\/www.visionweb.com.ar\/index.php?rest_route=%2Fwp%2Fv2%2Fmedia&parent=18701"}],"wp:term":[{"taxonomy":"category","embeddable":true,"href":"https:\/\/www.visionweb.com.ar\/index.php?rest_route=%2Fwp%2Fv2%2Fcategories&post=18701"},{"taxonomy":"post_tag","embeddable":true,"href":"https:\/\/www.visionweb.com.ar\/index.php?rest_route=%2Fwp%2Fv2%2Ftags&post=18701"}],"curies":[{"name":"wp","href":"https:\/\/api.w.org\/{rel}","templated":true}]}}