{"id":18699,"date":"2025-07-29T12:44:04","date_gmt":"2025-07-29T15:44:04","guid":{"rendered":"https:\/\/www.visionweb.com.ar\/?p=18699"},"modified":"2025-07-29T12:44:04","modified_gmt":"2025-07-29T15:44:04","slug":"el-dia-de-la-ninez-sera-el-17-de-agosto","status":"publish","type":"post","link":"https:\/\/www.visionweb.com.ar\/?p=18699","title":{"rendered":"El D\u00eda de la Ni\u00f1ez ser\u00e1 el 17 de agosto"},"content":{"rendered":"<p><em><strong>La CAME inform\u00f3 que se mantiene en su fecha original. Anteriormente se hab\u00eda anunciado que lo adelantar\u00edan una semana, pero finalmente quedar\u00e1 para el tercer domingo de agosto.<\/strong><\/em><!--more--><\/p>\n<p><strong> <img loading=\"lazy\" decoding=\"async\" class=\"size-medium wp-image-16886 alignright\" src=\"https:\/\/www.visionweb.com.ar\/wp-content\/uploads\/2025\/01\/juguetes-25-300x173.png\" alt=\"\" width=\"300\" height=\"173\" srcset=\"https:\/\/www.visionweb.com.ar\/wp-content\/uploads\/2025\/01\/juguetes-25-300x173.png 300w, https:\/\/www.visionweb.com.ar\/wp-content\/uploads\/2025\/01\/juguetes-25.png 621w\" sizes=\"auto, (max-width: 300px) 100vw, 300px\" \/>\u00a0\u00a0\u00a0 L<\/strong>a <strong>Confederaci\u00f3n Argentina de la Mediana Empresa (CAME)<\/strong> inform\u00f3 que, si bien hace unos meses se hab\u00eda anunciado que el\u00a0<strong>D\u00eda de la Ni\u00f1ez<\/strong>\u00a0iba a adelantarse al segundo domingo de agosto (10 de agosto), la <strong>C\u00e1mara Argentina de la Industria del Juguete (CAIJ) precis\u00f3 que se mantiene la fecha original del 17 de agosto<\/strong>.<\/p>\n<p><strong>Ser\u00e1<\/strong>, como es habitual, <strong>el tercer domingo de ese mes<\/strong>. En consecuencia,\u00a0<strong>este a\u00f1o el D\u00eda de la Ni\u00f1ez se conmemorar\u00e1 el domingo 17 de agosto.<\/strong><\/p>\n<p>Originalmente, se hab\u00eda decidido cambiar la fecha a partir de la suspensi\u00f3n de las elecciones Primarias, Abiertas, Simult\u00e1neas y Obligatorias (PASO).<\/p>\n<p>Sin embargo, la entidad que agrupa a las jugueter\u00edas explic\u00f3 que\u00a0<strong>\u201cpara evitar confusiones o interpretaciones err\u00f3neas o pol\u00edticas, se ha optado por mantener la fecha correspondiente al tercer domingo de agosto\u201d. (VW)<\/strong><\/p>\n<p>&nbsp;<\/p>\n","protected":false},"excerpt":{"rendered":"<p>La CAME inform\u00f3 que se mantiene en su fecha original. Anteriormente se hab\u00eda anunciado que lo adelantar\u00edan una semana, pero finalmente quedar\u00e1 para el tercer domingo de agosto.<\/p>\n","protected":false},"author":4,"featured_media":16886,"comment_status":"closed","ping_status":"closed","sticky":false,"template":"","format":"standard","meta":{"_monsterinsights_skip_tracking":false,"_monsterinsights_sitenote_active":false,"_monsterinsights_sitenote_note":"","_monsterinsights_sitenote_category":0,"footnotes":""},"categories":[8,5],"tags":[7963,7149,309,2851],"class_list":["post-18699","post","type-post","status-publish","format-standard","has-post-thumbnail","hentry","category-interes-general","category-sociedad","tag-17-de-agosto","tag-caij","tag-came","tag-dia-de-la-ninez"],"_links":{"self":[{"href":"https:\/\/www.visionweb.com.ar\/index.php?rest_route=\/wp\/v2\/posts\/18699","targetHints":{"allow":["GET"]}}],"collection":[{"href":"https:\/\/www.visionweb.com.ar\/index.php?rest_route=\/wp\/v2\/posts"}],"about":[{"href":"https:\/\/www.visionweb.com.ar\/index.php?rest_route=\/wp\/v2\/types\/post"}],"author":[{"embeddable":true,"href":"https:\/\/www.visionweb.com.ar\/index.php?rest_route=\/wp\/v2\/users\/4"}],"replies":[{"embeddable":true,"href":"https:\/\/www.visionweb.com.ar\/index.php?rest_route=%2Fwp%2Fv2%2Fcomments&post=18699"}],"version-history":[{"count":1,"href":"https:\/\/www.visionweb.com.ar\/index.php?rest_route=\/wp\/v2\/posts\/18699\/revisions"}],"predecessor-version":[{"id":18700,"href":"https:\/\/www.visionweb.com.ar\/index.php?rest_route=\/wp\/v2\/posts\/18699\/revisions\/18700"}],"wp:featuredmedia":[{"embeddable":true,"href":"https:\/\/www.visionweb.com.ar\/index.php?rest_route=\/wp\/v2\/media\/16886"}],"wp:attachment":[{"href":"https:\/\/www.visionweb.com.ar\/index.php?rest_route=%2Fwp%2Fv2%2Fmedia&parent=18699"}],"wp:term":[{"taxonomy":"category","embeddable":true,"href":"https:\/\/www.visionweb.com.ar\/index.php?rest_route=%2Fwp%2Fv2%2Fcategories&post=18699"},{"taxonomy":"post_tag","embeddable":true,"href":"https:\/\/www.visionweb.com.ar\/index.php?rest_route=%2Fwp%2Fv2%2Ftags&post=18699"}],"curies":[{"name":"wp","href":"https:\/\/api.w.org\/{rel}","templated":true}]}}