{"id":18697,"date":"2025-07-29T12:35:38","date_gmt":"2025-07-29T15:35:38","guid":{"rendered":"https:\/\/www.visionweb.com.ar\/?p=18697"},"modified":"2025-07-29T12:35:38","modified_gmt":"2025-07-29T15:35:38","slug":"desde-el-viernes-1o-aumentan-colectivos-y-subtes","status":"publish","type":"post","link":"https:\/\/www.visionweb.com.ar\/?p=18697","title":{"rendered":"Desde el viernes 1\u00ba aumentan colectivos y subtes"},"content":{"rendered":"<p><em><strong>A partir del viernes,\u00a0aumentan las tarifas del subte porte\u00f1o, que subir\u00e1 a $1.032; el boleto de colectivos de la Ciudad de Buenos Aires, que ser\u00e1 de $509, y de las l\u00edneas que circulan exclusivamente por la Provincia, a $506.<\/strong><\/em><!--more--><\/p>\n<p><strong> <img loading=\"lazy\" decoding=\"async\" class=\"size-medium wp-image-13232 alignright\" src=\"https:\/\/www.visionweb.com.ar\/wp-content\/uploads\/2024\/01\/Subte-D-gob-ciudad-300x193.png\" alt=\"\" width=\"300\" height=\"193\" srcset=\"https:\/\/www.visionweb.com.ar\/wp-content\/uploads\/2024\/01\/Subte-D-gob-ciudad-300x193.png 300w, https:\/\/www.visionweb.com.ar\/wp-content\/uploads\/2024\/01\/Subte-D-gob-ciudad.png 532w\" sizes=\"auto, (max-width: 300px) 100vw, 300px\" \/>\u00a0\u00a0\u00a0\u00a0\u00a0\u00a0\u00a0\u00a0 C<\/strong>onforme a la f\u00f3rmula de actualizaci\u00f3n por el \u00edndice inflacionario vigente, aumentar\u00e1n los pasajes de transporte p\u00fablico de pasajeros desde el <strong>pr\u00f3ximo viernes 1 de agosto<\/strong>. As\u00ed, <strong>el pasaje del subte en CABA trepar\u00e1 a $1.032,<\/strong> mientras que el boleto m\u00ednimo de\u00a0<strong>colectivos de esa jurisdicci\u00f3n saltar\u00e1 a $509<\/strong>, y para los que recorren el\u00a0<strong>territorio bonaerense ser\u00e1 de $506<\/strong>.<\/p>\n<p>Los incrementos surgen a partir de c\u00e1lculos realizados por el<strong>\u00a0Observatorio de Tarifas y Subsidios del Instituto Interdisciplinario de Econom\u00eda Pol\u00edtica (IIEP) de UBA-CONICET<\/strong>\u00a0en su \u00faltimo informe.<\/p>\n<p>El relevamiento destac\u00f3, adem\u00e1s, que el gasto en <strong>transporte en el \u00c1rea Metropolitana de Buenos Aires (AMBA) aument\u00f3 el 770% desde el inicio de la gesti\u00f3n de Javier Milei<\/strong>, en diciembre de 2023.<\/p>\n<p><img loading=\"lazy\" decoding=\"async\" class=\"size-medium wp-image-17974 alignleft\" src=\"https:\/\/www.visionweb.com.ar\/wp-content\/uploads\/2025\/04\/COLECTIVO-SUBE-300x168.png\" alt=\"\" width=\"300\" height=\"168\" srcset=\"https:\/\/www.visionweb.com.ar\/wp-content\/uploads\/2025\/04\/COLECTIVO-SUBE-300x168.png 300w, https:\/\/www.visionweb.com.ar\/wp-content\/uploads\/2025\/04\/COLECTIVO-SUBE.png 640w\" sizes=\"auto, (max-width: 300px) 100vw, 300px\" \/>\u201cTomando un promedio ponderado de las tarifas de transporte del interior, su valor medio al mes de julio\u00a0<strong>se ubica en $1.218, mientras que el boleto m\u00ednimo de colectivo del AMBA se ubica en $451, para la Ciudad de Buenos Aires en $489 y para el Gran Buenos Aires en $490<\/strong>. Por su parte el boleto m\u00ednimo de trenes en el AMBA es de $280 y el de subte asciende a $996\u2033, puntualiz\u00f3 el relevamiento.<\/p>\n<p>\u201cComparado a otras ciudades de la regi\u00f3n, e<strong>l transporte del AMBA sigue siendo econ\u00f3mico en relaci\u00f3n con el salario m\u00ednimo<\/strong>, mientras que <strong>el transporte en el interior es el m\u00e1s oneroso<\/strong>\u201d, destac\u00f3.<\/p>\n<p>En otro de sus datos destacados, el informe advirti\u00f3 sobre un <strong>desplome en la cantidad de pasajeros que viajan en el subte <\/strong>porte\u00f1o.\u00a0<strong>\u201cComparado a los tr\u00e1ficos registrados a 2019, la ca\u00edda es superior al 40%\u201d<\/strong>, indic\u00f3 el documento, que atribuy\u00f3 la baja a dos razones: \u201cLa emergencia del teletrabajo durante la pandemia, lo que motiv\u00f3 una ca\u00edda de los viajes laborales-semanales, y la pronunciada brecha entre la tarifa del subte y la tarifa de medios alternativos como el colectivo\u201d. <strong>(VW)<\/strong><\/p>\n<p>&nbsp;<\/p>\n","protected":false},"excerpt":{"rendered":"<p>A partir del viernes,\u00a0aumentan las tarifas del subte porte\u00f1o, que subir\u00e1 a $1.032; el boleto de colectivos de la Ciudad de Buenos Aires, que ser\u00e1 de $509, y de las l\u00edneas que circulan exclusivamente&#46;&#46;&#46;<\/p>\n","protected":false},"author":4,"featured_media":13232,"comment_status":"closed","ping_status":"closed","sticky":false,"template":"","format":"standard","meta":{"_monsterinsights_skip_tracking":false,"_monsterinsights_sitenote_active":false,"_monsterinsights_sitenote_note":"","_monsterinsights_sitenote_category":0,"footnotes":""},"categories":[6,4],"tags":[7961,7962],"class_list":["post-18697","post","type-post","status-publish","format-standard","has-post-thumbnail","hentry","category-economia","category-politica","tag-aumentan-subtes-y-colectivos","tag-viernes-1-de-agosto"],"_links":{"self":[{"href":"https:\/\/www.visionweb.com.ar\/index.php?rest_route=\/wp\/v2\/posts\/18697","targetHints":{"allow":["GET"]}}],"collection":[{"href":"https:\/\/www.visionweb.com.ar\/index.php?rest_route=\/wp\/v2\/posts"}],"about":[{"href":"https:\/\/www.visionweb.com.ar\/index.php?rest_route=\/wp\/v2\/types\/post"}],"author":[{"embeddable":true,"href":"https:\/\/www.visionweb.com.ar\/index.php?rest_route=\/wp\/v2\/users\/4"}],"replies":[{"embeddable":true,"href":"https:\/\/www.visionweb.com.ar\/index.php?rest_route=%2Fwp%2Fv2%2Fcomments&post=18697"}],"version-history":[{"count":1,"href":"https:\/\/www.visionweb.com.ar\/index.php?rest_route=\/wp\/v2\/posts\/18697\/revisions"}],"predecessor-version":[{"id":18698,"href":"https:\/\/www.visionweb.com.ar\/index.php?rest_route=\/wp\/v2\/posts\/18697\/revisions\/18698"}],"wp:featuredmedia":[{"embeddable":true,"href":"https:\/\/www.visionweb.com.ar\/index.php?rest_route=\/wp\/v2\/media\/13232"}],"wp:attachment":[{"href":"https:\/\/www.visionweb.com.ar\/index.php?rest_route=%2Fwp%2Fv2%2Fmedia&parent=18697"}],"wp:term":[{"taxonomy":"category","embeddable":true,"href":"https:\/\/www.visionweb.com.ar\/index.php?rest_route=%2Fwp%2Fv2%2Fcategories&post=18697"},{"taxonomy":"post_tag","embeddable":true,"href":"https:\/\/www.visionweb.com.ar\/index.php?rest_route=%2Fwp%2Fv2%2Ftags&post=18697"}],"curies":[{"name":"wp","href":"https:\/\/api.w.org\/{rel}","templated":true}]}}