{"id":18695,"date":"2025-07-29T08:43:03","date_gmt":"2025-07-29T11:43:03","guid":{"rendered":"https:\/\/www.visionweb.com.ar\/?p=18695"},"modified":"2025-07-29T08:48:05","modified_gmt":"2025-07-29T11:48:05","slug":"mas-de-14-millones-de-bonaerenses-votaran-el-7-de-septiembre","status":"publish","type":"post","link":"https:\/\/www.visionweb.com.ar\/?p=18695","title":{"rendered":"M\u00e1s de 14 millones de bonaerenses  votar\u00e1n el 7 de septiembre"},"content":{"rendered":"<p><em><strong>De ese total, 13.361.359 son argentinas y 1.015.232, extranjeras, uno de cada catorce votantes habilitados es extranjero. Esa cantidad de extranjeros pondr\u00edan considerarse la novena secci\u00f3n electoral.<\/strong><\/em><!--more--><\/p>\n<p><img loading=\"lazy\" decoding=\"async\" class=\"size-medium wp-image-17541 alignleft\" src=\"https:\/\/www.visionweb.com.ar\/wp-content\/uploads\/2025\/03\/ELECCIONES-300x166.png\" alt=\"\" width=\"300\" height=\"166\" srcset=\"https:\/\/www.visionweb.com.ar\/wp-content\/uploads\/2025\/03\/ELECCIONES-300x166.png 300w, https:\/\/www.visionweb.com.ar\/wp-content\/uploads\/2025\/03\/ELECCIONES.png 640w\" sizes=\"auto, (max-width: 300px) 100vw, 300px\" \/>M\u00e1s de\u00a0<strong>14 millones de bonaerenses podr\u00e1n votar en las elecciones legislativas que tendr\u00e1n lugar el 7 de septiembre<\/strong>, un mes y medio antes de las nacionales de octubre seg\u00fan inform\u00f3 la Junta Electoral de la Provincia de Buenos Aires, que acaba de publicar el\u00a0<a href=\"https:\/\/padron.gba.gob.ar\/\">padr\u00f3n completo para su consulta en l\u00ednea<\/a>.<\/p>\n<p>El total de personas en condiciones de votar en los comicios de septiembre es de 14.376.591, de las cuales\u00a0 <strong>13.361.359 son argentinas y 1.015.232, extranjeras.\u00a0<\/strong>Es decir que uno de cada catorce votantes habilitados es extranjero. Por eso se los puede considerar la novena secci\u00f3n electoral.<\/p>\n<p>Tanto entre los argentinos como entre los extranjeros,\u00a0<strong>las mujeres superan ligeramente en n\u00famero a los varones en el padr\u00f3n electoral<\/strong>.<\/p>\n<p>Las argentinas habilitadas para votar en septiembre son 6.795.909, y los varones, 6.564.739. En el caso del padr\u00f3n de extranjeros, ellas son 532.339 y ellos, 482.892.<\/p>\n<p>Si se hacen las sumas respectivas, las cuentas no cierran con exactitud. Es porque adem\u00e1s de hombres y mujeres hay\u00a0<strong>personas de g\u00e9nero no binario incluidas en el padr\u00f3n. S\u00f3lo una de estas personas es extranjera; las restantes 711 son argentinas.<\/strong><\/p>\n<p>El padr\u00f3n puede consultarse en la direcci\u00f3n web del Padr\u00f3n electoral. All\u00ed se puede verificar la inclusi\u00f3n y consultar el lugar de votaci\u00f3n, incluyendo la mesa y el n\u00famero de orden<\/p>\n<p>La provincia de Buenos Aires est\u00e1 dividida en 8 secciones electorales. La tercera secci\u00f3n con 4.846.000 es la que concentra la mayor cantidad de votantes habilitados para sufragar. En segundo lugar aparece la la Primera secci\u00f3n electoral con 4.796.000 ciudadanos habilitados para sufragar y, la que menor cantidad de votantes tiene es\u00a0 la s\u00e9ptima Secci\u00f3n electroralk con 277.250 ciudadanos en condiciones de emitir su sufragio. <strong>(VW)<\/strong>.<\/p>\n","protected":false},"excerpt":{"rendered":"<p>De ese total, 13.361.359 son argentinas y 1.015.232, extranjeras, uno de cada catorce votantes habilitados es extranjero. Esa cantidad de extranjeros pondr\u00edan considerarse la novena secci\u00f3n electoral.<\/p>\n","protected":false},"author":3,"featured_media":17541,"comment_status":"closed","ping_status":"closed","sticky":false,"template":"","format":"standard","meta":{"_monsterinsights_skip_tracking":false,"_monsterinsights_sitenote_active":false,"_monsterinsights_sitenote_note":"","_monsterinsights_sitenote_category":0,"footnotes":""},"categories":[1],"tags":[650,340,4736],"class_list":["post-18695","post","type-post","status-publish","format-standard","has-post-thumbnail","hentry","category-uncategorized","tag-bonaerenses","tag-elecciones","tag-votantes"],"_links":{"self":[{"href":"https:\/\/www.visionweb.com.ar\/index.php?rest_route=\/wp\/v2\/posts\/18695","targetHints":{"allow":["GET"]}}],"collection":[{"href":"https:\/\/www.visionweb.com.ar\/index.php?rest_route=\/wp\/v2\/posts"}],"about":[{"href":"https:\/\/www.visionweb.com.ar\/index.php?rest_route=\/wp\/v2\/types\/post"}],"author":[{"embeddable":true,"href":"https:\/\/www.visionweb.com.ar\/index.php?rest_route=\/wp\/v2\/users\/3"}],"replies":[{"embeddable":true,"href":"https:\/\/www.visionweb.com.ar\/index.php?rest_route=%2Fwp%2Fv2%2Fcomments&post=18695"}],"version-history":[{"count":1,"href":"https:\/\/www.visionweb.com.ar\/index.php?rest_route=\/wp\/v2\/posts\/18695\/revisions"}],"predecessor-version":[{"id":18696,"href":"https:\/\/www.visionweb.com.ar\/index.php?rest_route=\/wp\/v2\/posts\/18695\/revisions\/18696"}],"wp:featuredmedia":[{"embeddable":true,"href":"https:\/\/www.visionweb.com.ar\/index.php?rest_route=\/wp\/v2\/media\/17541"}],"wp:attachment":[{"href":"https:\/\/www.visionweb.com.ar\/index.php?rest_route=%2Fwp%2Fv2%2Fmedia&parent=18695"}],"wp:term":[{"taxonomy":"category","embeddable":true,"href":"https:\/\/www.visionweb.com.ar\/index.php?rest_route=%2Fwp%2Fv2%2Fcategories&post=18695"},{"taxonomy":"post_tag","embeddable":true,"href":"https:\/\/www.visionweb.com.ar\/index.php?rest_route=%2Fwp%2Fv2%2Ftags&post=18695"}],"curies":[{"name":"wp","href":"https:\/\/api.w.org\/{rel}","templated":true}]}}