{"id":18688,"date":"2025-07-29T07:50:23","date_gmt":"2025-07-29T10:50:23","guid":{"rendered":"https:\/\/www.visionweb.com.ar\/?p=18688"},"modified":"2025-07-29T07:50:23","modified_gmt":"2025-07-29T10:50:23","slug":"bianco-destaco-el-esfuerzo-de-los-candidatos-para-el-armado-de-una-lista-de-unidad","status":"publish","type":"post","link":"https:\/\/www.visionweb.com.ar\/?p=18688","title":{"rendered":"Bianco destac\u00f3 el esfuerzo de los candidatos para el armado de una lista de unidad"},"content":{"rendered":"<p><strong><em>Llegar\u00e1 al 7 de septiembre con una lista de unidad Fuerza Patria. Bianco confront\u00f3 con el oficialismo nacional por el rumbo econ\u00f3mico del pa\u00eds.<\/em><\/strong> <!--more--><\/p>\n<p>El ministro de Gobierno de la provincia de Buenos Aires, Carlos Bianco, dio algunas precisiones\u00a0 pol\u00edticas de cara a las elecciones legislativas del pr\u00f3ximo 7 de septiembre.<\/p>\n<p>En una rueda de prensa, afirm\u00f3 que <strong>Fuerza Patria<\/strong> ya est\u00e1 enfocada en la contienda electoral: <em>\u201cYa estamos en modo campa\u00f1a\u201d<\/em> y asegur\u00f3 que \u201c<em>quieren ganar\u201d<\/em> para evitar que \u201cs<em>iga ingresando la motosierra del presidente Javier Milei\u201d.<\/em><\/p>\n<p><em>\u201cSer\u00e1 una elecci\u00f3n absolutamente clave, decidimos <\/em><em>poner a los mejores candidatos, a los m\u00e1s competitivos porque queremos ganar la elecci\u00f3n\u201d <\/em>sostuvo Bianco, al referirse a la estrategia del oficialismo.<\/p>\n<p>El funcionario vincul\u00f3 el resultado electoral con el futuro institucional de la provincia: <em>\u201cMilei par\u00f3 mil obras p\u00fablicas en la provincia de Buenos Aires. Imagin\u00e1te si, adem\u00e1s de seguir con sus pol\u00edticas de ajuste a nivel macro, siguen con las mismas pol\u00edticas sus legisladores a nivel provincial o municipal\u2026 Mir\u00e1 si siguen levantando la mano para votar leyes que tengan que ver con los recortes, \u00bfqui\u00e9n se va a hacer cargo de la gente?\u201d, <\/em>advirti\u00f3 la mano derecha de Kicillof en la administraci\u00f3n bonaerense.<\/p>\n<p>Bianco reconoci\u00f3 que el cierre de listas fue<em> \u201cun proceso complejo\u201d,<\/em> aunque aclar\u00f3 que esa situaci\u00f3n se dio <em>\u201cen todos los espacios porque es en un momento muy particular de la pol\u00edtica\u201d<\/em>.<\/p>\n<p>En ese sentido, destac\u00f3 que los distintos sectores que integran el oficialismo lograron consensos: <em>\u201cTodos los movimientos que integran Fuerza Patria hicieron un gran esfuerzo. Hemos logrado poner a los mejores candidatos en cada secci\u00f3n. A\u00fan no se oficializaron las listas porque hay un tiempo pertinente, pero el esquema ya est\u00e1 establecido\u201d.<\/em><\/p>\n<p>Al referirse al acto realizado en Quilmes, subray\u00f3: <em>\u201cDimos una muestra de unidad como corresponde. Los pr\u00f3ximos d\u00edas se tratar\u00e1 de convencer a los bonaerenses que hay dos maneras de gobernar: la de Milei con ajustes y recortes y la del Gobierno provincial donde salimos a contener esa situaci\u00f3n y damos respuestas\u201d<\/em>.<\/p>\n<p>En paralelo al armado electoral, Bianco tambi\u00e9n brind\u00f3 detalles sobre la organizaci\u00f3n del operativo de seguridad, la coordinaci\u00f3n con el Correo Argentino y el simulacro de votaci\u00f3n previsto para el 23 de agosto, aspectos que forman parte del despliegue general previsto para los comicios legislativos en territorio bonaerense<strong>(VW)<\/strong>.<\/p>\n","protected":false},"excerpt":{"rendered":"<p>Llegar\u00e1 al 7 de septiembre con una lista de unidad Fuerza Patria. Bianco confront\u00f3 con el oficialismo nacional por el rumbo econ\u00f3mico del pa\u00eds.<\/p>\n","protected":false},"author":3,"featured_media":12994,"comment_status":"closed","ping_status":"closed","sticky":false,"template":"","format":"standard","meta":{"_monsterinsights_skip_tracking":false,"_monsterinsights_sitenote_active":false,"_monsterinsights_sitenote_note":"","_monsterinsights_sitenote_category":0,"footnotes":""},"categories":[1],"tags":[540,3912,3387,6727],"class_list":["post-18688","post","type-post","status-publish","format-standard","has-post-thumbnail","hentry","category-uncategorized","tag-bianco","tag-politica","tag-quimes","tag-unidad"],"_links":{"self":[{"href":"https:\/\/www.visionweb.com.ar\/index.php?rest_route=\/wp\/v2\/posts\/18688","targetHints":{"allow":["GET"]}}],"collection":[{"href":"https:\/\/www.visionweb.com.ar\/index.php?rest_route=\/wp\/v2\/posts"}],"about":[{"href":"https:\/\/www.visionweb.com.ar\/index.php?rest_route=\/wp\/v2\/types\/post"}],"author":[{"embeddable":true,"href":"https:\/\/www.visionweb.com.ar\/index.php?rest_route=\/wp\/v2\/users\/3"}],"replies":[{"embeddable":true,"href":"https:\/\/www.visionweb.com.ar\/index.php?rest_route=%2Fwp%2Fv2%2Fcomments&post=18688"}],"version-history":[{"count":1,"href":"https:\/\/www.visionweb.com.ar\/index.php?rest_route=\/wp\/v2\/posts\/18688\/revisions"}],"predecessor-version":[{"id":18689,"href":"https:\/\/www.visionweb.com.ar\/index.php?rest_route=\/wp\/v2\/posts\/18688\/revisions\/18689"}],"wp:featuredmedia":[{"embeddable":true,"href":"https:\/\/www.visionweb.com.ar\/index.php?rest_route=\/wp\/v2\/media\/12994"}],"wp:attachment":[{"href":"https:\/\/www.visionweb.com.ar\/index.php?rest_route=%2Fwp%2Fv2%2Fmedia&parent=18688"}],"wp:term":[{"taxonomy":"category","embeddable":true,"href":"https:\/\/www.visionweb.com.ar\/index.php?rest_route=%2Fwp%2Fv2%2Fcategories&post=18688"},{"taxonomy":"post_tag","embeddable":true,"href":"https:\/\/www.visionweb.com.ar\/index.php?rest_route=%2Fwp%2Fv2%2Ftags&post=18688"}],"curies":[{"name":"wp","href":"https:\/\/api.w.org\/{rel}","templated":true}]}}