{"id":18685,"date":"2025-07-28T15:51:09","date_gmt":"2025-07-28T18:51:09","guid":{"rendered":"https:\/\/www.visionweb.com.ar\/?p=18685"},"modified":"2025-07-28T15:51:09","modified_gmt":"2025-07-28T18:51:09","slug":"el-peronismo-presento-un-proyecto-de-ley-para-frenar-la-privatizacion-de-aysa","status":"publish","type":"post","link":"https:\/\/www.visionweb.com.ar\/?p=18685","title":{"rendered":"El peronismo present\u00f3 un proyecto de ley para frenar la privatizaci\u00f3n de AySA"},"content":{"rendered":"<p><em><strong>El senador \u201cWado\u201d de Pedro y once legisladores de UxP presentaron un proyecto para frenar la privatizaci\u00f3n de AySA porque el agua es un derecho. AySA \u201cya hab\u00eda sido privatizada en los 90\u201d, per\u00edodo en el que se \u201cduplicaron tarifas, no invirtieron un peso y los residuos cloacales se volcaban al r\u00edo sin tratamiento\u201d,record\u00f3 de Pedro.<\/strong><\/em><!--more--><\/p>\n<p><strong> <img loading=\"lazy\" decoding=\"async\" class=\"size-full wp-image-11726 alignright\" src=\"https:\/\/www.visionweb.com.ar\/wp-content\/uploads\/2023\/09\/aysa-3.png\" alt=\"\" width=\"298\" height=\"166\" \/>\u00a0\u00a0 E<\/strong>l\u00a0<strong>senador nacional Eduardo\u00a0<\/strong>\u201c<strong>Wado<\/strong>\u201d\u00a0<strong>de Pedro<\/strong>, acompa\u00f1ado por otros once legisladores de\u00a0<strong>Uni\u00f3n por la Patria<\/strong>\u00a0(<strong>UxP<\/strong>), present\u00f3 un proyecto de ley para frenar la privatizaci\u00f3n total de\u00a0<a href=\"https:\/\/www.aysa.com.ar\/\"><strong>Aguas y Saneamientos Argentinos<\/strong>\u00a0(<strong>AySA<\/strong>)<\/a>.<\/p>\n<p>Esta iniciativa surgi\u00f3 luego de que el Gobierno Nacional autorizara el procedimiento \u201cpara la privatizaci\u00f3n total de <strong>Agua y Saneamientos Argentinos S.A<\/strong>.\u201d mediante el Decreto de Necesidad y Urgencia N.\u00ba <strong>494\/2025<\/strong>.<\/p>\n<p>Desde sus redes sociales, sostuvo que\u00a0<strong>el agua potable \u201ces esencial para la vida, la salud y el desarrollo de millones de argentinos\u201d<\/strong>\u00a0y que su administraci\u00f3n \u201cdebe tender al bien com\u00fan y no a la rentabilidad de nadie\u201d.<\/p>\n<p>Asimismo, record\u00f3 que\u00a0<strong>durante la gesti\u00f3n estatal de AYSA \u201c4,5 millones de personas\u201d accedieron \u201cpor primera vez\u201d al servicio de agua corriente y \u201c3,6 millones a la red de cloacas\u201d<\/strong>.<\/p>\n<p>Adem\u00e1s, destac\u00f3 que se invirti\u00f3 \u201c20 veces m\u00e1s\u201d que cuando Aguas Argentinas estaba bajo capitales privados.<\/p>\n<p>\u201cLa cobertura pas\u00f3 del 79% a m\u00e1s del 85% en agua potable, y del 60% al 70% en cloacas. Se construyeron nueve plantas depuradoras, una gran potabilizadora y se hicieron cientos de obras. La cantidad de cortes baj\u00f3 un 57% y su duraci\u00f3n se redujo en un 72%\u201d, expres\u00f3 de Pedro.<\/p>\n<p><strong><img loading=\"lazy\" decoding=\"async\" class=\"size-medium wp-image-7734 alignleft\" src=\"https:\/\/www.visionweb.com.ar\/wp-content\/uploads\/2022\/10\/aysa-300x208.jpg\" alt=\"\" width=\"300\" height=\"208\" srcset=\"https:\/\/www.visionweb.com.ar\/wp-content\/uploads\/2022\/10\/aysa-300x208.jpg 300w, https:\/\/www.visionweb.com.ar\/wp-content\/uploads\/2022\/10\/aysa.bmp 596w\" sizes=\"auto, (max-width: 300px) 100vw, 300px\" \/>La semana pasada, el bloque de diputados de Uni\u00f3n por la Patria (UxP) rechaz\u00f3 el decreto de privatizaci\u00f3n AYSA<\/strong>, debido a que consideran que esa medida est\u00e1 \u201corientada a <strong>desguazar las condiciones de control p\u00fablico sobre un servicio esencial<\/strong>\u201d.<\/p>\n<p>A la vez, de Pedro record\u00f3 que\u00a0<strong>AySA \u201cya hab\u00eda sido privatizada en los 90\u201d, per\u00edodo en el que se \u201cduplicaron tarifas, no invirtieron un peso y los residuos cloacales se volcaban al r\u00edo sin tratamiento\u201d<\/strong>. Y agreg\u00f3: \u201c<strong>Volver a privatizarla ser\u00eda retroceder tres d\u00e9cadas<\/strong>\u201d.<\/p>\n<p>\u201cAySA es de las y los argentinos.\u00a0<strong>Estos proyectos buscan protegerla y dejar claro que defender la administraci\u00f3n estatal de estos servicios p\u00fablicos es defender la soberan\u00eda, el bien com\u00fan, la salud y la vida de nuestro pueblo<\/strong>\u201d, concluy\u00f3. <strong>(VW)<\/strong><\/p>\n","protected":false},"excerpt":{"rendered":"<p>El senador \u201cWado\u201d de Pedro y once legisladores de UxP presentaron un proyecto para frenar la privatizaci\u00f3n de AySA porque el agua es un derecho. AySA \u201cya hab\u00eda sido privatizada en los 90\u201d, per\u00edodo&#46;&#46;&#46;<\/p>\n","protected":false},"author":4,"featured_media":11726,"comment_status":"closed","ping_status":"closed","sticky":false,"template":"","format":"standard","meta":{"_monsterinsights_skip_tracking":false,"_monsterinsights_sitenote_active":false,"_monsterinsights_sitenote_note":"","_monsterinsights_sitenote_category":0,"footnotes":""},"categories":[4],"tags":[7959,934],"class_list":["post-18685","post","type-post","status-publish","format-standard","has-post-thumbnail","hentry","category-politica","tag-proyecto-contra-privatizacion-de-aysa","tag-wado-de-pedro"],"_links":{"self":[{"href":"https:\/\/www.visionweb.com.ar\/index.php?rest_route=\/wp\/v2\/posts\/18685","targetHints":{"allow":["GET"]}}],"collection":[{"href":"https:\/\/www.visionweb.com.ar\/index.php?rest_route=\/wp\/v2\/posts"}],"about":[{"href":"https:\/\/www.visionweb.com.ar\/index.php?rest_route=\/wp\/v2\/types\/post"}],"author":[{"embeddable":true,"href":"https:\/\/www.visionweb.com.ar\/index.php?rest_route=\/wp\/v2\/users\/4"}],"replies":[{"embeddable":true,"href":"https:\/\/www.visionweb.com.ar\/index.php?rest_route=%2Fwp%2Fv2%2Fcomments&post=18685"}],"version-history":[{"count":1,"href":"https:\/\/www.visionweb.com.ar\/index.php?rest_route=\/wp\/v2\/posts\/18685\/revisions"}],"predecessor-version":[{"id":18686,"href":"https:\/\/www.visionweb.com.ar\/index.php?rest_route=\/wp\/v2\/posts\/18685\/revisions\/18686"}],"wp:featuredmedia":[{"embeddable":true,"href":"https:\/\/www.visionweb.com.ar\/index.php?rest_route=\/wp\/v2\/media\/11726"}],"wp:attachment":[{"href":"https:\/\/www.visionweb.com.ar\/index.php?rest_route=%2Fwp%2Fv2%2Fmedia&parent=18685"}],"wp:term":[{"taxonomy":"category","embeddable":true,"href":"https:\/\/www.visionweb.com.ar\/index.php?rest_route=%2Fwp%2Fv2%2Fcategories&post=18685"},{"taxonomy":"post_tag","embeddable":true,"href":"https:\/\/www.visionweb.com.ar\/index.php?rest_route=%2Fwp%2Fv2%2Ftags&post=18685"}],"curies":[{"name":"wp","href":"https:\/\/api.w.org\/{rel}","templated":true}]}}