{"id":18683,"date":"2025-07-28T15:36:34","date_gmt":"2025-07-28T18:36:34","guid":{"rendered":"https:\/\/www.visionweb.com.ar\/?p=18683"},"modified":"2025-07-28T15:36:34","modified_gmt":"2025-07-28T18:36:34","slug":"fuerte-rechazo-de-ate-a-la-baja-de-retenciones-al-campo","status":"publish","type":"post","link":"https:\/\/www.visionweb.com.ar\/?p=18683","title":{"rendered":"Fuerte rechazo de ATE a la baja de retenciones al campo"},"content":{"rendered":"<p><em><strong>\u201cQued\u00f3 claro que plata hay\u201d dijo Rodolfo Aguiar, y denunci\u00f3 que el equilibrio fiscal que permite la baja de retenciones al campo es producto del ajuste en jubilaciones y salarios del sector p\u00fablico.<\/strong><\/em><!--more--><\/p>\n<p><strong><img loading=\"lazy\" decoding=\"async\" class=\"size-medium wp-image-13653 alignright\" src=\"https:\/\/www.visionweb.com.ar\/wp-content\/uploads\/2024\/02\/Paro-de-ATE-300x152.png\" alt=\"\" width=\"300\" height=\"152\" srcset=\"https:\/\/www.visionweb.com.ar\/wp-content\/uploads\/2024\/02\/Paro-de-ATE-300x152.png 300w, https:\/\/www.visionweb.com.ar\/wp-content\/uploads\/2024\/02\/Paro-de-ATE.png 575w\" sizes=\"auto, (max-width: 300px) 100vw, 300px\" \/>\u00a0\u00a0\u00a0 L<\/strong>a\u00a0<strong>Asociaci\u00f3n Trabajadores del Estado (ATE) rechaz\u00f3 la baja de retenciones al campo<\/strong>\u00a0que anunci\u00f3 el presidente Milei durante el fin de semana en la Exposici\u00f3n Rural de Palermo. \u201cQued\u00f3 claro que plata hay\u201d, asegur\u00f3 Rodolfo Aguiar.<\/p>\n<p>Quien a la vez ahond\u00f3: \u201c<strong>Qued\u00f3 claro que plata hay, pero que son insaciables y s\u00f3lo se la llevan ellos<\/strong>. El problema de la Argentina nunca fueron los pobres, sino los ricos y su manera de acumular\u201d.<\/p>\n<p>\u201c<strong>Es repugnante que el presidente en un mismo acto decida regalarle 1.250 millones de d\u00f3lares a la oligarqu\u00eda del campo y vetar las ayudas para los jubilados y personas con discapacidad.<\/strong>\u00a0Tenemos que seguir transformando este asco en bronca\u201d, se\u00f1al\u00f3 el secretario general de ATE Nacional.<\/p>\n<p>En esta l\u00ednea, \u201cAdem\u00e1s, ya ha quedado demostrado que bajarle los impuestos a los ricos no trae reactivaci\u00f3n econ\u00f3mica. Porque siempre se llevaron la plata afuera\u201d, apunt\u00f3.<\/p>\n<p>Y denunci\u00f3: \u201cEs evidente que este nuevo beneficio a los mismos que aplaud\u00edan a Videla es con la nuestra. Decir que se pueden bajar las retenciones gracias al super\u00e1vit fiscal es la prueba, porque\u00a0<strong>ese supuesto equilibrio fiscal se construy\u00f3 principalmente sobre los recortes en las jubilaciones y los salarios en el sector p\u00fablico<\/strong>\u201d, agreg\u00f3 Aguiar.<\/p>\n<p>Cabe recordar que durante el \u00faltimo a\u00f1o paritario, que va desde junio de 2024 a mayo del 2025, los aumentos a los salarios de la administraci\u00f3n p\u00fablica nacional (20,8%) fueron menos de la mitad de la evoluci\u00f3n de los precios en el mismo periodo (43,5%), con una brecha del 22,7%.<\/p>\n<p>Asimismo, el sindicalista asegur\u00f3 que \u201ccon este Gobierno\u00a0<strong>solo gana un grupito de millonarios<\/strong>\u201d y \u201chay que cambiarlo\u201d. \u201cLos ni\u00f1os se van a dormir\u00a0<strong>sin comer<\/strong>, los j<strong>ubilados <\/strong>no tienen medicamentos y lo que ganan\u00a0<strong>no les alcanza para come<\/strong>r, hay que volver a cobrarle un impuesto sobre sus fortunas\u201d, apunt\u00f3 el dirigente nacional y cerr\u00f3: \u201cNo podemos permitir que sigan estigmatizando el concepto de justicia social\u201d. <strong>(VW)<\/strong><\/p>\n<p>&nbsp;<\/p>\n","protected":false},"excerpt":{"rendered":"<p>\u201cQued\u00f3 claro que plata hay\u201d dijo Rodolfo Aguiar, y denunci\u00f3 que el equilibrio fiscal que permite la baja de retenciones al campo es producto del ajuste en jubilaciones y salarios del sector p\u00fablico.<\/p>\n","protected":false},"author":4,"featured_media":13653,"comment_status":"closed","ping_status":"closed","sticky":false,"template":"","format":"standard","meta":{"_monsterinsights_skip_tracking":false,"_monsterinsights_sitenote_active":false,"_monsterinsights_sitenote_note":"","_monsterinsights_sitenote_category":0,"footnotes":""},"categories":[4,5],"tags":[2719,7958,5396],"class_list":["post-18683","post","type-post","status-publish","format-standard","has-post-thumbnail","hentry","category-politica","category-sociedad","tag-ate","tag-repudio-por-baja-de-retenciones-al-campo","tag-rodolfo-aguiar"],"_links":{"self":[{"href":"https:\/\/www.visionweb.com.ar\/index.php?rest_route=\/wp\/v2\/posts\/18683","targetHints":{"allow":["GET"]}}],"collection":[{"href":"https:\/\/www.visionweb.com.ar\/index.php?rest_route=\/wp\/v2\/posts"}],"about":[{"href":"https:\/\/www.visionweb.com.ar\/index.php?rest_route=\/wp\/v2\/types\/post"}],"author":[{"embeddable":true,"href":"https:\/\/www.visionweb.com.ar\/index.php?rest_route=\/wp\/v2\/users\/4"}],"replies":[{"embeddable":true,"href":"https:\/\/www.visionweb.com.ar\/index.php?rest_route=%2Fwp%2Fv2%2Fcomments&post=18683"}],"version-history":[{"count":1,"href":"https:\/\/www.visionweb.com.ar\/index.php?rest_route=\/wp\/v2\/posts\/18683\/revisions"}],"predecessor-version":[{"id":18684,"href":"https:\/\/www.visionweb.com.ar\/index.php?rest_route=\/wp\/v2\/posts\/18683\/revisions\/18684"}],"wp:featuredmedia":[{"embeddable":true,"href":"https:\/\/www.visionweb.com.ar\/index.php?rest_route=\/wp\/v2\/media\/13653"}],"wp:attachment":[{"href":"https:\/\/www.visionweb.com.ar\/index.php?rest_route=%2Fwp%2Fv2%2Fmedia&parent=18683"}],"wp:term":[{"taxonomy":"category","embeddable":true,"href":"https:\/\/www.visionweb.com.ar\/index.php?rest_route=%2Fwp%2Fv2%2Fcategories&post=18683"},{"taxonomy":"post_tag","embeddable":true,"href":"https:\/\/www.visionweb.com.ar\/index.php?rest_route=%2Fwp%2Fv2%2Ftags&post=18683"}],"curies":[{"name":"wp","href":"https:\/\/api.w.org\/{rel}","templated":true}]}}