{"id":18677,"date":"2025-07-26T16:58:12","date_gmt":"2025-07-26T19:58:12","guid":{"rendered":"https:\/\/www.visionweb.com.ar\/?p=18677"},"modified":"2025-07-26T16:58:32","modified_gmt":"2025-07-26T19:58:32","slug":"sin-criticas-pero-con-reclamos-pino-inauguro-la-137-expoi-rural-2025","status":"publish","type":"post","link":"https:\/\/www.visionweb.com.ar\/?p=18677","title":{"rendered":"SIn cr\u00edticas pero con reclamos Pino inaugur\u00f3 la 137 Expoi Rural 2025"},"content":{"rendered":"<p><strong><em>\u00abLas retenciones son nefastas y siniestras. Fueron el resultado deliberado de un plan de la pol\u00edtica y perpetuado por la casta a lo largo del tiempo. \u00bfPara qu\u00e9? Para exprimir al sector m\u00e1s pujante del pa\u00eds\u00bb, dijo Milei.<\/em><\/strong><!--more--><\/p>\n<div id=\"attachment_18678\" style=\"width: 310px\" class=\"wp-caption alignright\"><img loading=\"lazy\" decoding=\"async\" aria-describedby=\"caption-attachment-18678\" class=\"wp-image-18678 size-medium\" src=\"https:\/\/www.visionweb.com.ar\/wp-content\/uploads\/2025\/07\/INAUGURACION-EXPO-RURAL-2025-300x200.png\" alt=\"\" width=\"300\" height=\"200\" srcset=\"https:\/\/www.visionweb.com.ar\/wp-content\/uploads\/2025\/07\/INAUGURACION-EXPO-RURAL-2025-300x200.png 300w, https:\/\/www.visionweb.com.ar\/wp-content\/uploads\/2025\/07\/INAUGURACION-EXPO-RURAL-2025.png 640w\" sizes=\"auto, (max-width: 300px) 100vw, 300px\" \/><p id=\"caption-attachment-18678\" class=\"wp-caption-text\"><em><strong>El presidente de las SRA, Nicol\u00e1s Pino junto al presidente de la Naci\u00f3n, Javier Milei (Foto: Prensa SRA)<\/strong><\/em><\/p><\/div>\n<p>En medio de una ma\u00f1ana fr\u00eda, con un cielo cubierto, arribo a las 10.55 el presidente de la Naci\u00f3n, Javier Milei al predio ferial de Palermo, para inaugurar la Expo Rural 2025.<\/p>\n<p>El presidente Mile\u00ed, lleg\u00f3 a la pista central de ferial de Palermo en una camioneta Toyota,\u00a0 acompa\u00f1ado por su hermana Karina, Secretaria General de la Presidencia y del ministro de Econom\u00eda Luis Caputo, hasta el acceso al palco oficial donde fue recibido por el el presidente la Sociedad Rural Argentina, Nicol\u00e1s Pino y una vez instalados en el palco oficial.<\/p>\n<p>Luego de interpretado el himno nacional argentino a cargo de la Fanfarria Alto Per\u00fa del del Cuerpo de Granaderos, Pino comenz\u00f3 su discurso recordando una frase de Aristoteles \u00abla \u00fanica verdad es la realidad\u00bb<\/p>\n<p>En ese sentido Pino reconoci\u00f3 \u00ablos avances que ha habido en el pa\u00eds desde el a\u00f1o pasado, pero tambi\u00e9n se\u00f1alar lo que falta por hacer. Porque si algo tenemos claro es ad\u00f3nde <em>no queremos<\/em> volver\u00bb<\/p>\n<p>Pino aclar\u00f3 que \u00abla SRA busca facilitar en todos los \u00f3rdenes el desenvolvimiento de los productores. Est\u00e1 interesada, en consecuencia, en el logro del bien com\u00fan en el pa\u00eds entero, del cual los productores somos parte\u00bb.<\/p>\n<p>Al respecto el dirigente rural asegur\u00f3 que: \u00abQueremos seguir manteniendo un di\u00e1logo productivo con el Gobierno. En el terreno de las alianzas, sin embargo, el campo no es un aliado partidario. Es, exclusivamente, un aliado de la Argentina.<\/p>\n<p>Al mismo tiempo: \u00abtenemos mucho para ofrecer: si tuvi\u00e9ramos las condiciones adecuadas, podr\u00edamos producir m\u00e1s del doble de lo que producimos. El mundo demanda lo que hacemos, y nosotros sabemos hacerlo. Debemos poder trabajar <em>junto<\/em> con la Naci\u00f3n, las Provincias y los Municipios\u00bb, apunt\u00f3.<\/p>\n<p>En tanto, en la pista central\u00a0 del predio palermitano estaban formados los campeones de las especies\u00a0\u00a0 bovinas, ovinas, equinas, porcinas y tras especies.<\/p>\n<p>El presidente de la Rural, si bien evit\u00f3 hacer cr\u00edticas a la actual gesti\u00f3n de Gobierno, con la que el campo \u00abtiene un buen di\u00e1logo y permanente\u00bb, no por eso dejo de insistir con los planteos que desde siempre hizo el campo, en particular en lo referido a las retenciones.<\/p>\n<p>Al respecto abog\u00f3 porque se contin\u00fae \u00abreduciendo la carga impositiva, para liberar nuestra capacidad productiva. Esto incluye, eliminar las retenciones. Pero tambi\u00e9n eliminar las superposiciones impositivas\u00bb.<\/p>\n<p><strong>El Presidente Milei<\/strong><\/p>\n<p>En su discurso pronunciado en la Rural, <em>el presidente de Argentina, Javier Milei,<\/em> anunci\u00f3 que se bajan los derechos de exportaci\u00f3n a los granos gruesos (soja, ma\u00edz, girasol y sorgo), y tambi\u00e9n a las exportaciones de carne y se\u00f1al\u00f3 que estas retenciones \u201cse mantendr\u00e1n las bajas\u201d.<\/p>\n<div class=\"article-body\" data-tadevel-template=\"web\/article-body\">\n<div class=\"article-body-content\">\n<p>\u00abLas retenciones son nefastas y siniestras. Fueron el resultado deliberado de un plan de la pol\u00edtica y perpetuado por la casta a lo largo del tiempo. \u00bfPara qu\u00e9? Para exprimir al sector m\u00e1s pujante del pa\u00eds\u00bb, dijo Milei.<\/p>\n<p><strong>Milei dijo que las exportaciones de soja bajar\u00e1n desde hoy del 33 al 26 por ciento y las de subproductos de soja del 31% a 24,5%. Luego,\u00a0<\/strong><strong>las dex del ma\u00edz y sorgo bajan de 12% a 9,5% y las de girasol de 7% a 5,5%. En todos los casos, la baja general es de 20%.<\/strong><\/p>\n<p style=\"text-align: left;\"><strong><span style=\"color: #008000;\">En el caso de la carne, bajan de 6.75% al 5% para la vacuna y la aviar. El porcentaje en estos casos fue en promedio de 26%<\/span><\/strong><em><span style=\"color: #008000;\">.<\/span><\/em><\/p>\n<p>En el caso de los granos, las DEX vuelven al nivel que tuvieron entre enero y el 30 de junio, cuando el Gobierno tom\u00f3 esa medida en forma transitoria para alentar la liquidaci\u00f3n de soja y ma\u00edz. Culminado ese plazo, el 1 de julio las al\u00edcuotas volvieron al nivel original, decisi\u00f3n que gener\u00f3 mucho malestar entre los productores.<\/p>\n<p>En tanto, uno d\u00edas antes, se hab\u00eda anunciado una rebaja de 20% en el caso del<strong> trigo y la cebada<\/strong> del 12 al 9,5%, cuya campa\u00f1a 2025-26 ya estaba en marcha, se anunci\u00f3 que la rebaja se manten\u00eda hasta marzo del a\u00f1o que viene. As\u00ed, para estos 2 casos, <strong>Milei asegur\u00f3 que \u201cno tendr\u00e1n vuelta atr\u00e1s mientras yo est\u00e9 en el Gobierno\u201d.<\/strong><\/p>\n<p>\u201cEliminar las retenciones es una obsesi\u00f3n para nuestra gesti\u00f3n y hemos dado muchos avances en esa direcci\u00f3n\u201d, dijo. Y remarc\u00f3: \u201cYa eliminamos las retenciones a las econom\u00edas regionales, al sector l\u00e1cteo, a la carne porcina y algunos segmentos de carne vacuna, pero es muy importante tener presente que<strong> todo esto es posible \u00fanicamente y gracias al super\u00e1vit fiscal que hemos conseguido<\/strong>, al cual cuidamos como agua en el desierto ante los embates sistem\u00e1ticos de la casta pol\u00edtica\u201d<strong>(VW\/NAP).<\/strong><\/p>\n<\/div>\n<\/div>\n","protected":false},"excerpt":{"rendered":"<p>\u00abLas retenciones son nefastas y siniestras. Fueron el resultado deliberado de un plan de la pol\u00edtica y perpetuado por la casta a lo largo del tiempo. \u00bfPara qu\u00e9? Para exprimir al sector m\u00e1s pujante&#46;&#46;&#46;<\/p>\n","protected":false},"author":3,"featured_media":18678,"comment_status":"closed","ping_status":"closed","sticky":false,"template":"","format":"standard","meta":{"_monsterinsights_skip_tracking":false,"_monsterinsights_sitenote_active":false,"_monsterinsights_sitenote_note":"","_monsterinsights_sitenote_category":0,"footnotes":""},"categories":[1],"tags":[],"class_list":["post-18677","post","type-post","status-publish","format-standard","has-post-thumbnail","hentry","category-uncategorized"],"_links":{"self":[{"href":"https:\/\/www.visionweb.com.ar\/index.php?rest_route=\/wp\/v2\/posts\/18677","targetHints":{"allow":["GET"]}}],"collection":[{"href":"https:\/\/www.visionweb.com.ar\/index.php?rest_route=\/wp\/v2\/posts"}],"about":[{"href":"https:\/\/www.visionweb.com.ar\/index.php?rest_route=\/wp\/v2\/types\/post"}],"author":[{"embeddable":true,"href":"https:\/\/www.visionweb.com.ar\/index.php?rest_route=\/wp\/v2\/users\/3"}],"replies":[{"embeddable":true,"href":"https:\/\/www.visionweb.com.ar\/index.php?rest_route=%2Fwp%2Fv2%2Fcomments&post=18677"}],"version-history":[{"count":2,"href":"https:\/\/www.visionweb.com.ar\/index.php?rest_route=\/wp\/v2\/posts\/18677\/revisions"}],"predecessor-version":[{"id":18680,"href":"https:\/\/www.visionweb.com.ar\/index.php?rest_route=\/wp\/v2\/posts\/18677\/revisions\/18680"}],"wp:featuredmedia":[{"embeddable":true,"href":"https:\/\/www.visionweb.com.ar\/index.php?rest_route=\/wp\/v2\/media\/18678"}],"wp:attachment":[{"href":"https:\/\/www.visionweb.com.ar\/index.php?rest_route=%2Fwp%2Fv2%2Fmedia&parent=18677"}],"wp:term":[{"taxonomy":"category","embeddable":true,"href":"https:\/\/www.visionweb.com.ar\/index.php?rest_route=%2Fwp%2Fv2%2Fcategories&post=18677"},{"taxonomy":"post_tag","embeddable":true,"href":"https:\/\/www.visionweb.com.ar\/index.php?rest_route=%2Fwp%2Fv2%2Ftags&post=18677"}],"curies":[{"name":"wp","href":"https:\/\/api.w.org\/{rel}","templated":true}]}}