{"id":18673,"date":"2025-07-26T16:30:53","date_gmt":"2025-07-26T19:30:53","guid":{"rendered":"https:\/\/www.visionweb.com.ar\/?p=18673"},"modified":"2025-07-26T16:34:10","modified_gmt":"2025-07-26T19:34:10","slug":"profesionales-swl-hospital-garraham-anuncian-un-paro-con-caravana-a-olivos","status":"publish","type":"post","link":"https:\/\/www.visionweb.com.ar\/?p=18673","title":{"rendered":"Profesionales del Hospital Garraham anuncian un paro con caravana a Olivos"},"content":{"rendered":"<p class=\"entry-title\"><em><strong>Los trabajadores del hospital pedi\u00e1trico m\u00e1s importante del pa\u00eds mantienen su plan de lucha ante los bajos salarios y realizar\u00e1n un Cabildo Abierto.<\/strong><\/em> <!--more--><\/p>\n<p><img loading=\"lazy\" decoding=\"async\" class=\"size-medium wp-image-18194 alignright\" src=\"https:\/\/www.visionweb.com.ar\/wp-content\/uploads\/2025\/05\/GARRAHAM-300x169.png\" alt=\"\" width=\"300\" height=\"169\" srcset=\"https:\/\/www.visionweb.com.ar\/wp-content\/uploads\/2025\/05\/GARRAHAM-300x169.png 300w, https:\/\/www.visionweb.com.ar\/wp-content\/uploads\/2025\/05\/GARRAHAM.png 640w\" sizes=\"auto, (max-width: 300px) 100vw, 300px\" \/>Los trabajadores del\u00a0<strong>Hospital Garrahan contin\u00faan reclamando un plan de mejora presupuestaria y de aumento salarial al gobierno nacional<\/strong>\u00a0y, en los pr\u00f3ximos d\u00edas, intensificar\u00e1n sus medidas de fuerza y de visibilizaci\u00f3n de las condiciones precarias de atenci\u00f3n que transita el hospital pedi\u00e1trico de referencia m\u00e1s importante del pa\u00eds.<\/p>\n<p>Los profesionales de la salud del centro m\u00e9dico realizar\u00e1n jornadas por las infancias y votar\u00e1n en los pr\u00f3ximos d\u00edas un Paro Nacional de Salud y una acci\u00f3n federal en conjunto con la comunidad universitaria.<\/p>\n<p>En tanto, el pr\u00f3ximo s\u00e1bado 2 de agosto se realizar\u00e1 un Cabildo Abierto Nacional, invitando a organizaciones sindicales, estudiantiles, de derechos humanos, territoriales y pol\u00edticas de todo el arco ideol\u00f3gico a formar parte del debate.<\/p>\n<p>El objetivo es coordinar\u00a0<strong>una acci\u00f3n federal de gran envergadura en defensa del Hospital Garrahan, la salud p\u00fablica y el sector universitario,\u00a0<\/strong>sectores golpeados por recortes presupuestarios y conflictos salariales.<\/p>\n<p>Acciones programadas:<\/p>\n<p>\ud83d\udccd\u00a0<strong>31 de julio:<\/strong>\u00a0Lanzamiento de la campa\u00f1a\u00a0<strong>\u201cAgosto por el Hospital Garrahan y las Infancias\u201d<\/strong>, con una jornada de difusi\u00f3n, caminata con artistas y vigilia con velas por la calle Corrientes, desde las 18:00, partiendo de Corrientes y Callao.<\/p>\n<p>\ud83d\udccd\u00a0<strong>2 de agosto:<\/strong>\u00a0<strong>Cabildo Abierto Nacional<\/strong>\u00a0para articular un paro nacional y una jornada de lucha junto a las organizaciones que marcharon el 17 de julio.<\/p>\n<p>\ud83d\udccd\u00a0<strong>6 de agosto:<\/strong>\u00a0Nueva asamblea\u00a0<strong>para votar un paro el 13 de agosto,<\/strong>\u00a0acompa\u00f1ado de una caravana y ruidazo hacia la Quinta de Olivos.<\/p>\n<p>\ud83d\udccd\u00a0<strong>10 al 17 de agosto:<\/strong>\u00a0Preparaci\u00f3n de un festival por las infancias.<\/p>\n<p><strong>(VW)<\/strong><\/p>\n<p><strong>Con datos de la agencia DIB<\/strong><\/p>\n","protected":false},"excerpt":{"rendered":"<p>Los trabajadores del hospital pedi\u00e1trico m\u00e1s importante del pa\u00eds mantienen su plan de lucha ante los bajos salarios y realizar\u00e1n un Cabildo Abierto.<\/p>\n","protected":false},"author":3,"featured_media":18194,"comment_status":"closed","ping_status":"closed","sticky":false,"template":"","format":"standard","meta":{"_monsterinsights_skip_tracking":false,"_monsterinsights_sitenote_active":false,"_monsterinsights_sitenote_note":"","_monsterinsights_sitenote_category":0,"footnotes":""},"categories":[1],"tags":[],"class_list":["post-18673","post","type-post","status-publish","format-standard","has-post-thumbnail","hentry","category-uncategorized"],"_links":{"self":[{"href":"https:\/\/www.visionweb.com.ar\/index.php?rest_route=\/wp\/v2\/posts\/18673","targetHints":{"allow":["GET"]}}],"collection":[{"href":"https:\/\/www.visionweb.com.ar\/index.php?rest_route=\/wp\/v2\/posts"}],"about":[{"href":"https:\/\/www.visionweb.com.ar\/index.php?rest_route=\/wp\/v2\/types\/post"}],"author":[{"embeddable":true,"href":"https:\/\/www.visionweb.com.ar\/index.php?rest_route=\/wp\/v2\/users\/3"}],"replies":[{"embeddable":true,"href":"https:\/\/www.visionweb.com.ar\/index.php?rest_route=%2Fwp%2Fv2%2Fcomments&post=18673"}],"version-history":[{"count":3,"href":"https:\/\/www.visionweb.com.ar\/index.php?rest_route=\/wp\/v2\/posts\/18673\/revisions"}],"predecessor-version":[{"id":18676,"href":"https:\/\/www.visionweb.com.ar\/index.php?rest_route=\/wp\/v2\/posts\/18673\/revisions\/18676"}],"wp:featuredmedia":[{"embeddable":true,"href":"https:\/\/www.visionweb.com.ar\/index.php?rest_route=\/wp\/v2\/media\/18194"}],"wp:attachment":[{"href":"https:\/\/www.visionweb.com.ar\/index.php?rest_route=%2Fwp%2Fv2%2Fmedia&parent=18673"}],"wp:term":[{"taxonomy":"category","embeddable":true,"href":"https:\/\/www.visionweb.com.ar\/index.php?rest_route=%2Fwp%2Fv2%2Fcategories&post=18673"},{"taxonomy":"post_tag","embeddable":true,"href":"https:\/\/www.visionweb.com.ar\/index.php?rest_route=%2Fwp%2Fv2%2Ftags&post=18673"}],"curies":[{"name":"wp","href":"https:\/\/api.w.org\/{rel}","templated":true}]}}