{"id":18671,"date":"2025-07-24T14:42:01","date_gmt":"2025-07-24T17:42:01","guid":{"rendered":"https:\/\/www.visionweb.com.ar\/?p=18671"},"modified":"2025-07-24T14:42:01","modified_gmt":"2025-07-24T17:42:01","slug":"ventas-minoristas-el-indec-indico-una-fuerte-caida-interanual-en-mayo","status":"publish","type":"post","link":"https:\/\/www.visionweb.com.ar\/?p=18671","title":{"rendered":"Ventas minoristas: El Indec indic\u00f3 una fuerte ca\u00edda interanual en mayo"},"content":{"rendered":"<p><em><strong>El consumo a precios constantes cay\u00f3 4,9% respecto a mayo de 2024. En supermercados, el consumo baj\u00f3 1,2% frente a abril.<\/strong><\/em><!--more--><\/p>\n<p><strong><img loading=\"lazy\" decoding=\"async\" class=\"size-medium wp-image-2970 alignright\" src=\"https:\/\/www.visionweb.com.ar\/wp-content\/uploads\/2021\/10\/centro-comercial-lanus-300x169.png\" alt=\"\" width=\"300\" height=\"169\" srcset=\"https:\/\/www.visionweb.com.ar\/wp-content\/uploads\/2021\/10\/centro-comercial-lanus-300x169.png 300w, https:\/\/www.visionweb.com.ar\/wp-content\/uploads\/2021\/10\/centro-comercial-lanus.png 640w\" sizes=\"auto, (max-width: 300px) 100vw, 300px\" \/>\u00a0\u00a0\u00a0\u00a0 E<\/strong>l<strong>\u00a0Instituto Nacional de Estad\u00edsticas y Censos (Indec)<\/strong>\u00a0inform\u00f3 que las ventas totales a precios constantes en\u00a0<strong>comercios minoristas registraron en mayo una ca\u00edda del 4,9% en comparaci\u00f3n con igual mes de 2024.\u00a0<\/strong>De esta manera, se profundiza la tendencia negativa del consumo en la primera mitad del a\u00f1o.<\/p>\n<p>En el acumulado de enero a mayo de 2025,\u00a0<strong>las ventas bajaron un 6,3% interanual<\/strong>. Sin embargo, e<strong>n comparaci\u00f3n con abril de este a\u00f1o, se registr\u00f3 una mejora leve del 0,7%<\/strong>\u00a0en la serie desestacionalizada.<\/p>\n<p>A pesar de este repunte mensual, <strong>la tendencia-ciclo sigue en retroceso con una baja del 0,4%.<\/strong><\/p>\n<p>En t\u00e9rminos nominales,\u00a0<strong>las ventas totales a precios corrientes en mayo alcanzaron los 311.037 millones de pesos<\/strong>, lo que implica un incremento del 24% interanual, reflejo principalmente de la inflaci\u00f3n. Los rubros con mayores subas fueron \u201cOtros\u201d (68,1%), \u201cCarnes\u201d (63,2%), \u201cIndumentaria, calzado y textiles para el hogar\u201d (47,6%) y \u201cBebidas\u201d (41,7%).<\/p>\n<p>En cuanto a los supermercados, tambi\u00e9n se reflej\u00f3 una ca\u00edda mensual del 1,2% en t\u00e9rminos reales.<\/p>\n<p>No obstante, respecto a mayo de 2024 se verific\u00f3 una suba del 6,1%, atribuida al derrumbe del consumo registrado tras la devaluaci\u00f3n de diciembre.\u00a0<strong>Las ventas nominales en supermercados treparon a 1,98 billones de pesos, un 40,7% m\u00e1s que el a\u00f1o anterior, con \u201cAlimentos preparados\u201d, \u201cCarnes\u201d y \u201cElectr\u00f3nica\u201d como los rubros m\u00e1s din\u00e1micos. (VW)<\/strong><\/p>\n","protected":false},"excerpt":{"rendered":"<p>El consumo a precios constantes cay\u00f3 4,9% respecto a mayo de 2024. En supermercados, el consumo baj\u00f3 1,2% frente a abril.<\/p>\n","protected":false},"author":4,"featured_media":2970,"comment_status":"closed","ping_status":"closed","sticky":false,"template":"","format":"standard","meta":{"_monsterinsights_skip_tracking":false,"_monsterinsights_sitenote_active":false,"_monsterinsights_sitenote_note":"","_monsterinsights_sitenote_category":0,"footnotes":""},"categories":[6],"tags":[7955,75,7956,7957],"class_list":["post-18671","post","type-post","status-publish","format-standard","has-post-thumbnail","hentry","category-economia","tag-caida-de-ventas-en-mayo","tag-indec","tag-interanuel","tag-tendencia-ciclo-a-la-baja"],"_links":{"self":[{"href":"https:\/\/www.visionweb.com.ar\/index.php?rest_route=\/wp\/v2\/posts\/18671","targetHints":{"allow":["GET"]}}],"collection":[{"href":"https:\/\/www.visionweb.com.ar\/index.php?rest_route=\/wp\/v2\/posts"}],"about":[{"href":"https:\/\/www.visionweb.com.ar\/index.php?rest_route=\/wp\/v2\/types\/post"}],"author":[{"embeddable":true,"href":"https:\/\/www.visionweb.com.ar\/index.php?rest_route=\/wp\/v2\/users\/4"}],"replies":[{"embeddable":true,"href":"https:\/\/www.visionweb.com.ar\/index.php?rest_route=%2Fwp%2Fv2%2Fcomments&post=18671"}],"version-history":[{"count":1,"href":"https:\/\/www.visionweb.com.ar\/index.php?rest_route=\/wp\/v2\/posts\/18671\/revisions"}],"predecessor-version":[{"id":18672,"href":"https:\/\/www.visionweb.com.ar\/index.php?rest_route=\/wp\/v2\/posts\/18671\/revisions\/18672"}],"wp:featuredmedia":[{"embeddable":true,"href":"https:\/\/www.visionweb.com.ar\/index.php?rest_route=\/wp\/v2\/media\/2970"}],"wp:attachment":[{"href":"https:\/\/www.visionweb.com.ar\/index.php?rest_route=%2Fwp%2Fv2%2Fmedia&parent=18671"}],"wp:term":[{"taxonomy":"category","embeddable":true,"href":"https:\/\/www.visionweb.com.ar\/index.php?rest_route=%2Fwp%2Fv2%2Fcategories&post=18671"},{"taxonomy":"post_tag","embeddable":true,"href":"https:\/\/www.visionweb.com.ar\/index.php?rest_route=%2Fwp%2Fv2%2Ftags&post=18671"}],"curies":[{"name":"wp","href":"https:\/\/api.w.org\/{rel}","templated":true}]}}