{"id":18665,"date":"2025-07-24T14:15:01","date_gmt":"2025-07-24T17:15:01","guid":{"rendered":"https:\/\/www.visionweb.com.ar\/?p=18665"},"modified":"2025-07-24T14:15:01","modified_gmt":"2025-07-24T17:15:01","slug":"se-oficializo-la-privatizacion-del-belgrano-cargas","status":"publish","type":"post","link":"https:\/\/www.visionweb.com.ar\/?p=18665","title":{"rendered":"Se oficializ\u00f3 la privatizaci\u00f3n del Belgrano Cargas"},"content":{"rendered":"<p><em><strong>La resoluci\u00f3n fue publicada este jueves en el Bolet\u00edn Oficial. Se subastar\u00e1 el material rodante. El proceso incluye la concesi\u00f3n de v\u00edas, talleres e inmuebles, y prev\u00e9 un plazo de 12 meses para su ejecuci\u00f3n.<\/strong><\/em><!--more--><\/p>\n<p><strong>\u00a0\u00a0\u00a0 <img loading=\"lazy\" decoding=\"async\" class=\"size-medium wp-image-18666 alignright\" src=\"https:\/\/www.visionweb.com.ar\/wp-content\/uploads\/2025\/07\/tren-belgrano-cargas-300x201.png\" alt=\"\" width=\"300\" height=\"201\" srcset=\"https:\/\/www.visionweb.com.ar\/wp-content\/uploads\/2025\/07\/tren-belgrano-cargas-300x201.png 300w, https:\/\/www.visionweb.com.ar\/wp-content\/uploads\/2025\/07\/tren-belgrano-cargas.png 498w\" sizes=\"auto, (max-width: 300px) 100vw, 300px\" \/>\u00a0\u00a0\u00a0\u00a0\u00a0\u00a0\u00a0\u00a0 E<\/strong>l<strong> Gobierno oficializ\u00f3 el proceso de privatizaci\u00f3n del Belgrano Cargas y Log\u00edstica SA<\/strong>, mediante rero pasado, la <strong>Resoluci\u00f3n 1049\/2025<\/strong> del Ministerio de Econom\u00eda publicada este jueves en el\u00a0<strong>Bolet\u00edn Oficial<\/strong>.<\/p>\n<p>Mediante esta nueva normativa que entrar\u00e1 en vigencia a partir de este jueves, <strong>se design\u00f3 a<\/strong>\u00a0<strong>la Secretar\u00eda de Transporte, bajo la direcci\u00f3n de Luis Caputo<\/strong>, como la <strong>encargada de llevar a cabo<\/strong> un inventario detallado del material rodante a subastar. Esto incluye evaluar su estado actual y vida \u00fatil, definir los lotes de\u00a0<strong>material rodante para la subasta<\/strong>, como as\u00ed tambi\u00e9n establecer las condiciones espec\u00edficas del remate.<\/p>\n<p>Asimismo, con el fin de avanzar en el procedimiento de licitaci\u00f3n para la concesi\u00f3n de las v\u00edas de las\u00a0<strong>L\u00edneas General San Mart\u00edn, General Urquiza y General Belgrano, la Secretar\u00eda<\/strong>\u00a0<strong>tendr\u00e1 responsabilidades<\/strong> adicionales que contemplan el relevamiento del estado actual de las v\u00edas y de las obras de infraestructura en las trazas a concesionar, informando sobre el estado de avance y la prioridad de las mismas. En este aspecto, <strong>la Secretar\u00eda tendr\u00e1 la facultad de \u201ctomar las medidas necesarias para rescindir aquellos contratos que no se consideren prioritarios<\/strong>\u201d.<\/p>\n<p>En el art\u00edculo 3\u00b0 de la resoluci\u00f3n se detalla la instrucci\u00f3n a la Unidad Ejecutora Especial Temporaria Agencia de Transformaci\u00f3n de Empresas P\u00fablicas a \u201ccoordinar las acciones necesarias para cumplir con lo previsto en el Cap\u00edtulo II del anexo I del decreto 695 del 2 de agosto de 2024, con el objetivo de privatizar la empresa mencionada en el art\u00edculo 1\u00b0, dentro de un plazo de doce meses\u201d.<\/p>\n<p>Esta Unidad deber\u00e1 \u201csolicitar a una entidad bancaria perteneciente al Sector P\u00fablico Nacional la valuaci\u00f3n de los flujos de fondos futuros vinculados a la explotaci\u00f3n del servicio ferroviario, para las concesiones de v\u00edas e inmuebles adyacentes y las concesiones de uso de los talleres de las L\u00edneas General Belgrano, General San Mart\u00edn y General Urquiza\u201d.<\/p>\n<p>Por otra parte, la nueva normativa se\u00f1ala que <strong>la Secretar\u00eda de Transporte \u201cser\u00e1 responsable de la elaboraci\u00f3n y tramitaci\u00f3n de la documentaci\u00f3n licitatoria, t\u00e9cnica y contractual respectiva del proceso de privatizaci\u00f3n<\/strong> de Belgrano Cargas y Log\u00edstica S.A., la cual deber\u00e1 contar con la intervenci\u00f3n previa de la Unidad Ejecutora Especial Temporaria \u2018Agencia de Transformaci\u00f3n de Empresas P\u00fablicas\u2019\u201d.<\/p>\n<p>En tanto, el\u00a0<strong>Banco Naci\u00f3n\u00a0<\/strong>contar\u00e1 con las facultades correspondientes para \u201cabrir una <strong>cuenta fiduciaria <\/strong>a la cual deber\u00e1n dirigirse\u00a0<strong>las sumas obtenidas del remate del material rodante<\/strong>\u201d.<\/p>\n<p><strong>El comunicado oficial del Gobierno sobre la privatizaci\u00f3n del Belgrano Cargas<\/strong><\/p>\n<p>El Gobierno Nacional contin\u00faa avanzando en el proceso de privatizaci\u00f3n de la empresa Belgrano Cargas y Log\u00edstica S.A., conforme a lo establecido en la Resoluci\u00f3n 1049\/2025, publicada hoy en el Bolet\u00edn Oficial.<\/p>\n<p>Dicho proceso se inici\u00f3 el 10 de febrero pasado, en cumplimiento de lo dispuesto por la <strong>Ley de Bases, que incluye a la empresa estatal Belgrano Cargas y Log\u00edstica S.A. entre aquellas sujetas a privatizaci\u00f3n<\/strong>, en el marco de la decisi\u00f3n del presidente Javier Milei de reducir la participaci\u00f3n del Estado en actividades de car\u00e1cter empresarial.<\/p>\n<p>De esta manera, el Ministerio de Econom\u00eda de la Naci\u00f3n instruy\u00f3 a los diversos organismos involucrados en el proceso privatizador para llevar adelante acciones necesarias para la profundizaci\u00f3n de este proceso.<\/p>\n<p>Por un lado, se instruy\u00f3 a la<strong>\u00a0Secretar\u00eda de Transporte<\/strong>\u00a0a elaborar y gestionar la documentaci\u00f3n licitatoria, t\u00e9cnica y contractual, con la previa intervenci\u00f3n de la Agencia de Transformaci\u00f3n de Empresas P\u00fablicas. Adem\u00e1s, deber\u00e1 ejecutar acciones para:<\/p>\n<ul>\n<li>Concretar el remate p\u00fablico del material rodante propiedad del Estado Nacional bajo administraci\u00f3n de Belgrano Cargas y Log\u00edstica S.A., teniendo que realizar inventario, diagn\u00f3stico de situaci\u00f3n, condiciones, etc.<\/li>\n<li>Concesionar las v\u00edas f\u00e9rreas e inmuebles aleda\u00f1os de las L\u00edneas General Belgrano, General San Mart\u00edn y General Urquiza con sus respectivos relevamientos y condiciones.<\/li>\n<li>Concesionar el uso de los talleres ferroviarios de las l\u00edneas mencionadas con los relevamientos correspondientes seg\u00fan lo reglamentado por la Agencia de Administraci\u00f3n de Bienes del Estado.<\/li>\n<\/ul>\n<p>Para el cumplimiento de las tareas previstas, la Secretar\u00eda de Transporte podr\u00e1 contar con la colaboraci\u00f3n de Belgrano Cargas y Log\u00edstica S.A. y de la Administraci\u00f3n de Infraestructuras Ferroviarias S.A., ambas bajo su \u00f3rbita.<\/p>\n<p>Por su parte,<strong>\u00a0la Agencia de Transformaci\u00f3n de Empresas P\u00fablicas<\/strong>\u00a0ser\u00e1 la encargada de coordinar el cumplimiento del cronograma que establece un plazo de 12 meses para completar el proceso de privatizaci\u00f3n desde la fecha. Asimismo, solicitar\u00e1 a una entidad bancaria del sector p\u00fablico nacional la realizaci\u00f3n de las evaluaciones necesarias para llevar adelante dicho proceso.<\/p>\n<p>A su vez, el <strong>Banco de la Naci\u00f3n Argentina ser\u00e1 responsable de administrar los fondos provenientes del remate p\u00fablico<\/strong> del material rodante, los cuales se destinar\u00e1n al financiamiento de obras ferroviarias. Todos los procedimientos se desarrollar\u00e1n a trav\u00e9s de las plataformas oficiales SUBAST.AR y CONTRAT.AR.<\/p>\n<p>Con estas medidas,\u00a0<strong>el Estado dejar\u00e1 de ser operador ferroviario del transporte de carga y de toda la infraestructura como el material rodante, las v\u00edas, talleres e inmuebles aleda\u00f1os<\/strong>. Tambi\u00e9n es importante destacar que los terrenos y las v\u00edas continuar\u00e1n siendo propiedad del Estado, ya que revierten al mismo al finalizar la concesi\u00f3n. <strong>(VW)<\/strong><\/p>\n","protected":false},"excerpt":{"rendered":"<p>La resoluci\u00f3n fue publicada este jueves en el Bolet\u00edn Oficial. Se subastar\u00e1 el material rodante. El proceso incluye la concesi\u00f3n de v\u00edas, talleres e inmuebles, y prev\u00e9 un plazo de 12 meses para su&#46;&#46;&#46;<\/p>\n","protected":false},"author":4,"featured_media":18666,"comment_status":"closed","ping_status":"closed","sticky":false,"template":"","format":"standard","meta":{"_monsterinsights_skip_tracking":false,"_monsterinsights_sitenote_active":false,"_monsterinsights_sitenote_note":"","_monsterinsights_sitenote_category":0,"footnotes":""},"categories":[4],"tags":[7951,7286,7952,90],"class_list":["post-18665","post","type-post","status-publish","format-standard","has-post-thumbnail","hentry","category-politica","tag-belgrano-cargas","tag-provatizacion","tag-resolucion-1049","tag-trenes"],"_links":{"self":[{"href":"https:\/\/www.visionweb.com.ar\/index.php?rest_route=\/wp\/v2\/posts\/18665","targetHints":{"allow":["GET"]}}],"collection":[{"href":"https:\/\/www.visionweb.com.ar\/index.php?rest_route=\/wp\/v2\/posts"}],"about":[{"href":"https:\/\/www.visionweb.com.ar\/index.php?rest_route=\/wp\/v2\/types\/post"}],"author":[{"embeddable":true,"href":"https:\/\/www.visionweb.com.ar\/index.php?rest_route=\/wp\/v2\/users\/4"}],"replies":[{"embeddable":true,"href":"https:\/\/www.visionweb.com.ar\/index.php?rest_route=%2Fwp%2Fv2%2Fcomments&post=18665"}],"version-history":[{"count":1,"href":"https:\/\/www.visionweb.com.ar\/index.php?rest_route=\/wp\/v2\/posts\/18665\/revisions"}],"predecessor-version":[{"id":18667,"href":"https:\/\/www.visionweb.com.ar\/index.php?rest_route=\/wp\/v2\/posts\/18665\/revisions\/18667"}],"wp:featuredmedia":[{"embeddable":true,"href":"https:\/\/www.visionweb.com.ar\/index.php?rest_route=\/wp\/v2\/media\/18666"}],"wp:attachment":[{"href":"https:\/\/www.visionweb.com.ar\/index.php?rest_route=%2Fwp%2Fv2%2Fmedia&parent=18665"}],"wp:term":[{"taxonomy":"category","embeddable":true,"href":"https:\/\/www.visionweb.com.ar\/index.php?rest_route=%2Fwp%2Fv2%2Fcategories&post=18665"},{"taxonomy":"post_tag","embeddable":true,"href":"https:\/\/www.visionweb.com.ar\/index.php?rest_route=%2Fwp%2Fv2%2Ftags&post=18665"}],"curies":[{"name":"wp","href":"https:\/\/api.w.org\/{rel}","templated":true}]}}