{"id":18662,"date":"2025-07-23T12:01:39","date_gmt":"2025-07-23T15:01:39","guid":{"rendered":"https:\/\/www.visionweb.com.ar\/?p=18662"},"modified":"2025-07-23T12:09:30","modified_gmt":"2025-07-23T15:09:30","slug":"edelap-dio-su-version-sobre-los-cortes-de-luz-en-la-plata-que-obligo-a-prorrogar-el-cierre-de-listas","status":"publish","type":"post","link":"https:\/\/www.visionweb.com.ar\/?p=18662","title":{"rendered":"Edelap dio su versi\u00f3n sobre los cortes de l\u00faz en La Plata que oblig\u00f3 a prorrogar el cierre de listas"},"content":{"rendered":"<p><em><strong>Fueron varios los cortes en la zona. Cerca de las 22.40 se verific\u00f3 una falta de suministro que fue remediado poco despu\u00e9s.<\/strong><\/em><!--more--><\/p>\n<p><img loading=\"lazy\" decoding=\"async\" class=\"size-medium wp-image-7833 alignright\" src=\"https:\/\/www.visionweb.com.ar\/wp-content\/uploads\/2022\/10\/cristian-ritondo-271x300.jpg\" alt=\"\" width=\"271\" height=\"300\" srcset=\"https:\/\/www.visionweb.com.ar\/wp-content\/uploads\/2022\/10\/cristian-ritondo-271x300.jpg 271w, https:\/\/www.visionweb.com.ar\/wp-content\/uploads\/2022\/10\/cristian-ritondo.bmp 494w\" sizes=\"auto, (max-width: 271px) 100vw, 271px\" \/>La empresa distribuidora de energ\u00eda el\u00e9ctrica<strong>\u00a0Edelap\u00a0brind\u00f3 un informe sobre los cortes de luz que se registraron entre la noche del s\u00e1bado y el domingo<\/strong> a la madrugada en la Junta Electoral bonaerense ubicada en La Plata, que deriv\u00f3 en una prorroga \u00a0para la presentaci\u00f3n de listas.<\/p>\n<p>El informe de Edelap sucede luego de que el titular del PRO en la provincia de Buenos Aires,\u00a0<strong>Cristian Ritondo,<\/strong>\u00a0hiciera p\u00fablica la solicitud del espacio para investigar las responsabilidades de los cortes de suministro el\u00e9ctrico.<\/p>\n<p>Cree que \u00e9stos podr\u00edan haber sido causados de forma adrede para darle m\u00e1s tiempo\u00a0al peronismo a resolver su interna por fuera de los plazos establecidos.<\/p>\n<p>Fueron varios los cortes en la zona. Cerca de las 22.40 se verific\u00f3 una falta de suministro que fue remediado poco despu\u00e9s. \u201cPor otra parte,\u00a0<strong>cerca de las 23:30 aproximadamente se detect\u00f3 una interrupci\u00f3n en el suministro en la zona comprendida entre las calles 528 y 34, entre 11 y 14<\/strong>, vinculada a los alimentadores 9829\/46, de la Estaci\u00f3n Transformadora de Tolosa\u201d, puntualiz\u00f3 Edelap.<\/p>\n<p>Seg\u00fan se inform\u00f3 oficialmente,\u00a0<strong>reci\u00e9n a la 1:51 se logr\u00f3 la reposici\u00f3n total del servicio<\/strong>\u00a0y se pudo normalizar la provisi\u00f3n el\u00e9ctrica en la zona.<\/p>\n<p>Al respecto, Ritondo advirti\u00f3 que los sucesos del fin de semana \u201cno pueden pasar desapercibidos\u201d, por lo que el bloque que lidera\u00a0<strong>present\u00f3 un pedido de informe en el Congreso y la Legislatura bonaerense\u00a0<\/strong>\u201cpara investigar a fondo los hechos\u201d. \u201cMientras el kirchnerismo necesita oscuridad para hacer pol\u00edtica, nosotros damos la cara y jugamos limpio\u201d, argument\u00f3 a trav\u00e9s de su cuenta de X<strong>.(VW)<\/strong><\/p>\n","protected":false},"excerpt":{"rendered":"<p>Fueron varios los cortes en la zona. Cerca de las 22.40 se verific\u00f3 una falta de suministro que fue remediado poco despu\u00e9s.<\/p>\n","protected":false},"author":3,"featured_media":7833,"comment_status":"closed","ping_status":"closed","sticky":false,"template":"","format":"standard","meta":{"_monsterinsights_skip_tracking":false,"_monsterinsights_sitenote_active":false,"_monsterinsights_sitenote_note":"","_monsterinsights_sitenote_category":0,"footnotes":""},"categories":[1],"tags":[],"class_list":["post-18662","post","type-post","status-publish","format-standard","has-post-thumbnail","hentry","category-uncategorized"],"_links":{"self":[{"href":"https:\/\/www.visionweb.com.ar\/index.php?rest_route=\/wp\/v2\/posts\/18662","targetHints":{"allow":["GET"]}}],"collection":[{"href":"https:\/\/www.visionweb.com.ar\/index.php?rest_route=\/wp\/v2\/posts"}],"about":[{"href":"https:\/\/www.visionweb.com.ar\/index.php?rest_route=\/wp\/v2\/types\/post"}],"author":[{"embeddable":true,"href":"https:\/\/www.visionweb.com.ar\/index.php?rest_route=\/wp\/v2\/users\/3"}],"replies":[{"embeddable":true,"href":"https:\/\/www.visionweb.com.ar\/index.php?rest_route=%2Fwp%2Fv2%2Fcomments&post=18662"}],"version-history":[{"count":2,"href":"https:\/\/www.visionweb.com.ar\/index.php?rest_route=\/wp\/v2\/posts\/18662\/revisions"}],"predecessor-version":[{"id":18664,"href":"https:\/\/www.visionweb.com.ar\/index.php?rest_route=\/wp\/v2\/posts\/18662\/revisions\/18664"}],"wp:featuredmedia":[{"embeddable":true,"href":"https:\/\/www.visionweb.com.ar\/index.php?rest_route=\/wp\/v2\/media\/7833"}],"wp:attachment":[{"href":"https:\/\/www.visionweb.com.ar\/index.php?rest_route=%2Fwp%2Fv2%2Fmedia&parent=18662"}],"wp:term":[{"taxonomy":"category","embeddable":true,"href":"https:\/\/www.visionweb.com.ar\/index.php?rest_route=%2Fwp%2Fv2%2Fcategories&post=18662"},{"taxonomy":"post_tag","embeddable":true,"href":"https:\/\/www.visionweb.com.ar\/index.php?rest_route=%2Fwp%2Fv2%2Ftags&post=18662"}],"curies":[{"name":"wp","href":"https:\/\/api.w.org\/{rel}","templated":true}]}}