{"id":18643,"date":"2025-07-21T21:22:36","date_gmt":"2025-07-22T00:22:36","guid":{"rendered":"https:\/\/www.visionweb.com.ar\/?p=18643"},"modified":"2025-07-21T21:22:36","modified_gmt":"2025-07-22T00:22:36","slug":"el-motogp-volvera-a-la-ciudad-de-buenos-aires-despues-de-28-anos","status":"publish","type":"post","link":"https:\/\/www.visionweb.com.ar\/?p=18643","title":{"rendered":"El MotoGP volver\u00e1 a la Ciudad de Buenos Aires despu\u00e9s de 28 a\u00f1os"},"content":{"rendered":"<p><em><strong>Ya es oficial, la categor\u00eda m\u00e1s importante del motociclismo regresar\u00e1 en 2027 al Aut\u00f3dromo Oscar y Juan G\u00e1lvez, que ser\u00e1 reformado para la ocasi\u00f3n.<\/strong><\/em><!--more--><\/p>\n<p><strong> <img loading=\"lazy\" decoding=\"async\" class=\"size-medium wp-image-18644 alignright\" src=\"https:\/\/www.visionweb.com.ar\/wp-content\/uploads\/2025\/07\/moto-gp-300x139.png\" alt=\"\" width=\"300\" height=\"139\" srcset=\"https:\/\/www.visionweb.com.ar\/wp-content\/uploads\/2025\/07\/moto-gp-300x139.png 300w, https:\/\/www.visionweb.com.ar\/wp-content\/uploads\/2025\/07\/moto-gp.png 648w\" sizes=\"auto, (max-width: 300px) 100vw, 300px\" \/>\u00a0 \u00a0Buenos Aires <\/strong>volver\u00e1 a ser el escenario del<strong> Campeonato Mundial de Motociclismo MotoGP, en 2027<\/strong>, y el circuito elegido fue el del\u00a0<strong>Aut\u00f3dromo \u00d3scar y Juan G\u00e1lvez<\/strong>, que tendr\u00e1 un<strong>\u00a0redise\u00f1o de la pista\u00a0<\/strong>con el objetivo de que tambi\u00e9n se pueda albergar una fecha del c<strong>ampeonato de F\u00f3rmula 1<\/strong>.<\/p>\n<p>El anuncio marca un hito para la actividad deportiva y para el desarrollo urbano y econ\u00f3mico de la capital argentina, y representar\u00e1 el regreso de dicha categor\u00eda luego de 28 a\u00f1os.<\/p>\n<p>Desde el Gobierno de la Ciudad de Buenos Aires, destacaron que\u00a0<strong>\u201clas competencias como el MotoGP o la F\u00f3rmula 1 no solo volver\u00e1n a poner a la Ciudad en el mapa mundial del deporte motor.\u00a0<\/strong>Tambi\u00e9n atraer\u00e1n turismo, impulsar\u00e1n la econom\u00eda y crear\u00e1n nuevos empleos\u201d.<\/p>\n<p>Seg\u00fan indicaron desde el gobierno porte\u00f1o,\u00a0<strong>la carrera tendr\u00eda un impacto econ\u00f3mico directo estimado en alrededor de 150 millones de d\u00f3lares<\/strong>\u00a0(seg\u00fan proyecciones de la organizaci\u00f3n), considerando gastos de asistentes locales e internacionales, turismo, comercio, empleo e industria vinculada.<\/p>\n<p>Adem\u00e1s, la puesta en valor del aut\u00f3dromo es un paso m\u00e1s para el desarrollo de la Zona Sur que prev\u00e9 el jefe de gobierno\u00a0<strong>Jorge Macri<\/strong>. En este sentido, el Gobierno porte\u00f1o impulsa una alianza con el sector privado para que el Sur se convierta en \u201c<strong>el nuevo centro de la Ciudad<\/strong>\u201d con la finalidad de generar viviendas, infraestructura, un nuevo polo de entretenimiento y log\u00edstico donde viven m\u00e1s de 700 mil personas.<\/p>\n<p>\u201cLa categor\u00eda m\u00e1s importante del motociclismo profesional vuelve al G\u00e1lvez. Fuimos sede de diez Grandes Premios y casi 30 a\u00f1os despu\u00e9s, vamos a estar otra vez entre los principales circuitos del mundo, como Barcelona o Silverstone\u201d, dijo Jorge Macri tras el anuncio.<\/p>\n<p>Luego agreg\u00f3:\u00a0<strong>\u201cDamos un paso m\u00e1s para consolidar el liderazgo deportivo de nuestra Ciudad en el mundo, pero vamos por m\u00e1s: \u00e9ste es el primer paso para postularnos nuevamente como sede de la F\u00f3rmula 1\u201d<\/strong>.<\/p>\n<p><strong>Las obras comenzar\u00e1n entre septiembre y diciembre, con una duraci\u00f3n estimada de seis meses, durante los cuales el aut\u00f3dromo permanecer\u00e1 cerrado<\/strong>. La ejecuci\u00f3n estar\u00e1 a cargo de AUSA, con la supervisi\u00f3n y acuerdo de la Federaci\u00f3n Internacional de Motociclismo (FIM) y la Federaci\u00f3n Internacional del Autom\u00f3vil (FIA). El nuevo circuito ser\u00e1 homologado por la FIM y tendr\u00e1 Grado 2 de la FIA, habilit\u00e1ndolo para recibir todas las categor\u00edas internacionales salvo la F1.<\/p>\n<p><strong>La carrera de 2027 ser\u00e1 la 11\u00b0 edici\u00f3n del campeonato mundial de motociclismo en Buenos Aires, <\/strong>sumando las diez anteriores realizadas entre 1961 y 1999. <strong>(VW)<\/strong><\/p>\n","protected":false},"excerpt":{"rendered":"<p>Ya es oficial, la categor\u00eda m\u00e1s importante del motociclismo regresar\u00e1 en 2027 al Aut\u00f3dromo Oscar y Juan G\u00e1lvez, que ser\u00e1 reformado para la ocasi\u00f3n.<\/p>\n","protected":false},"author":4,"featured_media":18644,"comment_status":"closed","ping_status":"closed","sticky":false,"template":"","format":"standard","meta":{"_monsterinsights_skip_tracking":false,"_monsterinsights_sitenote_active":false,"_monsterinsights_sitenote_note":"","_monsterinsights_sitenote_category":0,"footnotes":""},"categories":[8],"tags":[166,5263,7944,7945],"class_list":["post-18643","post","type-post","status-publish","format-standard","has-post-thumbnail","hentry","category-interes-general","tag-anuncio","tag-jorge-macri","tag-motogp","tag-vuelve-en-2027"],"_links":{"self":[{"href":"https:\/\/www.visionweb.com.ar\/index.php?rest_route=\/wp\/v2\/posts\/18643","targetHints":{"allow":["GET"]}}],"collection":[{"href":"https:\/\/www.visionweb.com.ar\/index.php?rest_route=\/wp\/v2\/posts"}],"about":[{"href":"https:\/\/www.visionweb.com.ar\/index.php?rest_route=\/wp\/v2\/types\/post"}],"author":[{"embeddable":true,"href":"https:\/\/www.visionweb.com.ar\/index.php?rest_route=\/wp\/v2\/users\/4"}],"replies":[{"embeddable":true,"href":"https:\/\/www.visionweb.com.ar\/index.php?rest_route=%2Fwp%2Fv2%2Fcomments&post=18643"}],"version-history":[{"count":1,"href":"https:\/\/www.visionweb.com.ar\/index.php?rest_route=\/wp\/v2\/posts\/18643\/revisions"}],"predecessor-version":[{"id":18645,"href":"https:\/\/www.visionweb.com.ar\/index.php?rest_route=\/wp\/v2\/posts\/18643\/revisions\/18645"}],"wp:featuredmedia":[{"embeddable":true,"href":"https:\/\/www.visionweb.com.ar\/index.php?rest_route=\/wp\/v2\/media\/18644"}],"wp:attachment":[{"href":"https:\/\/www.visionweb.com.ar\/index.php?rest_route=%2Fwp%2Fv2%2Fmedia&parent=18643"}],"wp:term":[{"taxonomy":"category","embeddable":true,"href":"https:\/\/www.visionweb.com.ar\/index.php?rest_route=%2Fwp%2Fv2%2Fcategories&post=18643"},{"taxonomy":"post_tag","embeddable":true,"href":"https:\/\/www.visionweb.com.ar\/index.php?rest_route=%2Fwp%2Fv2%2Ftags&post=18643"}],"curies":[{"name":"wp","href":"https:\/\/api.w.org\/{rel}","templated":true}]}}