{"id":18632,"date":"2025-07-20T12:53:46","date_gmt":"2025-07-20T15:53:46","guid":{"rendered":"https:\/\/www.visionweb.com.ar\/?p=18632"},"modified":"2025-07-20T13:15:38","modified_gmt":"2025-07-20T16:15:38","slug":"bursese-encabezara-la-lista-somos-buenos-aires-en-lanus","status":"publish","type":"post","link":"https:\/\/www.visionweb.com.ar\/?p=18632","title":{"rendered":"Bursese encabezar\u00e1 la lista Somos Buenos Aires en Lan\u00fas"},"content":{"rendered":"<p><em><strong>Lo secunda un ex jugadores de f\u00fatbol profesional, el \u00abLoco\u00bb Enrique como concejal. La lista se completa con varios referentes del radicalismo y otras agrupaciones pol\u00edticas\u00a0 locales.<\/strong><\/em><!--more--><\/p>\n<p><img loading=\"lazy\" decoding=\"async\" class=\"size-medium wp-image-10037 alignright\" src=\"https:\/\/www.visionweb.com.ar\/wp-content\/uploads\/2023\/03\/BURSESE-Y-MANES-300x220.jpeg\" alt=\"\" width=\"300\" height=\"220\" srcset=\"https:\/\/www.visionweb.com.ar\/wp-content\/uploads\/2023\/03\/BURSESE-Y-MANES-300x220.jpeg 300w, https:\/\/www.visionweb.com.ar\/wp-content\/uploads\/2023\/03\/BURSESE-Y-MANES.jpeg 640w\" sizes=\"auto, (max-width: 300px) 100vw, 300px\" \/>El abogado Emiliano Bursese encabezar\u00e1 la lista de candidatos a concejales de \u201cSomos Buenos Aires\u201d en el municipio de Lan\u00fas para las elecciones del 7 de septiembre en la provincia de Buenos Aires.<\/p>\n<p>La nueva agrupaci\u00f3n pol\u00edtica, que incluye entre sus candidatos al ex futbolista Carlos \u201cEl Loco\u201d Enrique, se presenta como una alternativa que busca \u201csuperar lo malo de antes y lo peor de ahora\u201d, seg\u00fan expres\u00f3 el propio Bursese al anunciar su candidatura.<\/p>\n<p>\u201cCon profundo orgullo quiero contarles que acept\u00e9 la candidatura de este nuevo espacio, \u2018Somos Buenos Aires\u2019, que nace para ser una alternativa honesta y comprometida. Porque nos merecemos algo mejor\u201d, declar\u00f3 Bursese, quien forma parte del espacio de Facundo Manes.<\/p>\n<p>La propuesta, afirma, se caracteriza por la diversidad de sus integrantes, que provienen de diferebtes corrientes pol\u00edticas y sociales del municipio.<\/p>\n<p>La lista de candidatos a concejales titulares incluye figuras como Sandra P\u00e9rez del Partido Pa\u00eds-PJ en el segundo lugar, seguida por Carlos \u201cEl Loco\u201d Enrique, ex futbolista profesional del espacio Hacemos Peronismo<\/p>\n<p>La representaci\u00f3n radical est\u00e1 garantizada con Miriam Mart\u00edn, actual presidenta de la UCR Lan\u00fas, quien ocupa el cuarto lugar, y Manuel Riquelme, dirigente del mismo partido, en la quinta posici\u00f3n. El sexto puesto corresponde a Lucia \u201cPochi\u201d Stanco, referente social y actual concejal de Juntos por el Cambio.<\/p>\n<p>Completan la n\u00f3mina de candidatos a concejales N\u00e9stor Fuentes, ex Director de Adultos Mayores; Sandra Fern\u00e1ndez del Partido del Di\u00e1logo; Brian G\u00f3mez Ventura del Espacio Argentina Segura; Ana Herrera, referente de las Manzaneras de Lan\u00fas; Mario Ben\u00edtez de Adelante Monte Chingolo; y Carla Arandia del Futuro Radical Villa Jard\u00edn.<\/p>\n<p>La conformaci\u00f3n de Somos Buenos Aires se present\u00f3 como una construcci\u00f3n pol\u00edtica transversal que busca nuclear a dirigentes de diferentes extracciones partidarias y sociales refractarios tanto al kirchnerismo como a los libertarios. Desde el peronismo hasta el radicalismo, pasando por espacios independientes y referentes barriales, la lista pretende \u201crepresentar la diversidad del electorado lanusense <strong>(VW)<\/strong><\/p>\n<p><strong>Con datos de Inforegi\u00f3n. Imagen archivo VW<\/strong><\/p>\n","protected":false},"excerpt":{"rendered":"<p>Lo secunda un ex jugadores de f\u00fatbol profesional, el \u00abLoco\u00bb Enrique como concejal. La lista se completa con varios referentes del radicalismo y otras agrupaciones pol\u00edticas\u00a0 locales.<\/p>\n","protected":false},"author":3,"featured_media":10037,"comment_status":"closed","ping_status":"closed","sticky":false,"template":"","format":"standard","meta":{"_monsterinsights_skip_tracking":false,"_monsterinsights_sitenote_active":false,"_monsterinsights_sitenote_note":"","_monsterinsights_sitenote_category":0,"footnotes":""},"categories":[1],"tags":[7943,5892,963,1839],"class_list":["post-18632","post","type-post","status-publish","format-standard","has-post-thumbnail","hentry","category-uncategorized","tag-aleianzas","tag-bursese","tag-manes","tag-radicales"],"_links":{"self":[{"href":"https:\/\/www.visionweb.com.ar\/index.php?rest_route=\/wp\/v2\/posts\/18632","targetHints":{"allow":["GET"]}}],"collection":[{"href":"https:\/\/www.visionweb.com.ar\/index.php?rest_route=\/wp\/v2\/posts"}],"about":[{"href":"https:\/\/www.visionweb.com.ar\/index.php?rest_route=\/wp\/v2\/types\/post"}],"author":[{"embeddable":true,"href":"https:\/\/www.visionweb.com.ar\/index.php?rest_route=\/wp\/v2\/users\/3"}],"replies":[{"embeddable":true,"href":"https:\/\/www.visionweb.com.ar\/index.php?rest_route=%2Fwp%2Fv2%2Fcomments&post=18632"}],"version-history":[{"count":2,"href":"https:\/\/www.visionweb.com.ar\/index.php?rest_route=\/wp\/v2\/posts\/18632\/revisions"}],"predecessor-version":[{"id":18634,"href":"https:\/\/www.visionweb.com.ar\/index.php?rest_route=\/wp\/v2\/posts\/18632\/revisions\/18634"}],"wp:featuredmedia":[{"embeddable":true,"href":"https:\/\/www.visionweb.com.ar\/index.php?rest_route=\/wp\/v2\/media\/10037"}],"wp:attachment":[{"href":"https:\/\/www.visionweb.com.ar\/index.php?rest_route=%2Fwp%2Fv2%2Fmedia&parent=18632"}],"wp:term":[{"taxonomy":"category","embeddable":true,"href":"https:\/\/www.visionweb.com.ar\/index.php?rest_route=%2Fwp%2Fv2%2Fcategories&post=18632"},{"taxonomy":"post_tag","embeddable":true,"href":"https:\/\/www.visionweb.com.ar\/index.php?rest_route=%2Fwp%2Fv2%2Ftags&post=18632"}],"curies":[{"name":"wp","href":"https:\/\/api.w.org\/{rel}","templated":true}]}}