{"id":18626,"date":"2025-07-20T12:29:43","date_gmt":"2025-07-20T15:29:43","guid":{"rendered":"https:\/\/www.visionweb.com.ar\/?p=18626"},"modified":"2025-07-20T12:30:23","modified_gmt":"2025-07-20T15:30:23","slug":"cierre-de-listas-alianzas-y-debate-para-las-elecciones-bonaerenses","status":"publish","type":"post","link":"https:\/\/www.visionweb.com.ar\/?p=18626","title":{"rendered":"Cierre de listas: Alianzas y debate para las elecciones bonaerenses"},"content":{"rendered":"<p><em><strong>En el orden provincial el peronismo debi\u00f3 pedir una pr\u00f3rroga a la Junta Electoral, hasta el lunes para sanjar las diferencias y cerrar las listas.\u00a0<\/strong><\/em><!--more--><\/p>\n<p><img loading=\"lazy\" decoding=\"async\" class=\"size-medium wp-image-18627 alignleft\" src=\"https:\/\/www.visionweb.com.ar\/wp-content\/uploads\/2025\/07\/ALVAREZ-DACUZZI-300x169.png\" alt=\"\" width=\"300\" height=\"169\" srcset=\"https:\/\/www.visionweb.com.ar\/wp-content\/uploads\/2025\/07\/ALVAREZ-DACUZZI-300x169.png 300w, https:\/\/www.visionweb.com.ar\/wp-content\/uploads\/2025\/07\/ALVAREZ-DACUZZI.png 640w\" sizes=\"auto, (max-width: 300px) 100vw, 300px\" \/>Mientras el peronismo bonaerese no lograba cerrar un acuerdo para armar las listas en el orden provincial, en la Tercera Secci\u00f3n electoral, al menos en el orden local ya qued\u00f3 todo definido.<\/p>\n<p>En ese sentido, en el distrito de Lan\u00fas, el intendente Juli\u00e1n Alvarez anunci\u00f3 la designaci\u00f3n de Leandro<br \/>\nDecuzzi como cabeza de lista de los concejales que competir\u00e1n con el sello de Fuerza por la Patria, con la mirada puesta en las elecciones bonarenses del pr\u00f3ximo 7 de septiembre.<\/p>\n<p>En ese sentido, el jefe del distrito de Lan\u00fas, Juli\u00e1n Alvarez, anunci\u00f3 anoche al candidato: \u201cEs un orgullo para mi contarles que el compa\u00f1ero Leandro Decuzzi es quien encabeza mi lista de concejales en Lan\u00fas\u201d, anunci\u00f3 hace algunas horas el jefe comunal.<\/p>\n<p>\u00abSer\u00e1 en Lan\u00fas, la lista que nos permita seguir transformando la ciudad que amamos. <strong>Se de la militancia, amor y trabajo diario del compa\u00f1ero por esta ciudad. Por eso nadie mejor que \u00e9l\u00a0<\/strong>para representarnos en este momento\u201d, enfatiz\u00f3 Alvarez.<\/p>\n<p>En tanto, en Lomas de Zamora, distrito que gobierna el ex presidente de la C\u00e1mara de Diputados bonaerenSe, Federico Otermin, propuso como cabeza de lista a concejales, a su Jefe de Gabinete, Sol Tischik.<\/p>\n<p><img loading=\"lazy\" decoding=\"async\" class=\"size-medium wp-image-18628 alignright\" src=\"https:\/\/www.visionweb.com.ar\/wp-content\/uploads\/2025\/07\/SOL-TISCHIK-300x170.png\" alt=\"\" width=\"300\" height=\"170\" srcset=\"https:\/\/www.visionweb.com.ar\/wp-content\/uploads\/2025\/07\/SOL-TISCHIK-300x170.png 300w, https:\/\/www.visionweb.com.ar\/wp-content\/uploads\/2025\/07\/SOL-TISCHIK.png 640w\" sizes=\"auto, (max-width: 300px) 100vw, 300px\" \/>\u201cSu rol es muy importante en la gesti\u00f3n porque es la encargada de organizar el trabajo diario y de generar las instancias necesarias para que tu visi\u00f3n y tus pedidos se reflejen en las obras y programas que llevamos a cabo en el Gobierno de la Comunidad\u201d, destac\u00f3 Oterm\u00edn.<\/p>\n<p>Tischik est\u00e1 acompa\u00f1ada en la n\u00f3mina por el secretario de Desarrollo Social,\u00a0<strong>Lucas Modarelli<\/strong>, la presidenta del Consejo Escolar,\u00a0<strong>Graciela Ch\u00e1vez<\/strong>; los dirigentes del Partido Justicialista\u00a0<strong>Juan Mar\u00eda Vi\u00f1ales<\/strong>,\u00a0<strong>Roxana Clemente<\/strong>\u00a0y\u00a0<strong>Osvaldo Deglaue<\/strong>.<\/p>\n<p>M\u00e1s al sur del gran Buenos Aires, en la partido de San Vicente, donde se encuentra la hist\u00f3rica casa de Juan Domingo Per\u00f3n, el intendente, Nicol\u00e1s Mantegazza, consagr\u00f3 como cabeza de lista a Daniella Lassalle, que encabezar\u00e1 la lista de candidatos a concejales de Fuerza por la Patria.<\/p>\n<p>Junto a Lassalle van\u00a0<strong>Sa\u00fal Soria, Carla Corti, Carlos V\u00e1zquez, Soledad Lembo, Esteban Ramos, Vanesa Crocce, Pablo Terniecki y Blanca Olmos<\/strong>.<\/p>\n<p><img loading=\"lazy\" decoding=\"async\" class=\"size-medium wp-image-18629 alignleft\" src=\"https:\/\/www.visionweb.com.ar\/wp-content\/uploads\/2025\/07\/LASSALLE-300x176.png\" alt=\"\" width=\"300\" height=\"176\" srcset=\"https:\/\/www.visionweb.com.ar\/wp-content\/uploads\/2025\/07\/LASSALLE-300x176.png 300w, https:\/\/www.visionweb.com.ar\/wp-content\/uploads\/2025\/07\/LASSALLE.png 640w\" sizes=\"auto, (max-width: 300px) 100vw, 300px\" \/>\u201cQuiero felicitar a Lassalle Daniela por este gran paso que da, encabezando nuestra lista para el Concejo Deliberante, porque s\u00e9 la enorme capacidad y el compromiso que tiene con cada vecino de San Vicente\u201d, expres\u00f3 el jefe comunal de\u00a0<strong>San Vicente<\/strong> en sus redes sociales.<\/p>\n<p>Por su parte, la agrupaci\u00f3n pol\u00edtica de izquierda Nuevo M\u00e1s, tambi\u00e9n present\u00f3 sus candidatos para la Tercera Secci\u00f3n Electoral y la respecto, ubic\u00f3 como vabeza de lista al soci\u00f3logo Juan Cruz \u00a0Ramat y la referente de la juventud anticapitalista del \u00a1Ya Basta! Mar\u00eda Paz \u00c1lvarez. En la\u00a0<strong>1\u00b0 Secci\u00f3n,<\/strong>\u00a0la m\u00e1s populosa en esta elecci\u00f3n, el docente y referente del Nuevo MAS en el norte del Gran Buenos Aires Lucas Correa est\u00e1 al frente de la lista.<\/p>\n<p><strong>La lista de Diputados<\/strong><\/p>\n<p>En el oficialismo bonaerense, la vicegobernadora de la Provincia, Ver\u00f3nica Magarios, encabezar\u00e1 la lista de diputados provinciales por la Tercera Secci\u00f3n electoral, luego de extensas negovciaciones que se extendieron a lo largo de la madrugada del s\u00e1bado.<\/p>\n<p><img loading=\"lazy\" decoding=\"async\" class=\"size-medium wp-image-12898 alignright\" src=\"https:\/\/www.visionweb.com.ar\/wp-content\/uploads\/2023\/12\/AXEL-Y-MAGARIOS-300x201.png\" alt=\"\" width=\"300\" height=\"201\" srcset=\"https:\/\/www.visionweb.com.ar\/wp-content\/uploads\/2023\/12\/AXEL-Y-MAGARIOS-300x201.png 300w, https:\/\/www.visionweb.com.ar\/wp-content\/uploads\/2023\/12\/AXEL-Y-MAGARIOS.png 640w\" sizes=\"auto, (max-width: 300px) 100vw, 300px\" \/>En una definici\u00f3n que lleg\u00f3 pasadas las 5 de la ma\u00f1ana, el gobernador\u00a0<strong>Axel Kicillof logr\u00f3 imponer a uno de sus dirigentes de m\u00e1xima confianza en esta estrat\u00e9gica secci\u00f3n electoral,<\/strong>\u00a0que comprende los partidos del sur del Gran Buenos Aires, una zona clave para el peronismo provincial.<\/p>\n<p>La postulaci\u00f3n de Magario se impuso\u00a0<strong>sobre la del intendente de Almirante Brown, Mariano Cascallares,<\/strong>\u00a0quien hab\u00eda encabezado esta misma lista hace cuatro a\u00f1os y contaba con el respaldo de varios jefes comunales de la zona. La disputa por esta candidatura fue uno de los principales nudos de conflicto en las negociaciones internas.<\/p>\n<p><strong>En los comicios se renuevan 46 bancas en la Legislatura (23 de Diputados y 23 de Senadores), m\u00e1s los concejales y consejeros escolares de los 135 municipios(VW)<\/strong><em>.<\/em><\/p>\n<p><em><strong>Con datos de Inforegi\u00f3n<\/strong>\u00a0\u00a0<\/em><\/p>\n<p>&nbsp;<\/p>\n","protected":false},"excerpt":{"rendered":"<p>En el orden provincial el peronismo debi\u00f3 pedir una pr\u00f3rroga a la Junta Electoral, hasta el lunes para sanjar las diferencias y cerrar las listas.\u00a0<\/p>\n","protected":false},"author":3,"featured_media":18627,"comment_status":"closed","ping_status":"closed","sticky":false,"template":"","format":"standard","meta":{"_monsterinsights_skip_tracking":false,"_monsterinsights_sitenote_active":false,"_monsterinsights_sitenote_note":"","_monsterinsights_sitenote_category":0,"footnotes":""},"categories":[1],"tags":[],"class_list":["post-18626","post","type-post","status-publish","format-standard","has-post-thumbnail","hentry","category-uncategorized"],"_links":{"self":[{"href":"https:\/\/www.visionweb.com.ar\/index.php?rest_route=\/wp\/v2\/posts\/18626","targetHints":{"allow":["GET"]}}],"collection":[{"href":"https:\/\/www.visionweb.com.ar\/index.php?rest_route=\/wp\/v2\/posts"}],"about":[{"href":"https:\/\/www.visionweb.com.ar\/index.php?rest_route=\/wp\/v2\/types\/post"}],"author":[{"embeddable":true,"href":"https:\/\/www.visionweb.com.ar\/index.php?rest_route=\/wp\/v2\/users\/3"}],"replies":[{"embeddable":true,"href":"https:\/\/www.visionweb.com.ar\/index.php?rest_route=%2Fwp%2Fv2%2Fcomments&post=18626"}],"version-history":[{"count":2,"href":"https:\/\/www.visionweb.com.ar\/index.php?rest_route=\/wp\/v2\/posts\/18626\/revisions"}],"predecessor-version":[{"id":18631,"href":"https:\/\/www.visionweb.com.ar\/index.php?rest_route=\/wp\/v2\/posts\/18626\/revisions\/18631"}],"wp:featuredmedia":[{"embeddable":true,"href":"https:\/\/www.visionweb.com.ar\/index.php?rest_route=\/wp\/v2\/media\/18627"}],"wp:attachment":[{"href":"https:\/\/www.visionweb.com.ar\/index.php?rest_route=%2Fwp%2Fv2%2Fmedia&parent=18626"}],"wp:term":[{"taxonomy":"category","embeddable":true,"href":"https:\/\/www.visionweb.com.ar\/index.php?rest_route=%2Fwp%2Fv2%2Fcategories&post=18626"},{"taxonomy":"post_tag","embeddable":true,"href":"https:\/\/www.visionweb.com.ar\/index.php?rest_route=%2Fwp%2Fv2%2Ftags&post=18626"}],"curies":[{"name":"wp","href":"https:\/\/api.w.org\/{rel}","templated":true}]}}