{"id":18622,"date":"2025-07-18T13:55:22","date_gmt":"2025-07-18T16:55:22","guid":{"rendered":"https:\/\/www.visionweb.com.ar\/?p=18622"},"modified":"2025-07-18T13:55:22","modified_gmt":"2025-07-18T16:55:22","slug":"milei-inicio-el-proceso-de-privatizacion-de-aysa","status":"publish","type":"post","link":"https:\/\/www.visionweb.com.ar\/?p=18622","title":{"rendered":"Milei inici\u00f3 el proceso de privatizaci\u00f3n de AySA"},"content":{"rendered":"<p><strong><em>Lo anunci\u00f3 el vocero Manuel Adorni.<\/em> <em>\u201cTodo este proceso de privatizaci\u00f3n se inicia a partir de hoy\u201d. \u00a0\u00abSe incorporar\u00e1 capital privado mediante la transferencia del 90% de las acciones de la empresa<\/em> <em>a trav\u00e9s de un esquema mixto que combina<\/em> <em>licitaci\u00f3n p\u00fablica nacional e internacional <\/em><em>\u00ab, dijo.<\/em><\/strong><!--more--><\/p>\n<p><strong>\u00a0\u00a0 <img loading=\"lazy\" decoding=\"async\" class=\"size-medium wp-image-7734 alignright\" src=\"https:\/\/www.visionweb.com.ar\/wp-content\/uploads\/2022\/10\/aysa-300x208.jpg\" alt=\"\" width=\"300\" height=\"208\" srcset=\"https:\/\/www.visionweb.com.ar\/wp-content\/uploads\/2022\/10\/aysa-300x208.jpg 300w, https:\/\/www.visionweb.com.ar\/wp-content\/uploads\/2022\/10\/aysa.bmp 596w\" sizes=\"auto, (max-width: 300px) 100vw, 300px\" \/>\u00a0\u00a0 E<\/strong>l Gobierno nacional anunci\u00f3 este viernes\u00a0<strong>el inicio del proceso de privatizaci\u00f3n de Aguas y Saneamientos Argentinos S.A (AySA),<\/strong> lo confirm\u00f3 el vocero presidencial, Manuel Adorni, quien dijo que se\u00a0<strong>transferir\u00e1n el 90% de las acciones que tiene el Estado<\/strong>\u00a0en la empresa a capitales privados.<\/p>\n<p>\u201cEl Gobierno nacional tom\u00f3 la\u00a0decisi\u00f3n de iniciar el proceso de privatizaci\u00f3n de AySA\u201d, anunci\u00f3 Adorni durante su habitual conferencia de prensa en la Casa Rosada. Se trata de la empresa que brinda servicios de agua y cloacas\u00a0para la Ciudad de Buenos Aires y 26 partidos del conurbano bonaerense.<\/p>\n<p>Seg\u00fan indic\u00f3 el portavoz, detall\u00f3: \u201cSe incorporar\u00e1 capital privado mediante la transferencia del 90% de las acciones de la empresa, actualmente en manos del Estado, a trav\u00e9s de un <strong>esquema mixto que combina una licitaci\u00f3n p\u00fablica nacional e internacional <\/strong>para seleccionar un operador estrat\u00e9gico y una oferta p\u00fablica inicial para abrir el capital de la empresa a otros inversores\u201d.<\/p>\n<p>\u201cEn la propuesta se incluye la\u00a0<strong>permanencia de los empleados como accionistas de AySA\u00a0<\/strong>dentro del Programa de Propiedad Participada actualmente vigente, el cual representa el 10% del capital social de la empresa\u201d, puntualiz\u00f3.<\/p>\n<p>Por otro lado, el vocero presidencial apunt\u00f3 contra las gestiones anteriores de la empresa. \u201cDesde su reestatizaci\u00f3n en 2006, AySA requiri\u00f3 aportes del Tesoro permanentes totalizando m\u00e1s de\u00a0<strong>US$13.400 millones<\/strong>\u00a0hasta 2023. En este sentido, indicadores claves muestran que hubo un fuerte deterioro en la infraestructura y en los costos operativos.\u00a0<strong>La dotaci\u00f3n creci\u00f3 un 90% durante la gesti\u00f3n estatal y el nivel de morosidad de los usuarios alcanzo el 16% cuando supo ser del 4% en promedio\u201d<\/strong>, detall\u00f3 Adorni al mencionar las razones de la decisi\u00f3n de la administraci\u00f3n libertaria.<\/p>\n<p>En ese marco, el portavoz destac\u00f3 que cuando Milei lleg\u00f3 a la Casa Rosada \u201cse encontr\u00f3 con que se hab\u00edan gastado m\u00e1s de US$4800 millones en la \u00faltima gesti\u00f3n de gobierno\u201d de\u00a0Alberto Fern\u00e1ndezy apunt\u00f3:\u00a0<strong>\u201cCon todo este presupuesto, la empresa funcion\u00f3 como plataforma de campa\u00f1a\u201d<\/strong>.<\/p>\n<p>En tanto, Adorni aclar\u00f3 que \u201c<strong>todo este proceso de privatizaci\u00f3n se inicia a partir de hoy<\/strong>, ser\u00e1 regulado por la Comisi\u00f3n Nacional de Valores (CNV) y ajustado a los m\u00e1s altos est\u00e1ndares nacionales e internacionales para garantizar la transferencia del mismo\u201d.<\/p>\n<p>Luego cerr\u00f3: \u201cLa\u00a0<strong>privatizaci\u00f3n de la empresa permitir\u00e1 modernizar el sector y mejorar el precio y la calidad del servicio<\/strong>. Es el paso m\u00e1s importante en el camino para <strong>la irremediable privatizaci\u00f3n de AySA<\/strong>\u201d. (<strong>VW)<\/strong><\/p>\n","protected":false},"excerpt":{"rendered":"<p>Lo anunci\u00f3 el vocero Manuel Adorni. \u201cTodo este proceso de privatizaci\u00f3n se inicia a partir de hoy\u201d. \u00a0\u00abSe incorporar\u00e1 capital privado mediante la transferencia del 90% de las acciones de la empresa a trav\u00e9s&#46;&#46;&#46;<\/p>\n","protected":false},"author":4,"featured_media":7734,"comment_status":"closed","ping_status":"closed","sticky":false,"template":"","format":"standard","meta":{"_monsterinsights_skip_tracking":false,"_monsterinsights_sitenote_active":false,"_monsterinsights_sitenote_note":"","_monsterinsights_sitenote_category":0,"footnotes":""},"categories":[4],"tags":[7938,7937],"class_list":["post-18622","post","type-post","status-publish","format-standard","has-post-thumbnail","hentry","category-politica","tag-acciones-del-estado","tag-privatizacion-de-aysa"],"_links":{"self":[{"href":"https:\/\/www.visionweb.com.ar\/index.php?rest_route=\/wp\/v2\/posts\/18622","targetHints":{"allow":["GET"]}}],"collection":[{"href":"https:\/\/www.visionweb.com.ar\/index.php?rest_route=\/wp\/v2\/posts"}],"about":[{"href":"https:\/\/www.visionweb.com.ar\/index.php?rest_route=\/wp\/v2\/types\/post"}],"author":[{"embeddable":true,"href":"https:\/\/www.visionweb.com.ar\/index.php?rest_route=\/wp\/v2\/users\/4"}],"replies":[{"embeddable":true,"href":"https:\/\/www.visionweb.com.ar\/index.php?rest_route=%2Fwp%2Fv2%2Fcomments&post=18622"}],"version-history":[{"count":1,"href":"https:\/\/www.visionweb.com.ar\/index.php?rest_route=\/wp\/v2\/posts\/18622\/revisions"}],"predecessor-version":[{"id":18623,"href":"https:\/\/www.visionweb.com.ar\/index.php?rest_route=\/wp\/v2\/posts\/18622\/revisions\/18623"}],"wp:featuredmedia":[{"embeddable":true,"href":"https:\/\/www.visionweb.com.ar\/index.php?rest_route=\/wp\/v2\/media\/7734"}],"wp:attachment":[{"href":"https:\/\/www.visionweb.com.ar\/index.php?rest_route=%2Fwp%2Fv2%2Fmedia&parent=18622"}],"wp:term":[{"taxonomy":"category","embeddable":true,"href":"https:\/\/www.visionweb.com.ar\/index.php?rest_route=%2Fwp%2Fv2%2Fcategories&post=18622"},{"taxonomy":"post_tag","embeddable":true,"href":"https:\/\/www.visionweb.com.ar\/index.php?rest_route=%2Fwp%2Fv2%2Ftags&post=18622"}],"curies":[{"name":"wp","href":"https:\/\/api.w.org\/{rel}","templated":true}]}}