{"id":18616,"date":"2025-07-17T15:26:20","date_gmt":"2025-07-17T18:26:20","guid":{"rendered":"https:\/\/www.visionweb.com.ar\/?p=18616"},"modified":"2025-07-17T20:28:10","modified_gmt":"2025-07-17T23:28:10","slug":"quedo-habilitada-al-publico-la-137-edicion-de-la-expo-rural-25","status":"publish","type":"post","link":"https:\/\/www.visionweb.com.ar\/?p=18616","title":{"rendered":"Qued\u00f3 habilitada al p\u00fablico la 137 Edici\u00f3n de la Expo Rural 25"},"content":{"rendered":"<p><em><strong>Este a\u00f1o arribaran en los pr\u00f3ximos d\u00edas m\u00e1s de 2.200 animales, m\u00e1s de 500 expositores y una gran cantidad de charlas de capacitaci\u00f3n.<\/strong><\/em><!--more--><\/p>\n<p>Con una ma\u00f1ana nublada y un viento que soplaba del sur qued\u00f3 inaugurada este jueves la 137\u00b0 edici\u00f3n de la Exposici\u00f3n de Ganader\u00eda, Agricultura e Industria e internacional, Expo Rural 25 que desde hoy y hasta el 27 de julio se realiza en el predio ferial de Palero.<\/p>\n<p>El corte de citas se realiz\u00f3 a las 8 y 57 y, estuvo a cargo del presidente de la Sociedad Rural Argentina (SRA), Nicol\u00e1s Pino, el jefe de gobierno porte\u00f1o, Jorge Macri, el secretario de Agricultura de la Naci\u00f3n, Ignacio Iraeta y el jefe de Gabinete de la Naci\u00f3n, Guillermo Francos, entre otras autoridades y referentes provinciales.<\/p>\n<p>Tambi\u00e9n ocuparon el escenario principal los presidentes que integran la Comisi\u00f3n de Enlace de Entidades Agropecuarias (Mesa de Enlace), Andrea Sarnari (Federaci\u00f3n Agraria Argentina); Carlos Castagnani, (Confederaciones Rurales Argentinas); y Lucas Magnano, (Confederaci\u00f3n Intercooperativa Agropecuaria).<\/p>\n<p>Junto a los invitados, formaron parte de la comitiva un jinete con dos caballos criollos que recuerdan los 100 a\u00f1os de la gesta que uni\u00f3 a Buenos Aires con Nueva York.<\/p>\n<p>Tras el corte de la cinta celeste y blanca, la delegaci\u00f3n de funcionarios, junto a directivos de la SRA, se ubicaron en la plazoleta central para dar inicio al acto de apertura de la muestra, con elk acompa\u00f1amiento de la Banda del Regimiento de Granaderos a Caballo que interpret\u00f3 las estrofas del Himno Nacional Argentino.<\/p>\n<p>Elsztain abri\u00f3 los mensajes y dio la bienvenida, recordando cuando acompa\u00f1aba a su padre a la Exposici\u00f3n Rural en las vacaciones de julio, cuando se encuentra el campo y la ciudad en Palermo y, a la vez, compartiendo su deseo y certeza de que ser\u00e1 una exposici\u00f3n exitosa.<\/p>\n<p><em>\u201c<\/em>A todos los que nos visiten les aseguro que se van a sorprender. Lo que pasa todo el a\u00f1o en el campo es lo que pasar\u00e1 estos d\u00edas en la Exposici\u00f3n Rural. El campo es el sector m\u00e1s competitivo de la Argentina y es ac\u00e1 donde se demuestra eso\u201d, destac\u00f3 Pino, repasando que hay m\u00e1s de 2200 animales, m\u00e1s de 500 expositores de todo el pa\u00eds y 16 provincias presentes<em>.<\/em><\/p>\n<p>\u201cA partir de este momento estamos abriendo las puertas de esta exposici\u00f3n, donde, les aseguro, se van a sorprender, porque lo que pasa en el capo, pasa en estos d\u00edas en la Rural que se realiza desde hace mucho tiempo, es una tremenda caja de resonancia porque el campo es el sector m\u00e1s competitivo de la Argentina y es ac\u00e1 es donde se demuestra que eso pasa\u201d, se\u00f1al\u00f3 Pino.<\/p>\n<p>El titular de la SRA record\u00f3 que este a\u00f1o arribaran en los pr\u00f3ximos d\u00edas: \u201cM\u00e1s de 2.200 animales, vamos a recorrer e intercambiar ideas con m\u00e1s de 500 expositores de todo tipo por el federalismo que tiene esta exposici\u00f3n con la presencia de expositores de todo el pa\u00eds.\u00a0 Esta exposici\u00f3n los va a llenar de orgullo por el potencial que el campo tiene en nuestra Argentina\u201d, describi\u00f3.<\/p>\n<p>Por su parte, el Secretario de Agricultura de la Naci\u00f3n, Ignacio Iraeta, a su turno, destac\u00f3 la emoci\u00f3n que le genera \u201cestar rodeado de productores, de caballos criollos y, como nieto de un\u00a0 capit\u00e1n de Granaderos, rodeado de granaderos y agreg\u00f3: \u201cSuscribo todo lo que dijo el Presidente (Nicol\u00e1s Pino) y, coincido en que este es el momento en el que el capo est\u00e1 presente en la ciudad de Buenos Aires, por eso espero que esta exposici\u00f3n, la n\u00famero 137 se exitosa y que los ciudadanos puedan ver y comprender de donde viene la riqueza de la Argentina\u201d<\/p>\n<p>El locutor, luego dio paso al jefe de Gobierno, Jorge Macri, para que pronunciara su mensaje, pero alguien lo interrumpi\u00f3 y le pidio que presentara al Jefe de Gabinete, Guillermo Francos, quien agradeci\u00f3 tambi\u00e9n la invitaci\u00f3n para participar del acto de apertura y record\u00f3 que \u201cd\u00edas atr\u00e1s, el Presidente de la Naci\u00f3n, (Javier Milei), se reuni\u00f3 aqu\u00ed con la Mesa de Enlace, conversaron sobre la problem\u00e1tica del campo y hubo un entendimiento sobre la situaci\u00f3n y de la forma de mirar para para adelante, eso nos llena de esperanza\u201d, expres\u00f3.<\/p>\n<p>En tanto, Jorge Macri, Jefe de Gobierno de la Ciudad de Buenos Aires destac\u00f3 la importancia que tiene la presencias de la muestra en la Ciudad que \u201cdemuestra la integraci\u00f3n entre el campo y la ciudad y en este peque\u00f1o punto que es la ciudad de Buenos Aires, se concentra uno de cada cinco pesos de la Argentina, el 20% del PI se produce ac\u00e1 y, mucho se produce en combinaci\u00f3n con el capo porque casi el 70% de tecnolog\u00eda aplicada al campo tiene tambi\u00e9n asiento en la Ciudad\u201d<\/p>\n<p>\u201cEn nuestro parque de la innovaci\u00f3n estamos trabajando con la Rural en forma activa en la integraci\u00f3n de tecnolog\u00eda, de biociencias y todo lo que es inteligencia artificial que nos va a permitir crecer en la generaci\u00f3n de m\u00e1s valor desde la naturaleza, de los alimentos para enfrentar la revoluci\u00f3n que se viene con las biociencias que se ven en esta muestra. El campo adem\u00e1s de ser naturaleza, tierra, trabajo hoy tiene mucha tecnolog\u00eda aplicada\u201d, cerro<\/p>\n<p>Luego de los discursos de apertura, los funcionarios y los directivos recorrieron la muestra y dialogaron con los expositores\u00a0<strong>(NAP\/VW)<\/strong>.<\/p>\n<p>&nbsp;<\/p>\n<p>\u201c<\/p>\n","protected":false},"excerpt":{"rendered":"<p>Este a\u00f1o arribaran en los pr\u00f3ximos d\u00edas m\u00e1s de 2.200 animales, m\u00e1s de 500 expositores y una gran cantidad de charlas de capacitaci\u00f3n.<\/p>\n","protected":false},"author":3,"featured_media":18617,"comment_status":"closed","ping_status":"closed","sticky":false,"template":"","format":"standard","meta":{"_monsterinsights_skip_tracking":false,"_monsterinsights_sitenote_active":false,"_monsterinsights_sitenote_note":"","_monsterinsights_sitenote_category":0,"footnotes":""},"categories":[1],"tags":[],"class_list":["post-18616","post","type-post","status-publish","format-standard","has-post-thumbnail","hentry","category-uncategorized"],"_links":{"self":[{"href":"https:\/\/www.visionweb.com.ar\/index.php?rest_route=\/wp\/v2\/posts\/18616","targetHints":{"allow":["GET"]}}],"collection":[{"href":"https:\/\/www.visionweb.com.ar\/index.php?rest_route=\/wp\/v2\/posts"}],"about":[{"href":"https:\/\/www.visionweb.com.ar\/index.php?rest_route=\/wp\/v2\/types\/post"}],"author":[{"embeddable":true,"href":"https:\/\/www.visionweb.com.ar\/index.php?rest_route=\/wp\/v2\/users\/3"}],"replies":[{"embeddable":true,"href":"https:\/\/www.visionweb.com.ar\/index.php?rest_route=%2Fwp%2Fv2%2Fcomments&post=18616"}],"version-history":[{"count":1,"href":"https:\/\/www.visionweb.com.ar\/index.php?rest_route=\/wp\/v2\/posts\/18616\/revisions"}],"predecessor-version":[{"id":18618,"href":"https:\/\/www.visionweb.com.ar\/index.php?rest_route=\/wp\/v2\/posts\/18616\/revisions\/18618"}],"wp:featuredmedia":[{"embeddable":true,"href":"https:\/\/www.visionweb.com.ar\/index.php?rest_route=\/wp\/v2\/media\/18617"}],"wp:attachment":[{"href":"https:\/\/www.visionweb.com.ar\/index.php?rest_route=%2Fwp%2Fv2%2Fmedia&parent=18616"}],"wp:term":[{"taxonomy":"category","embeddable":true,"href":"https:\/\/www.visionweb.com.ar\/index.php?rest_route=%2Fwp%2Fv2%2Fcategories&post=18616"},{"taxonomy":"post_tag","embeddable":true,"href":"https:\/\/www.visionweb.com.ar\/index.php?rest_route=%2Fwp%2Fv2%2Ftags&post=18616"}],"curies":[{"name":"wp","href":"https:\/\/api.w.org\/{rel}","templated":true}]}}