{"id":18612,"date":"2025-07-17T20:15:12","date_gmt":"2025-07-17T23:15:12","guid":{"rendered":"https:\/\/www.visionweb.com.ar\/?p=18612"},"modified":"2025-07-20T15:41:58","modified_gmt":"2025-07-20T18:41:58","slug":"balladares-debemos-volver-a-hablarle-al-pueblo","status":"publish","type":"post","link":"https:\/\/www.visionweb.com.ar\/?p=18612","title":{"rendered":"Balladares: \u00abDebemos volver a hablarle al pueblo\u00bb"},"content":{"rendered":"<p><em><strong>La afirmaci\u00f3n corresponde al presidente del Honorable Consejo Deliberante de Lan\u00fas, Agust\u00edn Balladares. Adem\u00e1s, hizo un llamado a la militancia para resembrar al peronismo.<\/strong><\/em> <!--more--><\/p>\n<p><img loading=\"lazy\" decoding=\"async\" class=\"size-medium wp-image-18613 alignright\" src=\"https:\/\/www.visionweb.com.ar\/wp-content\/uploads\/2025\/07\/BALLADARES-UNO-300x155.jpeg\" alt=\"\" width=\"300\" height=\"155\" srcset=\"https:\/\/www.visionweb.com.ar\/wp-content\/uploads\/2025\/07\/BALLADARES-UNO-300x155.jpeg 300w, https:\/\/www.visionweb.com.ar\/wp-content\/uploads\/2025\/07\/BALLADARES-UNO-768x397.jpeg 768w, https:\/\/www.visionweb.com.ar\/wp-content\/uploads\/2025\/07\/BALLADARES-UNO.jpeg 800w\" sizes=\"auto, (max-width: 300px) 100vw, 300px\" \/>En el marco del Ciclo Tribuna Acad\u00e9mica organizado por la Universidad Nacional de Lan\u00fas (UNLa) y la Casa de Altos Estudios, el presidente del Consejo de Deliberantes de Lan\u00fas, Agust\u00edn Balladares present\u00f3 este mi\u00e9rcoles, una serie de propuestas bajo la consigna <strong>\u00abIdeas nuevas para los problemas de ahora, una mirada peronista para el conurbano\u00bb<\/strong>, que apuntan a aportar diversas alternativas que de transformarse en pol\u00edticas p\u00fablicas contribuir\u00edan a mejorar la situaci\u00f3n econ\u00f3mica del sur Gran Buenos Aires.<\/p>\n<p>Balladares,\u00a0 adem\u00e1s de presidir el Consejo Deliberante local, es Vicepresidente del Partido Justicialista (PJ) local y Congresal Nacional.<\/p>\n<p>La reuni\u00f3n que se realiz\u00f3 en el cine Tita Merello de la UNLa convoc\u00f3 a una nutrida concurrencia que colmo las instalaciones del auditorio.<\/p>\n<p>Balladares que fue el \u00fanico orador expuso <strong>una serie de ideas que involucran a la regi\u00f3n sur del conurbano bonaerense.<\/strong><\/p>\n<p>La iniciativa del dirigente peronista nace en un contexto en donde el presidente de Argentina, Javier Milei \u00ab<strong>creci\u00f3 en los vac\u00edos que el peronismo no supo resolver y desde ah\u00ed el planteo que la pesadilla que est\u00e1 viviendo la inmensa mayor\u00eda de los argentinos tiene un final\u00bb<\/strong>, subray\u00f3 el titular del CD local.<\/p>\n<p>\u00abEse final se llama Peronismo. Y para eso <strong>se necesita volver a hablarle al pueblo, a sus problemas reales, hacerse cargo de los errores y animarse a construir nuevas ideas para resembrar al peronismo y devolverle sentido a la esperanza\u00bb, enfatiz\u00f3.<\/strong><\/p>\n<p>Las\u00a0 ideas y acciones\u00a0 presentadas por Balladares, se platearon\u00a0 como un\u00a0 aporte al debate p\u00fablico desde la mirada de un militante peronista en referencia\u00a0 a problemas que trasvasan a toda la sociedad argentina, pero fundamentalmente al conurbano bonaerense donde se ve \u00abprecarizaci\u00f3n laboral joven, pluriempleo, desocupaci\u00f3n, seguridad, comunidad, econom\u00eda de aplicaciones, emprendedores, barrios populares, salud mental, alquileres, Edesur, desintegraci\u00f3n urbana, jubilados, discapacidad, educaci\u00f3n, infancias, econom\u00eda del conocimiento, alimentaci\u00f3n barata y saludable, entre otros temas centrales para la vida de nuestro pueblo\u00bb, enfatiz\u00f3 Balladares.<\/p>\n<p>En esta l\u00ednea, el presidente del HCD de Lan\u00fas, en sus redes sociales a modo de s\u00edntesis, sostuvo. \u201cLa cosa est\u00e1 mal. Pero no queremos quedarnos en el diagn\u00f3stico. Por eso construimos ideas para aportar al debate p\u00fablico frente a los problemas de nuestro pueblo. El peronismo es el \u00fanico capaz de dar vuelta la realidad para terminar con el vaciamiento y la entrega de Milei. Para eso necesitamos resembrarlo de propuestas\u00bb, puntualiz\u00f3.<\/p>\n<p><img loading=\"lazy\" decoding=\"async\" class=\"size-medium wp-image-18614 alignright\" src=\"https:\/\/www.visionweb.com.ar\/wp-content\/uploads\/2025\/07\/BALLADARES-SDOS-300x293.jpeg\" alt=\"\" width=\"300\" height=\"293\" srcset=\"https:\/\/www.visionweb.com.ar\/wp-content\/uploads\/2025\/07\/BALLADARES-SDOS-300x293.jpeg 300w, https:\/\/www.visionweb.com.ar\/wp-content\/uploads\/2025\/07\/BALLADARES-SDOS.jpeg 492w\" sizes=\"auto, (max-width: 300px) 100vw, 300px\" \/>\u00abLo nuestro es un aporte. Sin tener la verdad revelada ni mucho menos. Pero creemos que para salir del laberinto hay que dar las discusiones por m\u00e1s que sean inc\u00f3modas\u201d, destac\u00f3.<\/p>\n<p>En esa direcci\u00f3n hizo un pedido a la dirigencia y a la militancia peronista: \u201cNo tiremos la toalla. Nos convoca un deber \u00e9tico y nos ampara un mandato hist\u00f3rico. Hay motivos de sobra por los que luchar\u201d cerr\u00f3 el dirigente peronista.<\/p>\n<p>Previo al acto, Balladares fue recibido por el Rector y Vicerrector de la UNLa, Daniel Bozzani y Georgina Hern\u00e1ndez, respectivamente, entre otras autoridades de la Casa de Altos Estudios.<\/p>\n<p>Se encontraban presentes funcionarios municipales y legislativos locales; dirigentes pol\u00edticos e integrantes de diferentes gremios; representantes de entidades que hacen al entramado social del conurbano, referentes de Clubes, Sociedades de Fomento, Centros de Jubilados, Bibliotecas Populares, organizaciones sociales, barriales, adem\u00e1s de dirigentes y militantes peronistas de la Tercera Secci\u00f3n Electoral, entre otros <strong>(VW)<\/strong>.<\/p>\n","protected":false},"excerpt":{"rendered":"<p>La afirmaci\u00f3n corresponde al presidente del Honorable Consejo Deliberante de Lan\u00fas, Agust\u00edn Balladares. Adem\u00e1s, hizo un llamado a la militancia para resembrar al peronismo.<\/p>\n","protected":false},"author":3,"featured_media":18613,"comment_status":"closed","ping_status":"closed","sticky":false,"template":"","format":"standard","meta":{"_monsterinsights_skip_tracking":false,"_monsterinsights_sitenote_active":false,"_monsterinsights_sitenote_note":"","_monsterinsights_sitenote_category":0,"footnotes":""},"categories":[1],"tags":[],"class_list":["post-18612","post","type-post","status-publish","format-standard","has-post-thumbnail","hentry","category-uncategorized"],"_links":{"self":[{"href":"https:\/\/www.visionweb.com.ar\/index.php?rest_route=\/wp\/v2\/posts\/18612","targetHints":{"allow":["GET"]}}],"collection":[{"href":"https:\/\/www.visionweb.com.ar\/index.php?rest_route=\/wp\/v2\/posts"}],"about":[{"href":"https:\/\/www.visionweb.com.ar\/index.php?rest_route=\/wp\/v2\/types\/post"}],"author":[{"embeddable":true,"href":"https:\/\/www.visionweb.com.ar\/index.php?rest_route=\/wp\/v2\/users\/3"}],"replies":[{"embeddable":true,"href":"https:\/\/www.visionweb.com.ar\/index.php?rest_route=%2Fwp%2Fv2%2Fcomments&post=18612"}],"version-history":[{"count":3,"href":"https:\/\/www.visionweb.com.ar\/index.php?rest_route=\/wp\/v2\/posts\/18612\/revisions"}],"predecessor-version":[{"id":18636,"href":"https:\/\/www.visionweb.com.ar\/index.php?rest_route=\/wp\/v2\/posts\/18612\/revisions\/18636"}],"wp:featuredmedia":[{"embeddable":true,"href":"https:\/\/www.visionweb.com.ar\/index.php?rest_route=\/wp\/v2\/media\/18613"}],"wp:attachment":[{"href":"https:\/\/www.visionweb.com.ar\/index.php?rest_route=%2Fwp%2Fv2%2Fmedia&parent=18612"}],"wp:term":[{"taxonomy":"category","embeddable":true,"href":"https:\/\/www.visionweb.com.ar\/index.php?rest_route=%2Fwp%2Fv2%2Fcategories&post=18612"},{"taxonomy":"post_tag","embeddable":true,"href":"https:\/\/www.visionweb.com.ar\/index.php?rest_route=%2Fwp%2Fv2%2Ftags&post=18612"}],"curies":[{"name":"wp","href":"https:\/\/api.w.org\/{rel}","templated":true}]}}