{"id":18602,"date":"2025-07-16T13:07:22","date_gmt":"2025-07-16T16:07:22","guid":{"rendered":"https:\/\/www.visionweb.com.ar\/?p=18602"},"modified":"2025-07-16T13:07:22","modified_gmt":"2025-07-16T16:07:22","slug":"la-vtv-aumento-255-en-la-provincia-de-buenos-aires","status":"publish","type":"post","link":"https:\/\/www.visionweb.com.ar\/?p=18602","title":{"rendered":"La VTV aument\u00f3 25,5 % en la provincia de Buenos Aires"},"content":{"rendered":"<p><strong><em>El incremento fue oficializado hoy por el Ministerio de Transporte. Este ajuste hab\u00eda sido suspendido por tres meses<\/em> <em>y ahora \u201ccorresponde la actualizaci\u00f3n tarifaria peticionada por las empresas concesionarias\u201d.<\/em><\/strong><!--more--><\/p>\n<p><strong>\u00a0\u00a0\u00a0 <img loading=\"lazy\" decoding=\"async\" class=\"size-full wp-image-3724 alignright\" src=\"https:\/\/www.visionweb.com.ar\/wp-content\/uploads\/2021\/12\/vtv.bmp\" alt=\"\" width=\"572\" height=\"295\" \/>\u00a0\u00a0\u00a0\u00a0 E<\/strong>l Ministerio de Transporte bonaerense actualiz\u00f3 desde este mi\u00e9rcoles la tarifa b\u00e1sica del servicio de\u00a0<strong>Verificaci\u00f3n T\u00e9cnica Vehicular (VTV),<\/strong>\u00a0que desde ahora\u00a0<strong>costar\u00e1 $79.640,87<\/strong>\u00a0con IVA incluido,\u00a0<strong>un 25,5% m\u00e1s<\/strong>\u00a0que la que se pagaba desde febrero.<\/p>\n<p>El monto se estableci\u00f3 seg\u00fan lo dispuesto mediante la <strong>Resoluci\u00f3n 188\/2025<\/strong> publicada en el Bolet\u00edn Oficial, luego de tres meses de suspensi\u00f3n de un ajuste ya previsto.<\/p>\n<p>En la norma firmada por Mart\u00edn Marinucci se aprob\u00f3 \u201cel aumento del valor de la tarifa b\u00e1sica\u201d de la VTV que desde este mi\u00e9rcoles asciende a los 79.640,87 pesos (con IVA incluido).\u00a0<strong>Hasta ahora hacer la verificaci\u00f3n t\u00e9cnica costaba $63.463,30<\/strong>\u00a0para los veh\u00edculos de hasta 2.500 kilos, lo cual se traduce en una suba del 25,5%.<\/p>\n<p>El <strong>resto de las categor\u00edas<\/strong>, en tanto, se conformar\u00e1n a partir del monto de la tarifa b\u00e1sica, de esta manera los veh\u00edculos de m\u00e1s de 2500Kg, pasar\u00e1n de abonar $114.233 a $<strong>143.362<\/strong>.<\/p>\n<p>Cabe recordar que la \u00faltima vez que actualizaron los precios de la VTV fue en febrero, cuando renovar la oblea para poder circular en regla tuvo un ajuste del\u00a0<strong>17,9%<\/strong>\u00a0frente a los valores de diciembre.<\/p>\n<p>Luego, hacia fines de marzo las autoridades acordaron con la C\u00e1mara Argentina de Verificadores de Automotores (<strong>CAVEA<\/strong>) <strong>no aplicar la suba correspondiente al segundo trimestre de 2025<\/strong>, con el objetivo de \u201cevitar un impacto negativo en los usuarios ante la situaci\u00f3n de ajuste general por el que transita la econom\u00eda\u201d, recordaron.<\/p>\n<p>El 5 de julio termin\u00f3 ese periodo de 90 d\u00edas y ahora \u201ccorresponde la actualizaci\u00f3n tarifaria peticionada por las empresas concesionarias\u201d, explicaron en la resoluci\u00f3n.<\/p>\n<p>Cabe mencionar que <strong>los precios de la VTV est\u00e1n atados al acuerdo paritario<\/strong> firmado entre la <strong>CAVEA<\/strong> y el\u00a0<strong>SMATA<\/strong>, sindicato del sector automotriz.\u00a0La tarifa b\u00e1sica de la VTV debe ser igual al 7% del salario b\u00e1sico de un operario categor\u00eda 1, que actualmente es de $1.137.726,75. <strong>(VW)<\/strong><\/p>\n<p>&nbsp;<\/p>\n","protected":false},"excerpt":{"rendered":"<p>El incremento fue oficializado hoy por el Ministerio de Transporte. Este ajuste hab\u00eda sido suspendido por tres meses y ahora \u201ccorresponde la actualizaci\u00f3n tarifaria peticionada por las empresas concesionarias\u201d.<\/p>\n","protected":false},"author":4,"featured_media":3724,"comment_status":"closed","ping_status":"closed","sticky":false,"template":"","format":"standard","meta":{"_monsterinsights_skip_tracking":false,"_monsterinsights_sitenote_active":false,"_monsterinsights_sitenote_note":"","_monsterinsights_sitenote_category":0,"footnotes":""},"categories":[6],"tags":[7929,356,1513],"class_list":["post-18602","post","type-post","status-publish","format-standard","has-post-thumbnail","hentry","category-economia","tag-aumento-mas-del-25","tag-provincia","tag-vtv"],"_links":{"self":[{"href":"https:\/\/www.visionweb.com.ar\/index.php?rest_route=\/wp\/v2\/posts\/18602","targetHints":{"allow":["GET"]}}],"collection":[{"href":"https:\/\/www.visionweb.com.ar\/index.php?rest_route=\/wp\/v2\/posts"}],"about":[{"href":"https:\/\/www.visionweb.com.ar\/index.php?rest_route=\/wp\/v2\/types\/post"}],"author":[{"embeddable":true,"href":"https:\/\/www.visionweb.com.ar\/index.php?rest_route=\/wp\/v2\/users\/4"}],"replies":[{"embeddable":true,"href":"https:\/\/www.visionweb.com.ar\/index.php?rest_route=%2Fwp%2Fv2%2Fcomments&post=18602"}],"version-history":[{"count":1,"href":"https:\/\/www.visionweb.com.ar\/index.php?rest_route=\/wp\/v2\/posts\/18602\/revisions"}],"predecessor-version":[{"id":18603,"href":"https:\/\/www.visionweb.com.ar\/index.php?rest_route=\/wp\/v2\/posts\/18602\/revisions\/18603"}],"wp:featuredmedia":[{"embeddable":true,"href":"https:\/\/www.visionweb.com.ar\/index.php?rest_route=\/wp\/v2\/media\/3724"}],"wp:attachment":[{"href":"https:\/\/www.visionweb.com.ar\/index.php?rest_route=%2Fwp%2Fv2%2Fmedia&parent=18602"}],"wp:term":[{"taxonomy":"category","embeddable":true,"href":"https:\/\/www.visionweb.com.ar\/index.php?rest_route=%2Fwp%2Fv2%2Fcategories&post=18602"},{"taxonomy":"post_tag","embeddable":true,"href":"https:\/\/www.visionweb.com.ar\/index.php?rest_route=%2Fwp%2Fv2%2Ftags&post=18602"}],"curies":[{"name":"wp","href":"https:\/\/api.w.org\/{rel}","templated":true}]}}