{"id":18601,"date":"2025-07-16T13:25:13","date_gmt":"2025-07-16T16:25:13","guid":{"rendered":"https:\/\/www.visionweb.com.ar\/?p=18601"},"modified":"2025-07-16T13:25:13","modified_gmt":"2025-07-16T16:25:13","slug":"lanus-el-cronograma-de-las-vacaciones-de-invierno","status":"publish","type":"post","link":"https:\/\/www.visionweb.com.ar\/?p=18601","title":{"rendered":"Lan\u00fas: El cronograma de las vacaciones de invierno"},"content":{"rendered":"<p><strong><em>Los espect\u00e1culos diferentes al igual que las funciones de teatro y cine se realizar\u00e1n en diferentes salas y localidades del distrito de Lan\u00fas.<\/em><\/strong>\u00a0 <!--more--><\/p>\n<p><img loading=\"lazy\" decoding=\"async\" class=\"size-medium wp-image-18604 alignright\" src=\"https:\/\/www.visionweb.com.ar\/wp-content\/uploads\/2025\/07\/CHICOS-VACACIONES-LANUS-300x200.jpeg\" alt=\"\" width=\"300\" height=\"200\" srcset=\"https:\/\/www.visionweb.com.ar\/wp-content\/uploads\/2025\/07\/CHICOS-VACACIONES-LANUS-300x200.jpeg 300w, https:\/\/www.visionweb.com.ar\/wp-content\/uploads\/2025\/07\/CHICOS-VACACIONES-LANUS.jpeg 640w\" sizes=\"auto, (max-width: 300px) 100vw, 300px\" \/>La municipalidad de Lan\u00fas habilit\u00f3 la agenda de actividades que inclkuye numerosos espect\u00e1culos y shows para que los chicos puedan disfrutar de las vacaciones de invierno a partir del lunes 21 de julio.<\/p>\n<p>En ese sentido la comuna invita a las y los chicos a pasar las vacaciones de invierno en la ciudad junto a la familia y amigos.<\/p>\n<p>En ese sentido,\u00a0 a partir de este s\u00e1bado 19 de julio hasta y hasta el s\u00e1bado 2 de agosto se ofrecer\u00e1n diferentes actividades y eventos gratuitos para seguir promulgando el desarrollo y bienestar de las infancias.<\/p>\n<p>Para reservar tus entradas en las actividades que sean necesarias y conocer el cronograma completo, ingres\u00e1 al siguiente link:\u00a0<a href=\"http:\/\/www.lanusgob.ar\/vacaciones\" target=\"_blank\" rel=\"noopener noreferrer\" data-saferedirecturl=\"https:\/\/www.google.com\/url?q=http:\/\/www.lanusgob.ar\/vacaciones&amp;source=gmail&amp;ust=1752764468123000&amp;usg=AOvVaw2DDp3krPga4qQ_wLZi_DCs\">www.lanus.gob.ar\/vacaciones\u00a0<\/a><\/p>\n<p>A continuaci\u00f3n, el listado de actividades para las vacaciones de invierno en Lan\u00fas:<\/p>\n<p><strong>OBRAS DE TEATRO:<\/strong><\/p>\n<p><strong>Teatro Carlos Gardel<\/strong><\/p>\n<p>Av. Tte. Gral. Juan Domingo Per\u00f3n 3730,\u00a0 Valent\u00edn Alsina.<\/p>\n<p>Del 19 de julio al 2 de agosto<\/p>\n<p>Todos los d\u00edas a las 16 hs.<\/p>\n<p><strong>Teatro 9 de Julio<br \/>\n<\/strong>Av. 9 de Julio 1535, Lan\u00fas Este, del 21 de julio al 2 de agosto<\/p>\n<p>Todos los d\u00edas a las 16 hs.\u00a0<strong>Requieren inscripci\u00f3n previa.<\/strong><\/p>\n<p><strong>CINE PARA LAS INFANCIAS:<\/strong><\/p>\n<p><strong>Centro Cultural Leonardo Favio,\u00a0<\/strong>Av. 25 de Mayo 131, Lan\u00fas Oeste. Del 19 de julio al 2 de agosto<\/p>\n<p><strong>Funciones:<\/strong><\/p>\n<p>14 y 16:30 hs.<\/p>\n<p><strong>Requiere inscripci\u00f3n previa.<\/strong><\/p>\n<p><strong>CIRCO PARA LAS INFANCIAS:<\/strong><\/p>\n<p><strong>Parque Municipal Manuel Belgrano<\/strong><\/p>\n<p>Donato \u00c1lvarez y Cnel. Rondeau, Monte Chingolo.<\/p>\n<p>Del 19 de julio al 2 de agosto<\/p>\n<p><strong>Funciones:<\/strong><\/p>\n<p>14, 15:30 y 17 hs.<\/p>\n<p><strong>Parque Municipal Gral. San Mart\u00edn<\/strong><\/p>\n<p>Cnel. Sayos 2302, Valent\u00edn Alsina.<\/p>\n<p>Del 19 de julio al 2 de agosto<\/p>\n<p><strong>Funciones:<\/strong><\/p>\n<p>14, 15:30 y 17 hs.<\/p>\n<p><strong>Requieren inscripci\u00f3n previa.<\/strong><\/p>\n<p><strong>SHOWS Y ACTIVIDADES RECREATIVAS<\/strong><br \/>\n<strong>Museo Centro Cultural Leonardo Favio<\/strong><\/p>\n<p>Av. 25 de Mayo 131, Lan\u00fas Oeste.<br \/>\nDel 19 de julio al 2 de agosto de 15 a 18 hs.\u00a0<strong>No requiere inscripci\u00f3n previa (VW).<\/strong><\/p>\n","protected":false},"excerpt":{"rendered":"<p>Los espect\u00e1culos diferentes al igual que las funciones de teatro y cine se realizar\u00e1n en diferentes salas y localidades del distrito de Lan\u00fas.\u00a0<\/p>\n","protected":false},"author":3,"featured_media":18604,"comment_status":"closed","ping_status":"closed","sticky":false,"template":"","format":"standard","meta":{"_monsterinsights_skip_tracking":false,"_monsterinsights_sitenote_active":false,"_monsterinsights_sitenote_note":"","_monsterinsights_sitenote_category":0,"footnotes":""},"categories":[1],"tags":[],"class_list":["post-18601","post","type-post","status-publish","format-standard","has-post-thumbnail","hentry","category-uncategorized"],"_links":{"self":[{"href":"https:\/\/www.visionweb.com.ar\/index.php?rest_route=\/wp\/v2\/posts\/18601","targetHints":{"allow":["GET"]}}],"collection":[{"href":"https:\/\/www.visionweb.com.ar\/index.php?rest_route=\/wp\/v2\/posts"}],"about":[{"href":"https:\/\/www.visionweb.com.ar\/index.php?rest_route=\/wp\/v2\/types\/post"}],"author":[{"embeddable":true,"href":"https:\/\/www.visionweb.com.ar\/index.php?rest_route=\/wp\/v2\/users\/3"}],"replies":[{"embeddable":true,"href":"https:\/\/www.visionweb.com.ar\/index.php?rest_route=%2Fwp%2Fv2%2Fcomments&post=18601"}],"version-history":[{"count":1,"href":"https:\/\/www.visionweb.com.ar\/index.php?rest_route=\/wp\/v2\/posts\/18601\/revisions"}],"predecessor-version":[{"id":18605,"href":"https:\/\/www.visionweb.com.ar\/index.php?rest_route=\/wp\/v2\/posts\/18601\/revisions\/18605"}],"wp:featuredmedia":[{"embeddable":true,"href":"https:\/\/www.visionweb.com.ar\/index.php?rest_route=\/wp\/v2\/media\/18604"}],"wp:attachment":[{"href":"https:\/\/www.visionweb.com.ar\/index.php?rest_route=%2Fwp%2Fv2%2Fmedia&parent=18601"}],"wp:term":[{"taxonomy":"category","embeddable":true,"href":"https:\/\/www.visionweb.com.ar\/index.php?rest_route=%2Fwp%2Fv2%2Fcategories&post=18601"},{"taxonomy":"post_tag","embeddable":true,"href":"https:\/\/www.visionweb.com.ar\/index.php?rest_route=%2Fwp%2Fv2%2Ftags&post=18601"}],"curies":[{"name":"wp","href":"https:\/\/api.w.org\/{rel}","templated":true}]}}