{"id":18593,"date":"2025-07-15T09:48:22","date_gmt":"2025-07-15T12:48:22","guid":{"rendered":"https:\/\/www.visionweb.com.ar\/?p=18593"},"modified":"2025-07-15T19:57:10","modified_gmt":"2025-07-15T22:57:10","slug":"llego-el-primer-toro-a-la-expo-rural-2025","status":"publish","type":"post","link":"https:\/\/www.visionweb.com.ar\/?p=18593","title":{"rendered":"Lleg\u00f3 el primer toro a la Expo Rural 2025"},"content":{"rendered":"<p><em><strong>Es un toro Hereford de la caba\u00f1a San Mar\u00f3n de Espartillar, provincia de Buenos Aires Mar\u00f3n. La empresa tiene un establecimiento en Sarmiento, provincia de Chubut.<\/strong><\/em><!--more--><\/p>\n<p><img loading=\"lazy\" decoding=\"async\" class=\"size-medium wp-image-18594 alignright\" src=\"https:\/\/www.visionweb.com.ar\/wp-content\/uploads\/2025\/07\/COMITE-DE-RE3CEPETICON-DE-ESCOCES-300x200.jpeg\" alt=\"\" width=\"300\" height=\"200\" srcset=\"https:\/\/www.visionweb.com.ar\/wp-content\/uploads\/2025\/07\/COMITE-DE-RE3CEPETICON-DE-ESCOCES-300x200.jpeg 300w, https:\/\/www.visionweb.com.ar\/wp-content\/uploads\/2025\/07\/COMITE-DE-RE3CEPETICON-DE-ESCOCES.jpeg 640w\" sizes=\"auto, (max-width: 300px) 100vw, 300px\" \/>Aproximadamente a las 8.10 lleg\u00f3, este martes,\u00a0 al predio ferial de Palermo el primer toro \u201cEscoces\u201d un Hereford que participar\u00e1 tambi\u00e9n de la 137\u00aa Exposici\u00f3n Ganadera de Agricultura e Industria \u201cExpo Rural 2025\u201d.<\/p>\n<p>Se trata de un hermoso ejemplar de la Caba\u00f1a San Mar\u00f3n, de Espartillar, Buenos Aires y fue recibido en la pista central por el presidente de la Sociedad Rural Argentina (SRA), Nicol\u00e1s Pino, el Secretario de Agricultura de la Naci\u00f3n, Sergio Iraeta y el presidente de la Asociaci\u00f3n Argentina de Criadores de Hereford, Alejandro de la Tour. La caba\u00f1a tiene tambi\u00e9n un establecimiento en General Sarmiento, provincia de Chubut.<\/p>\n<p>Luego del desembarco de \u00abEscoc\u00e9s\u00bb, en el picadero central del predio ferial de Palermo, el titular de la Entidad, Nicol\u00e1s Pino destac\u00f3 la importancia del tradicional arribo del primer animal, como una forma de dar inicio a las actividad\u00a0 de la Expo Rural 2025.<\/p>\n<p>\u201cEs el primer animal que nos visita a la 137 exposici\u00f3n que comienza hoy, con la llegada de este toro, en un a\u00f1o que en el primer semestre nos tuvo trabajando mucho porque hay numerosos situaciones que venimos tratando codo a codo con la Mesa de Enlace en los diferentes temas que se van planteando\u201d, expres\u00f3 Pino.<\/p>\n<p><img loading=\"lazy\" decoding=\"async\" class=\"size-medium wp-image-18595 alignleft\" src=\"https:\/\/www.visionweb.com.ar\/wp-content\/uploads\/2025\/07\/ESCOCES-300x200.png\" alt=\"\" width=\"300\" height=\"200\" srcset=\"https:\/\/www.visionweb.com.ar\/wp-content\/uploads\/2025\/07\/ESCOCES-300x200.png 300w, https:\/\/www.visionweb.com.ar\/wp-content\/uploads\/2025\/07\/ESCOCES.png 640w\" sizes=\"auto, (max-width: 300px) 100vw, 300px\" \/>El titular de la Rural, luego de los agradecimientos comento que \u201cde ahora en m\u00e1s se vienen 12 d\u00edas muy intensos y en pocas horas nos visitar\u00e1 el presidente de la Naci\u00f3n para reuniese con los colegas de la Mesa de Enlace\u201d<\/p>\n<p>Por su parte, el Secretario de Agricultura, Sergio Iraeta, luego de resaltar que \u201ces un placer estar aqu\u00ed en la Rural, ayudando a descargar el primer toro. Hace un a\u00f1o, bajamos un toro pampa. Para mi es un honor y le deseo a la Rural tener una exposici\u00f3n exitosa, como los fueron las \u00faltimas 136 ediciones\u201d<\/p>\n<p>\u201cQue todo sea para bien,\u00a0 para el desarrollo de la ganader\u00eda, la gen\u00e9tica y veamos el producto del trabajo de muchos a\u00f1os que hacen las caba\u00f1as con vocaci\u00f3n, la pasi\u00f3n de peones, de encargados, de veterinarios, de caba\u00f1eros y todo lo que se hace para poner un pedazo de campo en la ciudad de Buenos Aires\u201d<\/p>\n<p>El toro \u201cESCOC\u00c9S\u201d, Naci\u00f3 el 30 de enero de 2023 en la Caba\u00f1a San Maron, de Gabriel Seleme, y es de raza Hereford. Hoy pesa 1000 kg y participar\u00e1 por segunda vez en la Expo.<\/p>\n<p>El caba\u00f1ero, Gabriel D\u00edaz en di\u00e1laogo con los periodistas explic\u00f3 que \u201cLe pusimos Escoc\u00e9s, en honor a nuestro genetista, Norman Cato y tenemos grandes expectativas\u201d, resumi\u00f3<\/p>\n<p>La 137\u00aa Exposici\u00f3n de Ganader\u00eda, Agricultura e Industria Internacional se desarrollar\u00e1 hasta el domingo 27 de julio con la participaci\u00f3n de m\u00e1s de 400 expositores y miles de visitantes que, como cada a\u00f1o, podr\u00e1n ver en acci\u00f3n a los mejores reproductores del pa\u00eds, innovaciones tecnol\u00f3gicas, charlas t\u00e9cnicas, competencias y propuestas para toda la familia (<strong>NAP\/VW)<\/strong>.<\/p>\n","protected":false},"excerpt":{"rendered":"<p>Es un toro Hereford de la caba\u00f1a San Mar\u00f3n de Espartillar, provincia de Buenos Aires Mar\u00f3n. La empresa tiene un establecimiento en Sarmiento, provincia de Chubut.<\/p>\n","protected":false},"author":3,"featured_media":18594,"comment_status":"closed","ping_status":"closed","sticky":false,"template":"","format":"standard","meta":{"_monsterinsights_skip_tracking":false,"_monsterinsights_sitenote_active":false,"_monsterinsights_sitenote_note":"","_monsterinsights_sitenote_category":0,"footnotes":""},"categories":[1],"tags":[7928,7927,183,2650],"class_list":["post-18593","post","type-post","status-publish","format-standard","has-post-thumbnail","hentry","category-uncategorized","tag-animal","tag-primer","tag-rural","tag-toro"],"_links":{"self":[{"href":"https:\/\/www.visionweb.com.ar\/index.php?rest_route=\/wp\/v2\/posts\/18593","targetHints":{"allow":["GET"]}}],"collection":[{"href":"https:\/\/www.visionweb.com.ar\/index.php?rest_route=\/wp\/v2\/posts"}],"about":[{"href":"https:\/\/www.visionweb.com.ar\/index.php?rest_route=\/wp\/v2\/types\/post"}],"author":[{"embeddable":true,"href":"https:\/\/www.visionweb.com.ar\/index.php?rest_route=\/wp\/v2\/users\/3"}],"replies":[{"embeddable":true,"href":"https:\/\/www.visionweb.com.ar\/index.php?rest_route=%2Fwp%2Fv2%2Fcomments&post=18593"}],"version-history":[{"count":1,"href":"https:\/\/www.visionweb.com.ar\/index.php?rest_route=\/wp\/v2\/posts\/18593\/revisions"}],"predecessor-version":[{"id":18596,"href":"https:\/\/www.visionweb.com.ar\/index.php?rest_route=\/wp\/v2\/posts\/18593\/revisions\/18596"}],"wp:featuredmedia":[{"embeddable":true,"href":"https:\/\/www.visionweb.com.ar\/index.php?rest_route=\/wp\/v2\/media\/18594"}],"wp:attachment":[{"href":"https:\/\/www.visionweb.com.ar\/index.php?rest_route=%2Fwp%2Fv2%2Fmedia&parent=18593"}],"wp:term":[{"taxonomy":"category","embeddable":true,"href":"https:\/\/www.visionweb.com.ar\/index.php?rest_route=%2Fwp%2Fv2%2Fcategories&post=18593"},{"taxonomy":"post_tag","embeddable":true,"href":"https:\/\/www.visionweb.com.ar\/index.php?rest_route=%2Fwp%2Fv2%2Ftags&post=18593"}],"curies":[{"name":"wp","href":"https:\/\/api.w.org\/{rel}","templated":true}]}}