{"id":18590,"date":"2025-07-15T19:35:29","date_gmt":"2025-07-15T22:35:29","guid":{"rendered":"https:\/\/www.visionweb.com.ar\/?p=18590"},"modified":"2025-07-15T19:35:29","modified_gmt":"2025-07-15T22:35:29","slug":"rural-milei-prometio-la-eliminacion-de-las-retenciones-pero-sin-fecha","status":"publish","type":"post","link":"https:\/\/www.visionweb.com.ar\/?p=18590","title":{"rendered":"Rural: Milei prometi\u00f3 la eliminaci\u00f3n de las retenciones pero sin fecha"},"content":{"rendered":"<p><em><strong>En el marco de la llegada de Escoc\u00e9s al predio ferial de Pelermo, el presidente MIlei se reuni\u00f3 con los referentes de la Mesa de Enlace en el Restaurante Central de la Rural.<\/strong><\/em> <!--more--><\/p>\n<p><img loading=\"lazy\" decoding=\"async\" class=\"size-medium wp-image-18591 alignright\" src=\"https:\/\/www.visionweb.com.ar\/wp-content\/uploads\/2025\/07\/MESA-DE-ENLACE-CON-MILEI-EN-LA-RURAL-300x200.jpeg\" alt=\"\" width=\"300\" height=\"200\" srcset=\"https:\/\/www.visionweb.com.ar\/wp-content\/uploads\/2025\/07\/MESA-DE-ENLACE-CON-MILEI-EN-LA-RURAL-300x200.jpeg 300w, https:\/\/www.visionweb.com.ar\/wp-content\/uploads\/2025\/07\/MESA-DE-ENLACE-CON-MILEI-EN-LA-RURAL.jpeg 640w\" sizes=\"auto, (max-width: 300px) 100vw, 300px\" \/>Los m\u00e1ximos dirigentes de las entidades que integran la Comisi\u00f3n de Enlace de Entidades Agropecuarias (CEEA) se reunieron esta ma\u00f1ana, en el predio de la Sociedad Rural Argentina (SRA), con el presidente Javier Milei y la secretaria general de la Presidencia, Karina Milei, luego de la bajada del primer animal que lleg\u00f3 a la Exposici\u00f3n Rural 2025.<\/p>\n<p>En el encuentro, el presidente, Javier Milei, le ratific\u00f3 a la Comisi\u00f3n de Enlace,\u00a0 este medio d\u00eda, que <strong>las retenciones no bajar\u00e1n en el corto plazo debido a las restricciones presupuestarias por las que atraviesa la macroeconom\u00eda<\/strong>.<\/p>\n<p>Durante el encuentro, que se extendi\u00f3 por casi dos horas, Andrea Sarnari (FAA), Lucas Magnano (Coninagro), Carlos Castagnani (CRA) y Nicol\u00e1s Pino (SRA) le plantearon al primer mandatario los temas que preocupan y urgen a los productores; de la misma manera que destacaron el potencial que tiene el sector a trav\u00e9s del desarrollo econ\u00f3mico y el arraigo en las provincias.<\/p>\n<p>En la reuni\u00f3n que fue a agenda abierta, se habl\u00f3 de la presi\u00f3n impositiva, haciendo hincapi\u00e9 en la eliminaci\u00f3n definitiva de las retenciones. Tambi\u00e9n conversaron sobre seguridad rural, infraestructura, econom\u00edas regionales, desregulaci\u00f3n de los organismos p\u00fablicos y barrera sanitaria patag\u00f3nica.<\/p>\n<p>El<em>\u00a0titular de Coninagro, Lucas Magnano<\/em>,\u00a0 coment\u00f3 que durante el encuentro se habl\u00f3 de las \u00faltimas medidas que hab\u00eda tomado el gobierno sobre el Inti y el Inta y adelant\u00f3 que en los pr\u00f3ximos d\u00edas habr\u00e1 reuniones con el ministro de Modernizaci\u00f3n, Federico Sturzenegger.<\/p>\n<p>Magnano destac\u00f3 el gesto del Presidente Milei al recibir a los referentes de la Mesa de Enlace y a\u00f1adi\u00f3: \u201cEs un gesto valioso de que la Argentina\u00a0 va camino a una normalidad que desde hace muchos a\u00f1os todos queremos vivir. En este espacio no dejamos de llevarle los reclamos en cuanto a las retenciones, las dificultades que enfrentan las econom\u00edas regionales, cuestiones de infraestructura y a muchos otros temas conexos que hacen a la vida de la producci\u00f3n\u201d.<\/p>\n<p>\u201cLos m\u00e1s importante para nosotros y lo que tenemos que defender como Coninagro es a nuestras cooperativas, a los productores asociados a lo largo y a lo ancho de la Argentina y, por supuesto que tenemos un compromiso de trabajo y una agenda abierta con el Presidente de la Naci\u00f3n para continuar trabajando para el beneficio de los productores agropecuarios y el despegue de la Argentina\u201d, cerr\u00f3 el referente cooperativista.<\/p>\n<p>Por su parte,\u00a0<em>Carlos Castagnani, presidente de CRA<\/em>, rescat\u00f3 que el presidente les prometi\u00f3 que las reuniones con el sector ser\u00e1n m\u00e1s continuas.<\/p>\n<p>\u201cComo Mesa de Enlace estamos visitando a todo el pa\u00eds\u201d, se\u00f1al\u00f3 Castagnani y consider\u00f3 que esta reuni\u00f3n les sirve para aclarar temas que no se ten\u00edan claros.<\/p>\n<p>\u201cLo que surge de esta reuni\u00f3n es que \u00e9l entiende la situaci\u00f3n (por el presidente Milei) y tiene foco directo sobre retenciones, pero no hay para repartir\u201d, se\u00f1al\u00f3\u00a0<em>el vicepresidente de la Sociedad Rural Argentina, Marcos Pereda.<\/em><\/p>\n<p>\u201cVamos a seguir insistiendo porque la producci\u00f3n que podemos darle al pa\u00eds es la que necesita para salir adelante\u201d, se\u00f1al\u00f3 el ruralista, al tiempo que revel\u00f3 que \u201cMilei nos dijo que no hay espacio para bajar nada\u201d.<\/p>\n<p>En tanto, la\u00a0<em>presidenta de la Federaci\u00f3n Agraria Argentina, Andrea Sarnari<\/em>, describi\u00f3 a la reuni\u00f3n con el presidente Milei como \u201cmuy extensa, donde pudimos intercambiar todos los temas de agenda que tra\u00edamos y el compromiso de seguir manteniendo estos encuentros que valoramos porque ha escuchado al sector en su totalidad con todas las problem\u00e1ticas que tenemos\u201d, cerr\u00f3 (NAP\/VW)<\/p>\n","protected":false},"excerpt":{"rendered":"<p>En el marco de la llegada de Escoc\u00e9s al predio ferial de Pelermo, el presidente MIlei se reuni\u00f3 con los referentes de la Mesa de Enlace en el Restaurante Central de la Rural.<\/p>\n","protected":false},"author":3,"featured_media":18591,"comment_status":"closed","ping_status":"closed","sticky":false,"template":"","format":"standard","meta":{"_monsterinsights_skip_tracking":false,"_monsterinsights_sitenote_active":false,"_monsterinsights_sitenote_note":"","_monsterinsights_sitenote_category":0,"footnotes":""},"categories":[1],"tags":[6397,3911,4530,183,1383],"class_list":["post-18590","post","type-post","status-publish","format-standard","has-post-thumbnail","hentry","category-uncategorized","tag-agro","tag-mesa","tag-milei","tag-rural","tag-temas"],"_links":{"self":[{"href":"https:\/\/www.visionweb.com.ar\/index.php?rest_route=\/wp\/v2\/posts\/18590","targetHints":{"allow":["GET"]}}],"collection":[{"href":"https:\/\/www.visionweb.com.ar\/index.php?rest_route=\/wp\/v2\/posts"}],"about":[{"href":"https:\/\/www.visionweb.com.ar\/index.php?rest_route=\/wp\/v2\/types\/post"}],"author":[{"embeddable":true,"href":"https:\/\/www.visionweb.com.ar\/index.php?rest_route=\/wp\/v2\/users\/3"}],"replies":[{"embeddable":true,"href":"https:\/\/www.visionweb.com.ar\/index.php?rest_route=%2Fwp%2Fv2%2Fcomments&post=18590"}],"version-history":[{"count":1,"href":"https:\/\/www.visionweb.com.ar\/index.php?rest_route=\/wp\/v2\/posts\/18590\/revisions"}],"predecessor-version":[{"id":18592,"href":"https:\/\/www.visionweb.com.ar\/index.php?rest_route=\/wp\/v2\/posts\/18590\/revisions\/18592"}],"wp:featuredmedia":[{"embeddable":true,"href":"https:\/\/www.visionweb.com.ar\/index.php?rest_route=\/wp\/v2\/media\/18591"}],"wp:attachment":[{"href":"https:\/\/www.visionweb.com.ar\/index.php?rest_route=%2Fwp%2Fv2%2Fmedia&parent=18590"}],"wp:term":[{"taxonomy":"category","embeddable":true,"href":"https:\/\/www.visionweb.com.ar\/index.php?rest_route=%2Fwp%2Fv2%2Fcategories&post=18590"},{"taxonomy":"post_tag","embeddable":true,"href":"https:\/\/www.visionweb.com.ar\/index.php?rest_route=%2Fwp%2Fv2%2Ftags&post=18590"}],"curies":[{"name":"wp","href":"https:\/\/api.w.org\/{rel}","templated":true}]}}