{"id":18585,"date":"2025-07-15T18:49:56","date_gmt":"2025-07-15T21:49:56","guid":{"rendered":"https:\/\/www.visionweb.com.ar\/?p=18585"},"modified":"2025-07-15T18:49:56","modified_gmt":"2025-07-15T21:49:56","slug":"dictaron-conciliacion-obligatoria-y-quedo-suspendido-el-paro-de-pilotos-del-19-de-julio","status":"publish","type":"post","link":"https:\/\/www.visionweb.com.ar\/?p=18585","title":{"rendered":"Dictaron conciliaci\u00f3n obligatoria y qued\u00f3 suspendido el paro de pilotos del 19 de julio"},"content":{"rendered":"<p><strong><em>El paro Iba a ser el s\u00e1bado, en el inicio de las vacaciones. La misma medida hab\u00eda sido dictada en el conflicto de los controladores a\u00e9reos.<\/em><\/strong><!--more--><\/p>\n<p><strong>\u00a0\u00a0\u00a0\u00a0 <img loading=\"lazy\" decoding=\"async\" class=\"size-full wp-image-4280 alignright\" src=\"https:\/\/www.visionweb.com.ar\/wp-content\/uploads\/2022\/01\/aeropuerto.bmp\" alt=\"\" width=\"414\" height=\"307\" \/>\u00a0 E<\/strong>l Gobierno nacional dict\u00f3 este martes la conciliaci\u00f3n obligatoria para los pilotos de las l\u00edneas a\u00e9reas, con el objetivo de evitar la huelga prevista para el s\u00e1bado 19 de julio, al inicio de las vacaciones de invierno en la provincia de Buenos Aires y capital federal.<\/p>\n<p>La decisi\u00f3n oficial fue revelada a trav\u00e9s de un comunicado de la Secretar\u00eda de Trabajo, en el que se estableci\u00f3 un <strong>periodo conciliatorio de 15 d\u00edas<\/strong>, lo que deja en suspenso la medida de fuerza de los pilotos del pa\u00eds.<\/p>\n<p>\u201cEl Ministerio de Capital Humano, a trav\u00e9s de la Secretar\u00eda de Trabajo, Empleo y Seguridad Social, dict\u00f3 la conciliaci\u00f3n obligatoria ante las medidas de fuerza informadas por la Asociaci\u00f3n de Pilotos de L\u00edneas A\u00e9reas (APLA) que abarcar\u00eda a todas las empresas y comprender\u00eda a todos los pilotos, en el marco del CCT de la actividad N\u00b0 800\/22\u201d, afirm\u00f3 en el texto.<\/p>\n<p>En este sentido, agreg\u00f3 que \u201ca partir de la solicitud interpuesta por la empresa Aerol\u00edneas Argentinas, integrante de la C\u00e1mara de L\u00edneas A\u00e9reas de la Rep\u00fablica Argentina (CLARA), seg\u00fan lo establecido en la normativa vigente, se estableci\u00f3 un periodo conciliatorio de 15 d\u00edas\u201d.<\/p>\n<p>La medida, que iba a regir desde las 0 horas del s\u00e1bado, se encuadra en la Ley N.\u00ba 14.786, motivo por el cual las partes deber\u00e1n retrotraer la situaci\u00f3n al estado anterior al inicio del conflicto. \u201cSe intima a la Asociaci\u00f3n de Pilotos de L\u00edneas A\u00e9reas y, por su intermedio a los trabajadores por ella representados, a dejar sin efecto durante el per\u00edodo de conciliaci\u00f3n, toda medida de acci\u00f3n directa y a prestar servicios de manera normal y habitual\u201d, enfatiz\u00f3 el comunicado. Y a\u00f1adi\u00f3 que las acciones gremiales anunciadas por la APLA afectaban a m\u00e1s de 300 vuelos comerciales nacionales e internacionales y 40.000 pasajeros en el inicio de la temporada estival y el receso escolar.<\/p>\n<p>El paro de pilotos iba a confluir en un principio con el conflicto de los\u00a0controladores\u00a0a\u00e9reos nucleados en la Asociaci\u00f3n T\u00e9cnicos y Empleados de Protecci\u00f3n y Seguridad a la Aeronavegaci\u00f3n (ATEPSA), que reclaman mejoras salariales.<\/p>\n<p>Sin embargo, para este caso Trabajo dict\u00f3 tambi\u00e9n la conciliaci\u00f3n obligatoria en el conflicto entre ATEPSA\u00a0y los organismos del estado vinculados al servicio de navegaci\u00f3n a\u00e9rea:\u00a0la Empresa Argentina de Navegaci\u00f3n A\u00e9rea (EANA) y la Administraci\u00f3n Nacional de Aviaci\u00f3n Civil (ANAC).\u00a0Esto dej\u00f3 sin efecto el\u00a0cronograma de medidas de fuerza del gremio de controladores a\u00e9reos de los d\u00edas 11, 12, 13, 15, 18, 20, 24, 25, 27 y 30 de julio.\u00a0<strong>(VW)<\/strong><\/p>\n<p>&nbsp;<\/p>\n","protected":false},"excerpt":{"rendered":"<p>El paro Iba a ser el s\u00e1bado, en el inicio de las vacaciones. La misma medida hab\u00eda sido dictada en el conflicto de los controladores a\u00e9reos.<\/p>\n","protected":false},"author":4,"featured_media":4280,"comment_status":"closed","ping_status":"closed","sticky":false,"template":"","format":"standard","meta":{"_monsterinsights_skip_tracking":false,"_monsterinsights_sitenote_active":false,"_monsterinsights_sitenote_note":"","_monsterinsights_sitenote_category":0,"footnotes":""},"categories":[4,5],"tags":[3724,6192,7746,7923,7924],"class_list":["post-18585","post","type-post","status-publish","format-standard","has-post-thumbnail","hentry","category-politica","category-sociedad","tag-conciliacion-obligatoria","tag-controladores-aereos","tag-paro-de-pilotos","tag-paro-suspendido","tag-vacaciones-de-julio"],"_links":{"self":[{"href":"https:\/\/www.visionweb.com.ar\/index.php?rest_route=\/wp\/v2\/posts\/18585","targetHints":{"allow":["GET"]}}],"collection":[{"href":"https:\/\/www.visionweb.com.ar\/index.php?rest_route=\/wp\/v2\/posts"}],"about":[{"href":"https:\/\/www.visionweb.com.ar\/index.php?rest_route=\/wp\/v2\/types\/post"}],"author":[{"embeddable":true,"href":"https:\/\/www.visionweb.com.ar\/index.php?rest_route=\/wp\/v2\/users\/4"}],"replies":[{"embeddable":true,"href":"https:\/\/www.visionweb.com.ar\/index.php?rest_route=%2Fwp%2Fv2%2Fcomments&post=18585"}],"version-history":[{"count":1,"href":"https:\/\/www.visionweb.com.ar\/index.php?rest_route=\/wp\/v2\/posts\/18585\/revisions"}],"predecessor-version":[{"id":18586,"href":"https:\/\/www.visionweb.com.ar\/index.php?rest_route=\/wp\/v2\/posts\/18585\/revisions\/18586"}],"wp:featuredmedia":[{"embeddable":true,"href":"https:\/\/www.visionweb.com.ar\/index.php?rest_route=\/wp\/v2\/media\/4280"}],"wp:attachment":[{"href":"https:\/\/www.visionweb.com.ar\/index.php?rest_route=%2Fwp%2Fv2%2Fmedia&parent=18585"}],"wp:term":[{"taxonomy":"category","embeddable":true,"href":"https:\/\/www.visionweb.com.ar\/index.php?rest_route=%2Fwp%2Fv2%2Fcategories&post=18585"},{"taxonomy":"post_tag","embeddable":true,"href":"https:\/\/www.visionweb.com.ar\/index.php?rest_route=%2Fwp%2Fv2%2Ftags&post=18585"}],"curies":[{"name":"wp","href":"https:\/\/api.w.org\/{rel}","templated":true}]}}