{"id":18584,"date":"2025-07-15T18:57:23","date_gmt":"2025-07-15T21:57:23","guid":{"rendered":"https:\/\/www.visionweb.com.ar\/?p=18584"},"modified":"2025-07-15T18:57:23","modified_gmt":"2025-07-15T21:57:23","slug":"inauguran-un-polo-educativo-en-alejandro-korn","status":"publish","type":"post","link":"https:\/\/www.visionweb.com.ar\/?p=18584","title":{"rendered":"Inauguran un polo educativo en Alejandro Korn"},"content":{"rendered":"<p><em><strong>La inauguraci\u00f3n fue encabezada por el\u00a0gobernador Axel Kicillof. El polo educativo incluye la inauguraci\u00f3n de un jard\u00edn de infantes, de una escuela primaria t de una secundaria.<\/strong><\/em>\u00a0 <!--more--><\/p>\n<p><img loading=\"lazy\" decoding=\"async\" class=\"size-medium wp-image-18587 alignright\" src=\"https:\/\/www.visionweb.com.ar\/wp-content\/uploads\/2025\/07\/COMPLEJO-EDUCATIVO-SAN-JOSE-300x214.png\" alt=\"\" width=\"300\" height=\"214\" srcset=\"https:\/\/www.visionweb.com.ar\/wp-content\/uploads\/2025\/07\/COMPLEJO-EDUCATIVO-SAN-JOSE-300x214.png 300w, https:\/\/www.visionweb.com.ar\/wp-content\/uploads\/2025\/07\/COMPLEJO-EDUCATIVO-SAN-JOSE.png 640w\" sizes=\"auto, (max-width: 300px) 100vw, 300px\" \/>El gobernador bonaerense, Axel Kicillof, encabez\u00f3 este martes el acto de inauguraci\u00f3n formal del nuevo polo educativo \u201cSan Jos\u00e9\u201d en el municipio de San Vicente, que incluy\u00f3 la construcci\u00f3n de un jard\u00edn de infantes, una escuela primaria y una secundaria.<\/p>\n<div class=\"field field-name-body field-type-text-with-summary field-label-hidden\">\n<div class=\"field-items\">\n<div class=\"field-item even\">\n<p>Del acto, adem\u00e1s del mandatario provincial participaron el director general de Cultura y Educaci\u00f3n, Alberto Sileoni; la directora ejecutiva del Organismo Provincial de Integraci\u00f3n Social y Urbana (OPISU), Romina Barrios; y el intendente local, Nicol\u00e1s Mantegazza.<\/p>\n<p>A partir de una inversi\u00f3n de $5.775 millones, el nuevo polo educativo ubicado en la localidad de Alejandro Korn cuenta con tres edificios destinados al Jard\u00edn de Infantes N\u00b0919, a la Escuela Primaria N\u00b033 y a la Escuela Secundaria N\u00b014.<\/p>\n<p>En ese marco, Kicillof afirm\u00f3: \u201cLas familias del barrio San Jos\u00e9 ven que aqu\u00ed, donde hab\u00eda un terreno bald\u00edo, ahora hay un polo educativo: fueron los vecinos y las vecinas quienes defendieron este proyecto que le cambia el futuro a la comunidad\u201d.<\/p>\n<p>\u201cEsta mejora en la vida de Alejandro Korn no iba a ocurrir por las fuerzas del cielo o por la mano invisible del mercado: fue posible gracias a un Estado que escuch\u00f3, invirti\u00f3 y trabaj\u00f3 para lograrlo\u201d, agreg\u00f3.<\/p>\n<p>Con este proyecto, financiado por el OPISU y el Programa de Emergencia Educativa Edilicia (PEED), se da respuesta a la alta demanda de vacantes en los tres niveles para chicos y chicas que hasta el momento deb\u00edan trasladarse a otras instituciones m\u00e1s alejadas.<\/p>\n<p>\u201cMientras el Gobierno nacional ajusta y nos dice que hay que destruir al Estado, en la provincia de Buenos Aires seguimos sumando la fuerza de la comunidad y de las familias bonaerenses para ampliar derechos y construir la educaci\u00f3n p\u00fablica que se merece nuestro pueblo\u201d, subray\u00f3 el Gobernador e indic\u00f3: \u201cFue as\u00ed, con sensibilidad y comprensi\u00f3n de las demandas y necesidades en cada uno de los barrios, que pudimos construir ya 263 nuevos edificios educativos en la provincia\u201d.<\/p>\n<p>Por su parte, Sileoni subray\u00f3: \u201cEste polo educativo no es un lujo, sino un derecho adquirido de los chicos y las chicas de San Vicente: nuestra responsabilidad es que todos los j\u00f3venes bonaerenses tengan acceso a una escuela p\u00fablica de calidad\u201d. \u201cEn la Provincia trabajamos d\u00eda a d\u00eda bajo esa premisa porque entendemos a la educaci\u00f3n como una inversi\u00f3n para el presente y, sobre todo, para el futuro de nuestra comunidad\u201d, agreg\u00f3.<\/p>\n<p>El nuevo complejo posee en total 24 aulas, laboratorio, dependencias administrativas, SUM, patios, galer\u00eda, play\u00f3n deportivo y espacios verdes. \u201cEsta es una obra p\u00fablica de calidad que les permite a los docentes y a los pibes y pibas continuar sus trayectorias escolares con la comodidad y la dignidad que se merecen\u201d, sostuvo Barrios y a\u00f1adi\u00f3: \u201cDesde el OPISU estamos construyendo 18 escuelas en distintos barrios populares porque sabemos que un futuro mejor s\u00f3lo es posible con m\u00e1s y mejor educaci\u00f3n\u201d.<\/p>\n<p>\u201cEs un d\u00eda de enorme felicidad porque jornadas como estas son las que modifican el d\u00eda a d\u00eda de los vecinos y vecinas del barrio San Jos\u00e9. Con la escuela t\u00e9cnica que inauguramos m\u00e1s temprano y este polo educativo, San Vicente ya cuenta con 25 nuevos establecimientos para garantizar el acceso desde la primera infancia hasta el nivel superior\u201d, remarc\u00f3 Mantegazza.<\/p>\n<p>Con la presencia del ministro de Desarrollo de la Comunidad, Andr\u00e9s Larroque se suscribi\u00f3 un convenio con el municipio para la construcci\u00f3n de un play\u00f3n deportivo triple en el barrio Alejandro Korn Centro. Asimismo, el Gobernador y el ministro de Seguridad, Javier Alonso, pusieron en funcionamiento 13 nuevos patrulleros y 8 motos para fortalecer la prevenci\u00f3n y el combate del delito en el distrito.<\/p>\n<p>Por \u00faltimo, Kicillof remarc\u00f3: \u201cSe vienen momentos muy importantes en los que deberemos elegir qu\u00e9 camino queremos transitar: nuestro pueblo no va a permitir que vengan a destruir las escuelas, los hospitales y mucho menos la convicci\u00f3n y la fuerza de quienes queremos construir un futuro mejor\u201d.<\/p>\n<p>Estuvieron presentes en las actividades la jefa de Asesores del Gobernador, Cristina \u00c1lvarez Rodr\u00edguez; las directoras del JI N\u00b0919, Mariana Francescheti, y de la EES n\u00b014, Alejandra Esp\u00f3sito, la secretaria de la EEP N\u00b033, Melina Olinick; funcionarios y funcionarias provinciales y municipales<strong>(VW)<\/strong>.<\/p>\n<\/div>\n<\/div>\n<\/div>\n<div class=\"social-share clearfix\"><\/div>\n","protected":false},"excerpt":{"rendered":"<p>La inauguraci\u00f3n fue encabezada por el\u00a0gobernador Axel Kicillof. El polo educativo incluye la inauguraci\u00f3n de un jard\u00edn de infantes, de una escuela primaria t de una secundaria.\u00a0<\/p>\n","protected":false},"author":3,"featured_media":18587,"comment_status":"closed","ping_status":"closed","sticky":false,"template":"","format":"standard","meta":{"_monsterinsights_skip_tracking":false,"_monsterinsights_sitenote_active":false,"_monsterinsights_sitenote_note":"","_monsterinsights_sitenote_category":0,"footnotes":""},"categories":[1],"tags":[7926,167,7925],"class_list":["post-18584","post","type-post","status-publish","format-standard","has-post-thumbnail","hentry","category-uncategorized","tag-complejo-educativo","tag-kicillof","tag-korn"],"_links":{"self":[{"href":"https:\/\/www.visionweb.com.ar\/index.php?rest_route=\/wp\/v2\/posts\/18584","targetHints":{"allow":["GET"]}}],"collection":[{"href":"https:\/\/www.visionweb.com.ar\/index.php?rest_route=\/wp\/v2\/posts"}],"about":[{"href":"https:\/\/www.visionweb.com.ar\/index.php?rest_route=\/wp\/v2\/types\/post"}],"author":[{"embeddable":true,"href":"https:\/\/www.visionweb.com.ar\/index.php?rest_route=\/wp\/v2\/users\/3"}],"replies":[{"embeddable":true,"href":"https:\/\/www.visionweb.com.ar\/index.php?rest_route=%2Fwp%2Fv2%2Fcomments&post=18584"}],"version-history":[{"count":1,"href":"https:\/\/www.visionweb.com.ar\/index.php?rest_route=\/wp\/v2\/posts\/18584\/revisions"}],"predecessor-version":[{"id":18588,"href":"https:\/\/www.visionweb.com.ar\/index.php?rest_route=\/wp\/v2\/posts\/18584\/revisions\/18588"}],"wp:featuredmedia":[{"embeddable":true,"href":"https:\/\/www.visionweb.com.ar\/index.php?rest_route=\/wp\/v2\/media\/18587"}],"wp:attachment":[{"href":"https:\/\/www.visionweb.com.ar\/index.php?rest_route=%2Fwp%2Fv2%2Fmedia&parent=18584"}],"wp:term":[{"taxonomy":"category","embeddable":true,"href":"https:\/\/www.visionweb.com.ar\/index.php?rest_route=%2Fwp%2Fv2%2Fcategories&post=18584"},{"taxonomy":"post_tag","embeddable":true,"href":"https:\/\/www.visionweb.com.ar\/index.php?rest_route=%2Fwp%2Fv2%2Ftags&post=18584"}],"curies":[{"name":"wp","href":"https:\/\/api.w.org\/{rel}","templated":true}]}}