{"id":18581,"date":"2025-07-15T18:28:42","date_gmt":"2025-07-15T21:28:42","guid":{"rendered":"https:\/\/www.visionweb.com.ar\/?p=18581"},"modified":"2025-07-15T18:28:42","modified_gmt":"2025-07-15T21:28:42","slug":"agustin-balladares-hablara-sobre-ideas-nuevas-para-los-problemas-de-ahora","status":"publish","type":"post","link":"https:\/\/www.visionweb.com.ar\/?p=18581","title":{"rendered":"Agust\u00edn Balladares hablar\u00e1 sobre \u201cIDEAS Nuevas para los problemas de AHORA\u201d"},"content":{"rendered":"<p><em><strong>El encuentro ser\u00e1 ma\u00f1ana en la UNLa. Presentar\u00e1 su mirada sobre temas centrales, sociales concatenados con lo econ\u00f3mico. \u00abVamos a hablar de precarizaci\u00f3n laboral joven, desocupaci\u00f3n, seguridad, barrios populares, salud mental, jubilados, discapacidad, educaci\u00f3n, infancias (.)\u201d, poste\u00f3. Y agreg\u00f3 \u201cPlantear algunas ideas para salir de este laberinto\u201d.<\/strong><\/em><!--more--><\/p>\n<p><img loading=\"lazy\" decoding=\"async\" class=\"size-medium wp-image-18582 alignright\" src=\"https:\/\/www.visionweb.com.ar\/wp-content\/uploads\/2025\/07\/balladares-charla-en-unla-244x300.png\" alt=\"\" width=\"244\" height=\"300\" srcset=\"https:\/\/www.visionweb.com.ar\/wp-content\/uploads\/2025\/07\/balladares-charla-en-unla-244x300.png 244w, https:\/\/www.visionweb.com.ar\/wp-content\/uploads\/2025\/07\/balladares-charla-en-unla.png 402w\" sizes=\"auto, (max-width: 244px) 100vw, 244px\" \/>\u00a0\u00a0\u00a0 <strong>E<\/strong>l\u00a0dirigente\u00a0peronista\u00a0y <strong>presidente del Concejo Deliberante de Lan\u00fas (HCD)\u00a0Lan\u00fas, Agust\u00edn Balladares<\/strong>, lanz\u00f3 una convocatoria para abordar temas candentes actuales: <strong>\u201cIDEAS Nuevas para los problemas de AHORA,\u00a0<\/strong>una mirada peronista para el Conurbano y desde la mirada de un militante\u00bb.<\/p>\n<p>La prometedora jornada ser\u00e1\u00a0este mi\u00e9rcoles 16, desde las 18, en la Sala Tita Merello de la Universidad Nacional de Lan\u00fas (UNLa) -29 de Septiembre 3901, Remedios de Escalada Este-.<\/p>\n<p><strong>\u00abVamos a hablar de precarizaci\u00f3n laboral joven, pluriempleo, desocupaci\u00f3n, seguridad, comunidad, econom\u00eda de aplicaciones, emprendedores, barrios populares, salud mental, alquileres, Edesur y pol\u00edtica energ\u00e9tica, desintegraci\u00f3n urbana, jubilados, discapacidad, educaci\u00f3n, infancias, econom\u00eda del conocimiento, alimentaci\u00f3n barata y saludable, entre otros temas centrales para la vida de nuestro pueblo\u00bb<\/strong>, asegur\u00f3 Balladares mediante el anuncio a trav\u00e9s de las redes sociales.<\/p>\n<p>El vice del PJ en su distrito y Congresal Nacional hizo el anuncio del encuentro a trav\u00e9s de sus redes sociales y una profusa pegatina de afiches que se vieron durante el \u00faltimo fin de semana en varios distritos del conurbano.<\/p>\n<p>\u201cMilei creci\u00f3 <strong>en los vac\u00edos que el peronismo no supo resolver<\/strong>.\u00a0<strong>La pesadilla que estamos viviendo tiene un final, y ese final se llama Peronismo<\/strong>\u201d, asegur\u00f3 a trav\u00e9s de redes sociales.<\/p>\n<p>De todos modos, aclar\u00f3: \u201cPara eso necesitamos volver a hablarle al pueblo, a sus problemas reales, hacernos cargo de los errores y animarnos a construir nuevas ideas para resembrar al peronismo y devolverle sentido a la esperanza\u201d.<\/p>\n<p><strong>El encuentro del mi\u00e9rcoles es para \u201cplantear algunas ideas para salir de este laberinto\u201d<\/strong>, asegur\u00f3. <strong>(VW)<\/strong><\/p>\n<p>&nbsp;<\/p>\n","protected":false},"excerpt":{"rendered":"<p>El encuentro ser\u00e1 ma\u00f1ana en la UNLa. Presentar\u00e1 su mirada sobre temas centrales, sociales concatenados con lo econ\u00f3mico. \u00abVamos a hablar de precarizaci\u00f3n laboral joven, desocupaci\u00f3n, seguridad, barrios populares, salud mental, jubilados, discapacidad, educaci\u00f3n,&#46;&#46;&#46;<\/p>\n","protected":false},"author":4,"featured_media":18582,"comment_status":"closed","ping_status":"closed","sticky":false,"template":"","format":"standard","meta":{"_monsterinsights_skip_tracking":false,"_monsterinsights_sitenote_active":false,"_monsterinsights_sitenote_note":"","_monsterinsights_sitenote_category":0,"footnotes":""},"categories":[4],"tags":[4707,7921,1522,7922,19],"class_list":["post-18581","post","type-post","status-publish","format-standard","has-post-thumbnail","hentry","category-politica","tag-agustin-balladares","tag-encuentro-en-la-unla","tag-hcd","tag-ideas-nuevas","tag-lanus"],"_links":{"self":[{"href":"https:\/\/www.visionweb.com.ar\/index.php?rest_route=\/wp\/v2\/posts\/18581","targetHints":{"allow":["GET"]}}],"collection":[{"href":"https:\/\/www.visionweb.com.ar\/index.php?rest_route=\/wp\/v2\/posts"}],"about":[{"href":"https:\/\/www.visionweb.com.ar\/index.php?rest_route=\/wp\/v2\/types\/post"}],"author":[{"embeddable":true,"href":"https:\/\/www.visionweb.com.ar\/index.php?rest_route=\/wp\/v2\/users\/4"}],"replies":[{"embeddable":true,"href":"https:\/\/www.visionweb.com.ar\/index.php?rest_route=%2Fwp%2Fv2%2Fcomments&post=18581"}],"version-history":[{"count":1,"href":"https:\/\/www.visionweb.com.ar\/index.php?rest_route=\/wp\/v2\/posts\/18581\/revisions"}],"predecessor-version":[{"id":18583,"href":"https:\/\/www.visionweb.com.ar\/index.php?rest_route=\/wp\/v2\/posts\/18581\/revisions\/18583"}],"wp:featuredmedia":[{"embeddable":true,"href":"https:\/\/www.visionweb.com.ar\/index.php?rest_route=\/wp\/v2\/media\/18582"}],"wp:attachment":[{"href":"https:\/\/www.visionweb.com.ar\/index.php?rest_route=%2Fwp%2Fv2%2Fmedia&parent=18581"}],"wp:term":[{"taxonomy":"category","embeddable":true,"href":"https:\/\/www.visionweb.com.ar\/index.php?rest_route=%2Fwp%2Fv2%2Fcategories&post=18581"},{"taxonomy":"post_tag","embeddable":true,"href":"https:\/\/www.visionweb.com.ar\/index.php?rest_route=%2Fwp%2Fv2%2Ftags&post=18581"}],"curies":[{"name":"wp","href":"https:\/\/api.w.org\/{rel}","templated":true}]}}