{"id":18404,"date":"2025-06-23T11:56:35","date_gmt":"2025-06-23T14:56:35","guid":{"rendered":"https:\/\/www.visionweb.com.ar\/?p=18404"},"modified":"2025-06-23T11:56:35","modified_gmt":"2025-06-23T14:56:35","slug":"roma-hallaron-una-escultura-de-marmol-durante-excavaciones-en-el-centro-de-la-ciudad","status":"publish","type":"post","link":"https:\/\/www.visionweb.com.ar\/?p=18404","title":{"rendered":"Roma: Hallaron una escultura de m\u00e1rmol durante excavaciones en el centro de la ciudad"},"content":{"rendered":"<p><em><strong>Esta maravilla fue encontrada en el Foro de Trajano, tras siglos de permanecer enterrada. A\u00fan no se determin\u00f3 la identidad del personaje representado en la escultura medieval.<\/strong><\/em><!--more--><\/p>\n<p><strong> <img loading=\"lazy\" decoding=\"async\" class=\"size-medium wp-image-18405 alignright\" src=\"https:\/\/www.visionweb.com.ar\/wp-content\/uploads\/2025\/06\/escultura-medieval-hallada-en-italia-2025-300x243.png\" alt=\"\" width=\"300\" height=\"243\" srcset=\"https:\/\/www.visionweb.com.ar\/wp-content\/uploads\/2025\/06\/escultura-medieval-hallada-en-italia-2025-300x243.png 300w, https:\/\/www.visionweb.com.ar\/wp-content\/uploads\/2025\/06\/escultura-medieval-hallada-en-italia-2025.png 480w\" sizes=\"auto, (max-width: 300px) 100vw, 300px\" \/>\u00a0\u00a0\u00a0 A<\/strong>rqu\u00e9ologos hallaron una colosal\u00a0<strong>cabeza de m\u00e1rmol que presenta un rostro masculino, durante excavaciones en la Via Alessandrina, a pocos metros del\u00a0Foro de Trajano, en el centro de Roma, Italia.\u00a0<\/strong>La escultura fue hallada en un estrato medieval, conserva rasgos marcados, cabellera abundante y una expresi\u00f3n intensa.<\/p>\n<p>El alcalde\u00a0<strong>Roberto Gualtieri\u00a0<\/strong>fue el <strong>encargado de anunciar el hallazgo<\/strong> y se\u00f1al\u00f3 que<strong>\u00a0la pieza se encontr\u00f3 en el marco de los trabajos de la Superintendencia Capitolina de Bienes Culturales<\/strong>\u00a0que se iniciaron en noviembre pasado.<\/p>\n<p>\u201cRoma no deja de sorprender \u2014declar\u00f3 Gualtieri\u2014. Bajo nuestros pies, cada d\u00eda, late una historia milenaria que sigue emocionando al mundo\u201d, inform\u00f3 Agencia NA.<\/p>\n<p>Los trabajos en la <strong>Via Alessandrina<\/strong> forman parte de <strong>un proyecto m\u00e1s amplio denominado\u00a0\u201cCaput Mundi\u201d<\/strong>, cuyo objetivo es eliminar el tramo moderno de v\u00eda que fragmenta la zona monumental de los Foros de Augusto, Trajano y Nerva.<\/p>\n<p>La intervenci\u00f3n, que se espera est\u00e9 terminada para 2026, busca restablecer la continuidad f\u00edsica y visual entre estas \u00e1reas permitiendo que los visitantes perciban la grandeza original de lo que fue el centro pol\u00edtico y social de la antigua Roma.<\/p>\n<p><strong>La cabeza<\/strong> reci\u00e9n descubierta es de\u00a0<strong>dimensiones considerables<\/strong>\u00a0y fue hallada en un estrato medieval entre otros materiales antiguos que los arque\u00f3logos siguen analizando.<\/p>\n<p>Seg\u00fan las primeras hip\u00f3tesis la pieza podr\u00eda estar vinculada a la\u00a0<strong>Porticus Trisigmentata<\/strong>, una impresionante\u00a0<strong>estructura de columnas monol\u00edticas de casi doce metros de altura<\/strong>\u00a0que en su d\u00eda domin\u00f3 esta zona del Foro de Trajano.<\/p>\n<p>Aunque a\u00fan <strong>no se determin\u00f3 la identidad del personaje representado en la escultura<\/strong>, la calidad de la talla y sus caracter\u00edsticas indican que podr\u00eda tratarse de\u00a0<strong>una figura de relevancia, posiblemente un emperador, un dios o un alto dignatario.<\/strong>\u00a0Los especialistas trabajan ahora en descifrar su procedencia exacta y su posible relaci\u00f3n con otros vestigios del \u00e1rea.<\/p>\n<p>\u201c<strong>Es como un fragmento de memoria que resurge para contarnos algo nuevo<\/strong>. Cada descubrimiento en esta ciudad nos recuerda que Roma no es solo un conjunto de ruinas, sino un palimpsesto en el que cada capa guarda historias que merecen ser escuchadas\u201d, reflexion\u00f3 Gualtieri.<\/p>\n<p>La Superintendencia Capitolina ya ha comenzado a integrar estos hallazgos en su programa de visitas guiadas activo desde marzo de 2025, permitiendo que tanto romanos como visitantes puedan apreciar de cerca los tesoros que siguen emergiendo del subsuelo. La cabeza de m\u00e1rmol, una vez estudiada y restaurada, pasar\u00e1 a formar parte de este circuito sum\u00e1ndose a la larga lista de testimonios que hacen de la capital italiana un destino irrepetible. <strong>(VW)<\/strong><\/p>\n","protected":false},"excerpt":{"rendered":"<p>Esta maravilla fue encontrada en el Foro de Trajano, tras siglos de permanecer enterrada. A\u00fan no se determin\u00f3 la identidad del personaje representado en la escultura medieval.<\/p>\n","protected":false},"author":4,"featured_media":18405,"comment_status":"closed","ping_status":"closed","sticky":false,"template":"","format":"standard","meta":{"_monsterinsights_skip_tracking":false,"_monsterinsights_sitenote_active":false,"_monsterinsights_sitenote_note":"","_monsterinsights_sitenote_category":0,"footnotes":""},"categories":[8,1822],"tags":[7839,7837,7836,7838],"class_list":["post-18404","post","type-post","status-publish","format-standard","has-post-thumbnail","hentry","category-interes-general","category-internacionales","tag-cabeza-de-marmol","tag-hallaron-escultura","tag-roma","tag-via-alessandrina"],"_links":{"self":[{"href":"https:\/\/www.visionweb.com.ar\/index.php?rest_route=\/wp\/v2\/posts\/18404","targetHints":{"allow":["GET"]}}],"collection":[{"href":"https:\/\/www.visionweb.com.ar\/index.php?rest_route=\/wp\/v2\/posts"}],"about":[{"href":"https:\/\/www.visionweb.com.ar\/index.php?rest_route=\/wp\/v2\/types\/post"}],"author":[{"embeddable":true,"href":"https:\/\/www.visionweb.com.ar\/index.php?rest_route=\/wp\/v2\/users\/4"}],"replies":[{"embeddable":true,"href":"https:\/\/www.visionweb.com.ar\/index.php?rest_route=%2Fwp%2Fv2%2Fcomments&post=18404"}],"version-history":[{"count":1,"href":"https:\/\/www.visionweb.com.ar\/index.php?rest_route=\/wp\/v2\/posts\/18404\/revisions"}],"predecessor-version":[{"id":18406,"href":"https:\/\/www.visionweb.com.ar\/index.php?rest_route=\/wp\/v2\/posts\/18404\/revisions\/18406"}],"wp:featuredmedia":[{"embeddable":true,"href":"https:\/\/www.visionweb.com.ar\/index.php?rest_route=\/wp\/v2\/media\/18405"}],"wp:attachment":[{"href":"https:\/\/www.visionweb.com.ar\/index.php?rest_route=%2Fwp%2Fv2%2Fmedia&parent=18404"}],"wp:term":[{"taxonomy":"category","embeddable":true,"href":"https:\/\/www.visionweb.com.ar\/index.php?rest_route=%2Fwp%2Fv2%2Fcategories&post=18404"},{"taxonomy":"post_tag","embeddable":true,"href":"https:\/\/www.visionweb.com.ar\/index.php?rest_route=%2Fwp%2Fv2%2Ftags&post=18404"}],"curies":[{"name":"wp","href":"https:\/\/api.w.org\/{rel}","templated":true}]}}