{"id":18401,"date":"2025-06-23T11:30:11","date_gmt":"2025-06-23T14:30:11","guid":{"rendered":"https:\/\/www.visionweb.com.ar\/?p=18401"},"modified":"2025-06-23T11:30:11","modified_gmt":"2025-06-23T14:30:11","slug":"reforzaron-la-seguridad-en-algunos-edificios-en-buenos-aires-tras-el-ataque-de-ee-uu-a-iran","status":"publish","type":"post","link":"https:\/\/www.visionweb.com.ar\/?p=18401","title":{"rendered":"Reforzaron la seguridad en algunos edificios en Buenos Aires, tras el ataque de EE.UU. a Ir\u00e1n"},"content":{"rendered":"<p><em><strong>La Ciudad despleg\u00f3 un operativo especial para proteger 19 puntos sensibles. Los principales focos de vigilancia incluyen la embajada de Israel, escuelas y sedes diplom\u00e1ticas.<\/strong><\/em><!--more--><\/p>\n<p><strong>\u00a0 <img loading=\"lazy\" decoding=\"async\" class=\"size-medium wp-image-18402 alignright\" src=\"https:\/\/www.visionweb.com.ar\/wp-content\/uploads\/2025\/06\/embajada-israel-ba-300x240.png\" alt=\"\" width=\"300\" height=\"240\" srcset=\"https:\/\/www.visionweb.com.ar\/wp-content\/uploads\/2025\/06\/embajada-israel-ba-300x240.png 300w, https:\/\/www.visionweb.com.ar\/wp-content\/uploads\/2025\/06\/embajada-israel-ba.png 468w\" sizes=\"auto, (max-width: 300px) 100vw, 300px\" \/>\u00a0 L<\/strong>a<strong>\u00a0Polic\u00eda de la Ciudad\u00a0reforz\u00f3 la custodia en al menos\u00a019 objetivos vinculados a intereses israel\u00edes<\/strong>, en un operativo conjunto con la\u00a0Divisi\u00f3n de Despliegue de Intervenciones R\u00e1pidas (DIR), que incluy\u00f3 adem\u00e1s un despliegue especial en la embajada de\u00a0Estados Unidos.<\/p>\n<p>El aumento de seguridad se realiz\u00f3 en las \u00faltimas horas del s\u00e1bado, debido al <strong>ataque de Estados Unidos a instalaciones nucleares en Ir\u00e1n<\/strong>, ante el temor de posibles represalias o actos vand\u00e1licos en puntos estrat\u00e9gicos ubicados en territorio nacional.<\/p>\n<p>Seg\u00fan un comunicado oficial,\u00a0<strong>los principales focos de vigilancia incluyen la embajada de Israel, la residencia del embajador y la del agregado militar, as\u00ed como instituciones educativas israel\u00edes,\u00a0desde jardines de infantes hasta escuelas primarias y secundarias<\/strong>, donde el eje est\u00e1 puesto en la protecci\u00f3n de menores en el \u00e1mbito escolar.<\/p>\n<p><strong>Uno de los puntos m\u00e1s sensibles bajo custodia es la sede de la\u00a0Asociaci\u00f3n Mutual Israelita Argentina\u00a0<\/strong>(<strong>AMIA<\/strong>), en el barrio de Once,\u00a0escenario del atentado terrorista m\u00e1s grave en la historia del pa\u00eds, ocurrido en 1994, donde murieron 85 personas y m\u00e1s de 300 resultaron heridas.<\/p>\n<p>La zona cuenta ahora con patrullajes preventivos y efectivos apostados en pie para reforzar la seguridad.\u00a0Las autoridades porte\u00f1as destacaron que\u00a0<strong>el operativo se mantendr\u00e1 mientras se eval\u00fae el riesgo\u00a0de nuevas amenazas en el contexto internacional<\/strong>. <strong>(VW)<\/strong><\/p>\n","protected":false},"excerpt":{"rendered":"<p>La Ciudad despleg\u00f3 un operativo especial para proteger 19 puntos sensibles. Los principales focos de vigilancia incluyen la embajada de Israel, escuelas y sedes diplom\u00e1ticas.<\/p>\n","protected":false},"author":4,"featured_media":18402,"comment_status":"closed","ping_status":"closed","sticky":false,"template":"","format":"standard","meta":{"_monsterinsights_skip_tracking":false,"_monsterinsights_sitenote_active":false,"_monsterinsights_sitenote_note":"","_monsterinsights_sitenote_category":0,"footnotes":""},"categories":[4],"tags":[7833,7467,7835,7834],"class_list":["post-18401","post","type-post","status-publish","format-standard","has-post-thumbnail","hentry","category-politica","tag-ataque-de-ee-uu-a-iran","tag-embajada-de-israel","tag-focos-de-vigilancia","tag-refuerzo-de-seguridad-en-buenos-aires"],"_links":{"self":[{"href":"https:\/\/www.visionweb.com.ar\/index.php?rest_route=\/wp\/v2\/posts\/18401","targetHints":{"allow":["GET"]}}],"collection":[{"href":"https:\/\/www.visionweb.com.ar\/index.php?rest_route=\/wp\/v2\/posts"}],"about":[{"href":"https:\/\/www.visionweb.com.ar\/index.php?rest_route=\/wp\/v2\/types\/post"}],"author":[{"embeddable":true,"href":"https:\/\/www.visionweb.com.ar\/index.php?rest_route=\/wp\/v2\/users\/4"}],"replies":[{"embeddable":true,"href":"https:\/\/www.visionweb.com.ar\/index.php?rest_route=%2Fwp%2Fv2%2Fcomments&post=18401"}],"version-history":[{"count":1,"href":"https:\/\/www.visionweb.com.ar\/index.php?rest_route=\/wp\/v2\/posts\/18401\/revisions"}],"predecessor-version":[{"id":18403,"href":"https:\/\/www.visionweb.com.ar\/index.php?rest_route=\/wp\/v2\/posts\/18401\/revisions\/18403"}],"wp:featuredmedia":[{"embeddable":true,"href":"https:\/\/www.visionweb.com.ar\/index.php?rest_route=\/wp\/v2\/media\/18402"}],"wp:attachment":[{"href":"https:\/\/www.visionweb.com.ar\/index.php?rest_route=%2Fwp%2Fv2%2Fmedia&parent=18401"}],"wp:term":[{"taxonomy":"category","embeddable":true,"href":"https:\/\/www.visionweb.com.ar\/index.php?rest_route=%2Fwp%2Fv2%2Fcategories&post=18401"},{"taxonomy":"post_tag","embeddable":true,"href":"https:\/\/www.visionweb.com.ar\/index.php?rest_route=%2Fwp%2Fv2%2Ftags&post=18401"}],"curies":[{"name":"wp","href":"https:\/\/api.w.org\/{rel}","templated":true}]}}