{"id":18336,"date":"2025-06-13T12:26:43","date_gmt":"2025-06-13T15:26:43","guid":{"rendered":"https:\/\/www.visionweb.com.ar\/?p=18336"},"modified":"2025-06-13T12:26:43","modified_gmt":"2025-06-13T15:26:43","slug":"la-inflacion-de-mayo-fue-del-15-la-mas-baja-en-cinco-anos-segun-el-indec","status":"publish","type":"post","link":"https:\/\/www.visionweb.com.ar\/?p=18336","title":{"rendered":"La inflaci\u00f3n de mayo fue del 1,5%, la m\u00e1s baja en cinco a\u00f1os, seg\u00fan el Indec"},"content":{"rendered":"<p><em><strong>La inflaci\u00f3n de mayo fue del 1,5%, la menor cifra desde mediados de 2020. En tanto, el acumulado anual se redujo a 43,5%.<\/strong><\/em><!--more--><\/p>\n<p><strong>\u00a0\u00a0\u00a0\u00a0\u00a0 <img loading=\"lazy\" decoding=\"async\" class=\"size-medium wp-image-18337 alignright\" src=\"https:\/\/www.visionweb.com.ar\/wp-content\/uploads\/2025\/06\/indec-mayo-25-300x193.png\" alt=\"\" width=\"300\" height=\"193\" srcset=\"https:\/\/www.visionweb.com.ar\/wp-content\/uploads\/2025\/06\/indec-mayo-25-300x193.png 300w, https:\/\/www.visionweb.com.ar\/wp-content\/uploads\/2025\/06\/indec-mayo-25.png 574w\" sizes=\"auto, (max-width: 300px) 100vw, 300px\" \/>\u00a0\u00a0\u00a0\u00a0\u00a0\u00a0\u00a0 E<\/strong>l Instituto Nacional de Estad\u00edstica y Censos (<strong>INDEC<\/strong>) inform\u00f3 que el \u00cdndice de <strong>Precios al Consumidor (IPC)<\/strong> correspondiente a mayo de 2025, <strong>se ubic\u00f3 en 1,5%, <\/strong>por lo cual, el \u00edndice<strong> acumul\u00f3 en el a\u00f1o una variaci\u00f3n de 13,3%, <\/strong>y en la comparaci\u00f3n interanual alcanz\u00f3 el 43,5%.<\/p>\n<p>La divisi\u00f3n de\u00a0<strong>mayor aumento en el mes fue Comunicaci\u00f3n (4,1%), por subas en Servicios de telefon\u00eda e internet<\/strong>. Le sigui\u00f3 Restaurantes y hoteles (3,0%), por las alzas en Restaurantes y comidas fuera del hogar.<\/p>\n<p><strong>La divisi\u00f3n con mayor incidencia en las regiones GBA, Pampeana y Cuyo fue Restaurantes y hoteles (3,0%).\u00a0<\/strong>En cambio, en Noreste y Noroeste la mayor incidencia se registr\u00f3 en Alimentos y bebidas no alcoh\u00f3licas (0,5%), mientras que en Patagonia fue Vivienda, agua, electricidad, gas y otros combustibles (2,4%)<\/p>\n<p>Las dos divisiones que registraron las\u00a0<strong>menores variaciones en mayo de 2025 con respecto al mes previo fueron Alimentos y bebidas no alcoh\u00f3licas\u00a0<\/strong>(0,5%) y Transporte (0,4%).<\/p>\n<p>A nivel de las categor\u00edas,\u00a0<strong>los bienes y servicios en el IPC n\u00facleo (2,2%) lideraron el incremento,<\/strong>\u00a0seguidos de los precios Regulados (1,3%) y los Estacionales (-2,7%).<\/p>\n<p>El presidente Javier Milei ya\u00a0<strong>hab\u00eda anticipado que la inflaci\u00f3n del mes pasado se ubicar\u00eda finalmente por debajo del 2%,\u00a0<\/strong>un n\u00famero que estaba en l\u00ednea con las estimaciones difundidas por distintas consultoras privadas.<\/p>\n<p><strong>La inflaci\u00f3n en 2025<\/strong><\/p>\n<ul>\n<li>Enero: 2,2%<\/li>\n<li>Febrero: 2,4%<\/li>\n<li>Marzo: 3,7%<\/li>\n<li>Abril: 2,8%<\/li>\n<li>Mayo: 1,5%<\/li>\n<\/ul>\n<p>El<strong> IPC mensual m\u00e1s alto se hab\u00eda registrado con un 25,5% en diciembre\u00a0<\/strong><strong>del 2023<\/strong>, y el \u00faltimo n\u00famero que quebr\u00f3 el <strong>piso del 2%<\/strong> fue el 1,9% de julio del 2020, as\u00ed el \u00edndice no tocaba un nivel del 1,5% desde hace 5 a\u00f1os, en mayo de ese mismo a\u00f1o. <strong>(VW)<\/strong><\/p>\n","protected":false},"excerpt":{"rendered":"<p>La inflaci\u00f3n de mayo fue del 1,5%, la menor cifra desde mediados de 2020. En tanto, el acumulado anual se redujo a 43,5%.<\/p>\n","protected":false},"author":4,"featured_media":18337,"comment_status":"closed","ping_status":"closed","sticky":false,"template":"","format":"standard","meta":{"_monsterinsights_skip_tracking":false,"_monsterinsights_sitenote_active":false,"_monsterinsights_sitenote_note":"","_monsterinsights_sitenote_category":0,"footnotes":""},"categories":[6],"tags":[75,327,4321],"class_list":["post-18336","post","type-post","status-publish","format-standard","has-post-thumbnail","hentry","category-economia","tag-indec","tag-ipc","tag-mayo"],"_links":{"self":[{"href":"https:\/\/www.visionweb.com.ar\/index.php?rest_route=\/wp\/v2\/posts\/18336","targetHints":{"allow":["GET"]}}],"collection":[{"href":"https:\/\/www.visionweb.com.ar\/index.php?rest_route=\/wp\/v2\/posts"}],"about":[{"href":"https:\/\/www.visionweb.com.ar\/index.php?rest_route=\/wp\/v2\/types\/post"}],"author":[{"embeddable":true,"href":"https:\/\/www.visionweb.com.ar\/index.php?rest_route=\/wp\/v2\/users\/4"}],"replies":[{"embeddable":true,"href":"https:\/\/www.visionweb.com.ar\/index.php?rest_route=%2Fwp%2Fv2%2Fcomments&post=18336"}],"version-history":[{"count":1,"href":"https:\/\/www.visionweb.com.ar\/index.php?rest_route=\/wp\/v2\/posts\/18336\/revisions"}],"predecessor-version":[{"id":18338,"href":"https:\/\/www.visionweb.com.ar\/index.php?rest_route=\/wp\/v2\/posts\/18336\/revisions\/18338"}],"wp:featuredmedia":[{"embeddable":true,"href":"https:\/\/www.visionweb.com.ar\/index.php?rest_route=\/wp\/v2\/media\/18337"}],"wp:attachment":[{"href":"https:\/\/www.visionweb.com.ar\/index.php?rest_route=%2Fwp%2Fv2%2Fmedia&parent=18336"}],"wp:term":[{"taxonomy":"category","embeddable":true,"href":"https:\/\/www.visionweb.com.ar\/index.php?rest_route=%2Fwp%2Fv2%2Fcategories&post=18336"},{"taxonomy":"post_tag","embeddable":true,"href":"https:\/\/www.visionweb.com.ar\/index.php?rest_route=%2Fwp%2Fv2%2Ftags&post=18336"}],"curies":[{"name":"wp","href":"https:\/\/api.w.org\/{rel}","templated":true}]}}