{"id":18334,"date":"2025-06-13T12:19:04","date_gmt":"2025-06-13T15:19:04","guid":{"rendered":"https:\/\/www.visionweb.com.ar\/?p=18334"},"modified":"2025-06-13T12:19:04","modified_gmt":"2025-06-13T15:19:04","slug":"el-empleo-formal-perdio-200-000-puestos-desde-noviembre-de-2023","status":"publish","type":"post","link":"https:\/\/www.visionweb.com.ar\/?p=18334","title":{"rendered":"El empleo formal perdi\u00f3 200.000 puestos desde noviembre de 2023"},"content":{"rendered":"<p><strong><em>Seg\u00fan los \u00faltimos datos oficiales, la p\u00e9rdida en marzo de este a\u00f1o lleg\u00f3 a casi 9.000 puestos. La industria\u00a0fue la m\u00e1s golpeada en ese mismo mes, con una p\u00e9rdida superior a los\u00a04.000 puestos. El\u00a0empleo p\u00fablico\u00a0sigue en ca\u00edda, y crecieron los monotributistas.<\/em><\/strong><!--more--><\/p>\n<p><img loading=\"lazy\" decoding=\"async\" class=\"size-full wp-image-1743 alignright\" src=\"https:\/\/www.visionweb.com.ar\/wp-content\/uploads\/2021\/05\/busco-trabajo-uca.bmp\" alt=\"\" width=\"498\" height=\"296\" \/>\u00a0\u00a0\u00a0\u00a0\u00a0 Seg\u00fan datos oficiales del <strong>Sistema Integrado Previsional Argentino (SIPA)<\/strong>, en marzo pasado se perdieron\u00a0<strong>8.982 puestos de trabajo registrados<\/strong>, en su mayor\u00eda en el sector privado.<\/p>\n<p>Si se toma ese mes en relaci\u00f3n a noviembre de 2023, en el final del Gobierno de Alberto Fern\u00e1ndez, la ca\u00edda llega a\u00a0<strong>195.674 empleos formales.<\/strong><\/p>\n<p>En ese sentido, el <strong>economista de la CTA Aut\u00f3noma Luis Campos<\/strong>, analiz\u00f3 estos datos, y destac\u00f3 que esos casi 200 mil puestos perdidos tienen una distribuci\u00f3n de 59% en el sector privado, 30% en el sector p\u00fablico y 11% en casas particulares.<\/p>\n<p>Sin embargo, desde noviembre de 2023 al tercer mes del actual a\u00f1o, hay un crecimiento de monotributistas. Un total de 5.091 en marzo y 75 mil m\u00e1s desde que asumi\u00f3 Milei a la actualidad.<\/p>\n<p>El sector privado, en particular, atraves\u00f3 una\u00a0<strong>etapa de fuerte destrucci\u00f3n de empleo entre septiembre de 2023 y julio de 2024<\/strong>, seguida por un per\u00edodo de\u00a0<strong>estancamiento<\/strong>. Desde ese m\u00ednimo, el empleo privado creci\u00f3 apenas un\u00a0<strong>0,3% en los siguientes ocho meses<\/strong>, un ritmo insuficiente incluso para compensar el crecimiento vegetativo de la poblaci\u00f3n. \u201c<strong>Algunos dec\u00edan que la reforma laboral iba a apuntalar el empleo formal. No pas\u00f3<\/strong>\u201d, dijo Campos.<\/p>\n<p>En cuanto a los sectores m\u00e1s afectados,\u00a0<strong>la industria<\/strong>\u00a0fue la m\u00e1s golpeada en marzo, con una p\u00e9rdida superior a los\u00a0<strong>4.000 puestos<\/strong>, una din\u00e1mica similar a la de los primeros meses de 2024.<\/p>\n<p>Por su parte, el\u00a0<strong>empleo p\u00fablico<\/strong>\u00a0contin\u00faa mostrando una persistente ca\u00edda, ya que el nivel general sigue en los valores m\u00e1s bajos de los \u00faltimos dos a\u00f1os, acompa\u00f1ado por un fuerte deterioro salarial.<\/p>\n<p>Las\u00a0<strong>trabajadoras registradas en casas particulares<\/strong>\u00a0tambi\u00e9n enfrentan una situaci\u00f3n cr\u00edtica: el n\u00famero de empleos registrados en marzo de 2025 fue el\u00a0<strong>m\u00e1s bajo de la \u00faltima d\u00e9cada<\/strong>.<\/p>\n<p>A la vez, la ca\u00edda del empleo formal no fue uniforme a nivel geogr\u00e1fico. Desde noviembre de 2023,\u00a0<strong>La Rioja y Santa Cruz<\/strong>\u00a0fueron las provincias m\u00e1s afectadas, con ca\u00eddas superiores al 11%. Les siguen\u00a0<strong>Formosa, Catamarca, Santiago del Estero, Misiones y Tierra del Fuego<\/strong>, con retrocesos del orden del 6% al 7%.<\/p>\n<p>En paralelo, el salario en el sector privado medido por el SIPA (sin discriminar cantidad de horas trabajadas)\u00a0<strong>cay\u00f3 por tercer mes consecutivo en abril<\/strong>, y acumul\u00f3 una p\u00e9rdida cercana al 4% en el trimestre, seg\u00fan datos de la Secretar\u00eda de Trabajo. De esta forma, el ingreso promedio volvi\u00f3 a ubicarse en niveles de\u00a0<strong>noviembre de 2023<\/strong>.<\/p>\n<p>El\u00a0<strong>adelanto de empleo en abril<\/strong>\u00a0a trav\u00e9s de la Encuesta de Indicadores Laborales (EIL) tampoco mostr\u00f3 se\u00f1ales positivas: el empleo registrado cay\u00f3 un\u00a0<strong>0,24%<\/strong>, aunque parte de esa variaci\u00f3n podr\u00eda atribuirse a factores estacionales. <strong>(VW)<\/strong><\/p>\n","protected":false},"excerpt":{"rendered":"<p>Seg\u00fan los \u00faltimos datos oficiales, la p\u00e9rdida en marzo de este a\u00f1o lleg\u00f3 a casi 9.000 puestos. La industria\u00a0fue la m\u00e1s golpeada en ese mismo mes, con una p\u00e9rdida superior a los\u00a04.000 puestos. El\u00a0empleo&#46;&#46;&#46;<\/p>\n","protected":false},"author":4,"featured_media":1743,"comment_status":"closed","ping_status":"closed","sticky":false,"template":"","format":"standard","meta":{"_monsterinsights_skip_tracking":false,"_monsterinsights_sitenote_active":false,"_monsterinsights_sitenote_note":"","_monsterinsights_sitenote_category":0,"footnotes":""},"categories":[4,5],"tags":[7802,7801,6549],"class_list":["post-18334","post","type-post","status-publish","format-standard","has-post-thumbnail","hentry","category-politica","category-sociedad","tag-9mil-puestos-en-marzo","tag-perdida-de-empleos","tag-sipa"],"_links":{"self":[{"href":"https:\/\/www.visionweb.com.ar\/index.php?rest_route=\/wp\/v2\/posts\/18334","targetHints":{"allow":["GET"]}}],"collection":[{"href":"https:\/\/www.visionweb.com.ar\/index.php?rest_route=\/wp\/v2\/posts"}],"about":[{"href":"https:\/\/www.visionweb.com.ar\/index.php?rest_route=\/wp\/v2\/types\/post"}],"author":[{"embeddable":true,"href":"https:\/\/www.visionweb.com.ar\/index.php?rest_route=\/wp\/v2\/users\/4"}],"replies":[{"embeddable":true,"href":"https:\/\/www.visionweb.com.ar\/index.php?rest_route=%2Fwp%2Fv2%2Fcomments&post=18334"}],"version-history":[{"count":1,"href":"https:\/\/www.visionweb.com.ar\/index.php?rest_route=\/wp\/v2\/posts\/18334\/revisions"}],"predecessor-version":[{"id":18335,"href":"https:\/\/www.visionweb.com.ar\/index.php?rest_route=\/wp\/v2\/posts\/18334\/revisions\/18335"}],"wp:featuredmedia":[{"embeddable":true,"href":"https:\/\/www.visionweb.com.ar\/index.php?rest_route=\/wp\/v2\/media\/1743"}],"wp:attachment":[{"href":"https:\/\/www.visionweb.com.ar\/index.php?rest_route=%2Fwp%2Fv2%2Fmedia&parent=18334"}],"wp:term":[{"taxonomy":"category","embeddable":true,"href":"https:\/\/www.visionweb.com.ar\/index.php?rest_route=%2Fwp%2Fv2%2Fcategories&post=18334"},{"taxonomy":"post_tag","embeddable":true,"href":"https:\/\/www.visionweb.com.ar\/index.php?rest_route=%2Fwp%2Fv2%2Ftags&post=18334"}],"curies":[{"name":"wp","href":"https:\/\/api.w.org\/{rel}","templated":true}]}}