{"id":18324,"date":"2025-06-12T12:11:14","date_gmt":"2025-06-12T15:11:14","guid":{"rendered":"https:\/\/www.visionweb.com.ar\/?p=18324"},"modified":"2025-06-12T12:18:59","modified_gmt":"2025-06-12T15:18:59","slug":"autorizaron-un-incremento-del-2-en-el-precio-del-gasoil","status":"publish","type":"post","link":"https:\/\/www.visionweb.com.ar\/?p=18324","title":{"rendered":"Autorizaron un incremento del 2% en el precio del biodiesel"},"content":{"rendered":"<p><em><strong>La Secretar\u00eda de Energ\u00eda autoriz\u00f3 este jueves un incremento del 2% en el precio del biodi\u00e9sel, por lo cual impactar\u00e1 en breve en el precio del gasoil.<\/strong><\/em><!--more--><\/p>\n<p><strong>\u00a0 <img loading=\"lazy\" decoding=\"async\" class=\"size-medium wp-image-9157 alignright\" src=\"https:\/\/www.visionweb.com.ar\/wp-content\/uploads\/2023\/01\/surtidores-ypf-282x300.jpg\" alt=\"\" width=\"282\" height=\"300\" srcset=\"https:\/\/www.visionweb.com.ar\/wp-content\/uploads\/2023\/01\/surtidores-ypf-282x300.jpg 282w, https:\/\/www.visionweb.com.ar\/wp-content\/uploads\/2023\/01\/surtidores-ypf.bmp 366w\" sizes=\"auto, (max-width: 282px) 100vw, 282px\" \/>\u00a0\u00a0\u00a0\u00a0 L<\/strong>a<strong> Secretar\u00eda de Energ\u00eda actualiz\u00f3 este jueves el precio del biodi\u00e9sel<\/strong>\u00a0destinado para la mezcla obligatoria por ley con el gasoil, con un aumento del<strong>\u00a02%<\/strong>, a trav\u00e9s de la <strong>Resoluci\u00f3n 261\/2025<\/strong> publicada en el Bolet\u00edn Oficial.<\/p>\n<p>De esta manera, el precio m\u00ednimo de adquisici\u00f3n del biodi\u00e9sel destinado a su mezcla obligatoria con gasoil\u00a0<strong>qued\u00f3 en $1.276.874 por tonelada<\/strong>, para las operaciones a llevarse a cabo durante el mes de junio de 2025 y hasta la publicaci\u00f3n de un nuevo precio que lo reemplace.<\/p>\n<p>La normativa gubernamental determin\u00f3 que el plazo de pago del biodiesel no podr\u00e1 exceder, en ning\u00fan caso, los 7 d\u00edas corridos a contar desde la fecha de la factura correspondiente.<\/p>\n<p>Al mismo tiempo, aclar\u00f3 que el nuevo precio fijado\u00a0<strong>\u201ces el valor m\u00ednimo al cual deber\u00e1n ser llevadas a cabo las operaciones de comercializaci\u00f3n en el mercado interno\u201d.<\/strong><\/p>\n<p>En los considerandos, se record\u00f3 que la secretar\u00eda energ\u00e9tica est\u00e1 facultada para modificar los precios\u00a0\u201ctanto en los casos en que se detecten desfasajes entre los valores resultantes de su implementaci\u00f3n y los costos reales de elaboraci\u00f3n de los productos, o bien cuando dichos precios puedan generar distorsiones en los precios del combustible f\u00f3sil en el pico del surtidor, esto \u00faltimo lo cual resulta necesario atender en el contexto actual, fijando excepcionalmente un precio que se ajuste a dicha necesidad\u00bb.<\/p>\n<p>En el caso del\u00a0<strong>bioetanol<\/strong>, tanto el elaborado a base de ca\u00f1a de az\u00facar como el elaborado a base de ma\u00edz, destinado a su mezcla obligatoria con la nafta, a\u00fan no se publicaron nuevos valores para el sexto mes del a\u00f1o, por lo que\u00a0<strong>todav\u00eda rigen los precios de mayo.<\/strong><\/p>\n<p>En el quinto mes de 2025, se fij\u00f3 el precio m\u00ednimo de adquisici\u00f3n por litro del bioetanol elaborado a base de ca\u00f1a de az\u00facar en $788,181. Mientras que, para el precio de adquisici\u00f3n del bioetanol elaborado a base de ma\u00edz, el valor est\u00e1 en $722,395.<\/p>\n<p>Los precios de los biocombustibles son parte de los costos que se reflejan en los surtidores, por lo que cada variaci\u00f3n en los mismos puede implicar una suba de los valores de la venta de nafta y gasoil al p\u00fablico, tal como sucedi\u00f3 el mes pasado con un alza de hasta 0,4%. En esta oportunidad,\u00a0<strong>el precio del gasoil podr\u00eda exhibir el impacto con un aumento en el corto plazo. (VW)<\/strong><\/p>\n","protected":false},"excerpt":{"rendered":"<p>La Secretar\u00eda de Energ\u00eda autoriz\u00f3 este jueves un incremento del 2% en el precio del biodi\u00e9sel, por lo cual impactar\u00e1 en breve en el precio del gasoil.<\/p>\n","protected":false},"author":4,"featured_media":5568,"comment_status":"closed","ping_status":"closed","sticky":false,"template":"","format":"standard","meta":{"_monsterinsights_skip_tracking":false,"_monsterinsights_sitenote_active":false,"_monsterinsights_sitenote_note":"","_monsterinsights_sitenote_category":0,"footnotes":""},"categories":[6],"tags":[7797,2484,140,2069,5740],"class_list":["post-18324","post","type-post","status-publish","format-standard","has-post-thumbnail","hentry","category-economia","tag-aumento-del-biodiesel","tag-aumento-gasoil","tag-combustibles","tag-resolucion","tag-secretaria-de-energia"],"_links":{"self":[{"href":"https:\/\/www.visionweb.com.ar\/index.php?rest_route=\/wp\/v2\/posts\/18324","targetHints":{"allow":["GET"]}}],"collection":[{"href":"https:\/\/www.visionweb.com.ar\/index.php?rest_route=\/wp\/v2\/posts"}],"about":[{"href":"https:\/\/www.visionweb.com.ar\/index.php?rest_route=\/wp\/v2\/types\/post"}],"author":[{"embeddable":true,"href":"https:\/\/www.visionweb.com.ar\/index.php?rest_route=\/wp\/v2\/users\/4"}],"replies":[{"embeddable":true,"href":"https:\/\/www.visionweb.com.ar\/index.php?rest_route=%2Fwp%2Fv2%2Fcomments&post=18324"}],"version-history":[{"count":3,"href":"https:\/\/www.visionweb.com.ar\/index.php?rest_route=\/wp\/v2\/posts\/18324\/revisions"}],"predecessor-version":[{"id":18329,"href":"https:\/\/www.visionweb.com.ar\/index.php?rest_route=\/wp\/v2\/posts\/18324\/revisions\/18329"}],"wp:featuredmedia":[{"embeddable":true,"href":"https:\/\/www.visionweb.com.ar\/index.php?rest_route=\/wp\/v2\/media\/5568"}],"wp:attachment":[{"href":"https:\/\/www.visionweb.com.ar\/index.php?rest_route=%2Fwp%2Fv2%2Fmedia&parent=18324"}],"wp:term":[{"taxonomy":"category","embeddable":true,"href":"https:\/\/www.visionweb.com.ar\/index.php?rest_route=%2Fwp%2Fv2%2Fcategories&post=18324"},{"taxonomy":"post_tag","embeddable":true,"href":"https:\/\/www.visionweb.com.ar\/index.php?rest_route=%2Fwp%2Fv2%2Ftags&post=18324"}],"curies":[{"name":"wp","href":"https:\/\/api.w.org\/{rel}","templated":true}]}}