{"id":18320,"date":"2025-06-12T11:56:58","date_gmt":"2025-06-12T14:56:58","guid":{"rendered":"https:\/\/www.visionweb.com.ar\/?p=18320"},"modified":"2025-06-12T11:56:58","modified_gmt":"2025-06-12T14:56:58","slug":"desde-lanus-para-lanus-en-defensa-de-la-democracia","status":"publish","type":"post","link":"https:\/\/www.visionweb.com.ar\/?p=18320","title":{"rendered":"Desde Lan\u00fas para Lan\u00fas: En defensa de la democracia"},"content":{"rendered":"<p><em><strong>El mensaje hace un llamado a la ciudadan\u00eda para no permitir el avasallamiento de los derechos democr\u00e1ticos.<\/strong><\/em><!--more--><\/p>\n<p><img loading=\"lazy\" decoding=\"async\" class=\"size-medium wp-image-18321 alignright\" src=\"https:\/\/www.visionweb.com.ar\/wp-content\/uploads\/2025\/06\/BALLADARES-300x293.png\" alt=\"\" width=\"300\" height=\"293\" srcset=\"https:\/\/www.visionweb.com.ar\/wp-content\/uploads\/2025\/06\/BALLADARES-300x293.png 300w, https:\/\/www.visionweb.com.ar\/wp-content\/uploads\/2025\/06\/BALLADARES.png 492w\" sizes=\"auto, (max-width: 300px) 100vw, 300px\" \/>El presidente del HCD de Lan\u00fas y dirigente del espacio De Lan\u00fas para Lan\u00fas, Agust\u00edn Balladares, emiti\u00f3 un comunicado en el que denuncia la persecuci\u00f3n pol\u00edtica y judicial contra la expresidenta Cristina Fern\u00e1ndez de Kirchner, alertando sobre su impacto en la voluntad popular y la estabilidad democr\u00e1tica del pa\u00eds.<\/p>\n<p>En el documento, Balladares declara el estado de alerta y movilizaci\u00f3n, reafirmando el compromiso del espacio con la defensa de los valores democr\u00e1ticos. Asimismo, expresa un rechazo categ\u00f3rico a los ataques dirigidos a los l\u00edderes del movimiento y a la memoria de quienes han trabajado por el pueblo organizado.<\/p>\n<p>El mensaje hace un llamado a la ciudadan\u00eda para no permitir el avasallamiento de los derechos democr\u00e1ticos, instando a la unidad y a la resistencia pac\u00edfica frente a los intentos de deslegitimar la participaci\u00f3n de ciertos sectores en el escenario pol\u00edtico(<strong>VW)<\/strong>.<\/p>\n","protected":false},"excerpt":{"rendered":"<p>El mensaje hace un llamado a la ciudadan\u00eda para no permitir el avasallamiento de los derechos democr\u00e1ticos.<\/p>\n","protected":false},"author":3,"featured_media":11315,"comment_status":"closed","ping_status":"closed","sticky":false,"template":"","format":"standard","meta":{"_monsterinsights_skip_tracking":false,"_monsterinsights_sitenote_active":false,"_monsterinsights_sitenote_note":"","_monsterinsights_sitenote_category":0,"footnotes":""},"categories":[4],"tags":[],"class_list":["post-18320","post","type-post","status-publish","format-standard","has-post-thumbnail","hentry","category-politica"],"_links":{"self":[{"href":"https:\/\/www.visionweb.com.ar\/index.php?rest_route=\/wp\/v2\/posts\/18320","targetHints":{"allow":["GET"]}}],"collection":[{"href":"https:\/\/www.visionweb.com.ar\/index.php?rest_route=\/wp\/v2\/posts"}],"about":[{"href":"https:\/\/www.visionweb.com.ar\/index.php?rest_route=\/wp\/v2\/types\/post"}],"author":[{"embeddable":true,"href":"https:\/\/www.visionweb.com.ar\/index.php?rest_route=\/wp\/v2\/users\/3"}],"replies":[{"embeddable":true,"href":"https:\/\/www.visionweb.com.ar\/index.php?rest_route=%2Fwp%2Fv2%2Fcomments&post=18320"}],"version-history":[{"count":1,"href":"https:\/\/www.visionweb.com.ar\/index.php?rest_route=\/wp\/v2\/posts\/18320\/revisions"}],"predecessor-version":[{"id":18322,"href":"https:\/\/www.visionweb.com.ar\/index.php?rest_route=\/wp\/v2\/posts\/18320\/revisions\/18322"}],"wp:featuredmedia":[{"embeddable":true,"href":"https:\/\/www.visionweb.com.ar\/index.php?rest_route=\/wp\/v2\/media\/11315"}],"wp:attachment":[{"href":"https:\/\/www.visionweb.com.ar\/index.php?rest_route=%2Fwp%2Fv2%2Fmedia&parent=18320"}],"wp:term":[{"taxonomy":"category","embeddable":true,"href":"https:\/\/www.visionweb.com.ar\/index.php?rest_route=%2Fwp%2Fv2%2Fcategories&post=18320"},{"taxonomy":"post_tag","embeddable":true,"href":"https:\/\/www.visionweb.com.ar\/index.php?rest_route=%2Fwp%2Fv2%2Ftags&post=18320"}],"curies":[{"name":"wp","href":"https:\/\/api.w.org\/{rel}","templated":true}]}}