{"id":18316,"date":"2025-06-12T10:01:20","date_gmt":"2025-06-12T13:01:20","guid":{"rendered":"https:\/\/www.visionweb.com.ar\/?p=18316"},"modified":"2025-06-12T10:25:43","modified_gmt":"2025-06-12T13:25:43","slug":"crece-la-preocupacion-de-profesionales-y-trabajadores-de-inta-por-el-cambio-en-el-sistema-de-gobernanza","status":"publish","type":"post","link":"https:\/\/www.visionweb.com.ar\/?p=18316","title":{"rendered":"Crece la preocupaci\u00f3n de profesionales y trabajadores de INTA por el cambio en el sistema de gobernanza"},"content":{"rendered":"<p><em><strong>Luego del encuentro que los referentes del INTA mantuvieron el Secretario de Agricultura, Sergio Iraeta, dieron a conocer un documento en el que destacan el rol del ente tecnol\u00f3gico y las consecuencias de la modificaci\u00f3n de su estructura.<\/strong><\/em><!--more--><\/p>\n<p class=\"com-paragraph --capital --s\"><img loading=\"lazy\" decoding=\"async\" class=\"size-medium wp-image-16547 alignright\" src=\"https:\/\/www.visionweb.com.ar\/wp-content\/uploads\/2024\/11\/CERNTRO-REGIONAL-INTA-MISIONES-300x200.png\" alt=\"\" width=\"300\" height=\"200\" srcset=\"https:\/\/www.visionweb.com.ar\/wp-content\/uploads\/2024\/11\/CERNTRO-REGIONAL-INTA-MISIONES-300x200.png 300w, https:\/\/www.visionweb.com.ar\/wp-content\/uploads\/2024\/11\/CERNTRO-REGIONAL-INTA-MISIONES.png 634w\" sizes=\"auto, (max-width: 300px) 100vw, 300px\" \/>Los trabajadores y directores de diversas \u00e1reas del Instituto Nacional de Tecnolog\u00eda Agropecuaria (INTA) enfrentan momentos de incertidumbre mientras esperan el decreto del gobierno nacional, que podr\u00eda tener un impacto significativo en la conducci\u00f3n del organismo.<\/p>\n<p class=\"com-paragraph --capital --s\">Para abordar esta situaci\u00f3n, presidentes de los Consejos Regionales del ente se reunieron con el secretario de Agricultura, Sergio Iraeta, quien confirm\u00f3 que el decreto est\u00e1 a punto de ser emitido y traer\u00e1 modificaciones para el INTA. Seg\u00fan se ha divulgado, se anticipan cambios en la gobernanza del Consejo Directivo, en la autarqu\u00eda y en los Centros Regionales.<\/p>\n<p class=\"com-paragraph --s\">A la reuni\u00f3n asisti\u00f3 un representante por cada regi\u00f3n: Silvana Putelli, presidenta del Centro Regional Mendoza y San Juan; Cristian Bagnardi, presidente del Consejo Regional Buenos Aires Sur; Silvana Somadossi, del Centro Regional Patagonia Norte-Sur; Daniel Lupi, representante de la Comunidad Cient\u00edfico-T\u00e9cnica; Emiliano Dur\u00e1n, del Centro Regional Santa Fe; Ricardo Piskulich, presidente del Centro Regional Catamarca y La Rioja; Roque Budeguer, presidente del Centro Regional Tucum\u00e1n y Santiago del Estero; y Oscar Barbera, del Centro Regional Corrientes y coordinador de los presidentes de los distintos Consejos. Iraeta asegur\u00f3 que se realizar\u00e1 una transformaci\u00f3n profunda en la gobernanza y cambios significativos en el INTA.<\/p>\n<p class=\"com-paragraph --s\">En este contexto, los representantes entregaron una carta respaldada por 21 presidentes de Consejos Regionales y Centros de Investigaci\u00f3n del INTA, quienes reafirmaron su compromiso por mejorar el sistema de investigaci\u00f3n y transferencia tecnol\u00f3gica agropecuaria.<\/p>\n<p class=\"com-paragraph --s\">En el documento solicitaron a Iraeta y a los ministros Luis Caputo, de Econom\u00eda, y Federico Sturzenegger, de Desregulaci\u00f3n y Transformaci\u00f3n del Estado, una entrevista para expresar su apoyo a un modelo de INTA descentralizado, representativo y eficiente.<\/p>\n<p class=\"com-paragraph --s\">Resaltaron la legitimidad de su representaci\u00f3n, construida con casi 1000 dirigentes de diversos sectores que participan ad honorem en las decisiones estrat\u00e9gicas y operativas de la instituci\u00f3n.<\/p>\n<p class=\"com-paragraph --s\">En el documento describieron la estructura federal del INTA, que incluye una representaci\u00f3n plural de entidades rurales, universidades, gobiernos provinciales, cient\u00edficos y empleados.<\/p>\n<p class=\"com-paragraph --s\">Subrayaron que esta red institucional asegura que la planificaci\u00f3n, evaluaci\u00f3n y direcci\u00f3n del organismo respondan a realidades locales. Afirmaron que la experiencia acumulada y la participaci\u00f3n activa en la formulaci\u00f3n de pol\u00edticas y planes regionales son elementos clave que sostienen la eficacia de la gobernanza del INTA.<\/p>\n<p class=\"com-paragraph --s\">En la carta manifestaron un firme respaldo a la autarqu\u00eda del organismo. Advirtieron que la reducci\u00f3n de personal en la \u00faltima d\u00e9cada no ha debilitado su operatividad, y que incluso han presentado propuestas de reestructuraci\u00f3n que a\u00fan no han sido consideradas. Rechazaron cualquier intento de centralizar el control del INTA y exigieron que \u201clas decisiones se fundamenten en criterios t\u00e9cnicos y federales, no pol\u00edticos ni arbitrarios\u201d.<\/p>\n<p class=\"com-paragraph --s\">Alertaron sobre rumores que indican que se planea alterar la composici\u00f3n del Consejo Directivo del INTA, restando representaci\u00f3n al sector privado.<\/p>\n<p class=\"com-paragraph --s\">A la vez, consideraron dicha medida como una contradicci\u00f3n a la pol\u00edtica gubernamental de fomentar al sector privado y promover la innovaci\u00f3n descentralizada. Plantearon que,<strong>\u00a0sin extensi\u00f3n territorial e interacci\u00f3n directa con los productores, las soluciones ser\u00edan solo te\u00f3ricas e ineficaces.<\/strong><\/p>\n<p class=\"com-paragraph --s\">Por ello, propusieron crear una Mesa de Reestructuraci\u00f3n Permanente que audite, modernice y potencie al INTA, sin sacrificar su esp\u00edritu federal.<\/p>\n<p class=\"com-paragraph --s\">Un consejero que particip\u00f3 en el encuentro con Iraeta coment\u00f3: \u201cNo estamos de acuerdo con el enfoque del cambio de gobernanza que se propone. Reivindicamos la autarqu\u00eda y la autonom\u00eda de los Consejos Regionales. Debemos estar preparados para los cambios que se avecinan, que inevitablemente llegar\u00e1n, pero eso no implica aceptar una centralizaci\u00f3n que debilite el federalismo del INTA.<\/p>\n<p class=\"com-paragraph --s\">\u201cAsistimos a la reuni\u00f3n para ofrecer soluciones, para dejar claro que somos una herramienta \u00fatil para un cambio positivo, y para defender el papel del INTA\u201d.<\/p>\n<p>El comunicado de los presidentes de los Consejos Regionales del INTA tras la reuni\u00f3n con Sergio Iraeta, secretario de Agricultura a\u00f1adi\u00f3: \u201cNos informaron que la representaci\u00f3n de Aacrea [Asociaci\u00f3n Argentina de Consorcios Regionales de Experimentaci\u00f3n Agr\u00edcola] dejar\u00e1 de existir en el Consejo Directivo y se nos ofreci\u00f3 un lugar a nivel nacional. Dejadamos en claro que no somos actores pol\u00edticos y que no nos involucramos con el Gobierno en esos t\u00e9rminos. Nuestra funci\u00f3n es t\u00e9cnica y representativa del territorio, no partidaria\u201d.<\/p>\n<p class=\"com-paragraph --s\">La fuente consultada precis\u00f3: \u201cEl discurso oficial habla de \u2018modernizar un INTA de 70 a\u00f1os y proyectarlo hacia 2050\u2019, pero eso implica, actualmente, confiar ciegamente en el gobierno de turno. Y la verdad es que no sabemos qu\u00e9 puede ocurrir ni c\u00f3mo ser\u00e1 la nueva estructura. Hay temor por el rumbo que puede tomar la gobernanza. Todos coincidimos en que el INTA necesita modernizarse, pero tambi\u00e9n coincidimos en algo m\u00e1s importante: queremos participar en ese proceso<strong>(VW\/NAP)<\/strong><\/p>\n","protected":false},"excerpt":{"rendered":"<p>Luego del encuentro que los referentes del INTA mantuvieron el Secretario de Agricultura, Sergio Iraeta, dieron a conocer un documento en el que destacan el rol del ente tecnol\u00f3gico y las consecuencias de la&#46;&#46;&#46;<\/p>\n","protected":false},"author":3,"featured_media":16547,"comment_status":"closed","ping_status":"closed","sticky":false,"template":"","format":"standard","meta":{"_monsterinsights_skip_tracking":false,"_monsterinsights_sitenote_active":false,"_monsterinsights_sitenote_note":"","_monsterinsights_sitenote_category":0,"footnotes":""},"categories":[1],"tags":[7595,7795,3158],"class_list":["post-18316","post","type-post","status-publish","format-standard","has-post-thumbnail","hentry","category-uncategorized","tag-delegaciones","tag-gobernanza","tag-inta"],"_links":{"self":[{"href":"https:\/\/www.visionweb.com.ar\/index.php?rest_route=\/wp\/v2\/posts\/18316","targetHints":{"allow":["GET"]}}],"collection":[{"href":"https:\/\/www.visionweb.com.ar\/index.php?rest_route=\/wp\/v2\/posts"}],"about":[{"href":"https:\/\/www.visionweb.com.ar\/index.php?rest_route=\/wp\/v2\/types\/post"}],"author":[{"embeddable":true,"href":"https:\/\/www.visionweb.com.ar\/index.php?rest_route=\/wp\/v2\/users\/3"}],"replies":[{"embeddable":true,"href":"https:\/\/www.visionweb.com.ar\/index.php?rest_route=%2Fwp%2Fv2%2Fcomments&post=18316"}],"version-history":[{"count":1,"href":"https:\/\/www.visionweb.com.ar\/index.php?rest_route=\/wp\/v2\/posts\/18316\/revisions"}],"predecessor-version":[{"id":18317,"href":"https:\/\/www.visionweb.com.ar\/index.php?rest_route=\/wp\/v2\/posts\/18316\/revisions\/18317"}],"wp:featuredmedia":[{"embeddable":true,"href":"https:\/\/www.visionweb.com.ar\/index.php?rest_route=\/wp\/v2\/media\/16547"}],"wp:attachment":[{"href":"https:\/\/www.visionweb.com.ar\/index.php?rest_route=%2Fwp%2Fv2%2Fmedia&parent=18316"}],"wp:term":[{"taxonomy":"category","embeddable":true,"href":"https:\/\/www.visionweb.com.ar\/index.php?rest_route=%2Fwp%2Fv2%2Fcategories&post=18316"},{"taxonomy":"post_tag","embeddable":true,"href":"https:\/\/www.visionweb.com.ar\/index.php?rest_route=%2Fwp%2Fv2%2Ftags&post=18316"}],"curies":[{"name":"wp","href":"https:\/\/api.w.org\/{rel}","templated":true}]}}