{"id":18308,"date":"2025-06-11T13:31:18","date_gmt":"2025-06-11T16:31:18","guid":{"rendered":"https:\/\/www.visionweb.com.ar\/?p=18308"},"modified":"2025-06-11T13:31:18","modified_gmt":"2025-06-11T16:31:18","slug":"la-justicia-notifico-a-la-camara-nacional-electoral-de-la-inhabilitacion-de-cristina-fernandez","status":"publish","type":"post","link":"https:\/\/www.visionweb.com.ar\/?p=18308","title":{"rendered":"La Justicia notific\u00f3 a la C\u00e1mara Nacional Electoral de la inhabilitaci\u00f3n de Cristina Fern\u00e1ndez"},"content":{"rendered":"<p><em><strong>Cristina Fern\u00e1ndez de Kirchner fue condenada a la pena de seis a\u00f1os de prisi\u00f3n, e inhabilitaci\u00f3n especial perpetua para ejercer cargos p\u00fablicos. Las repercusiones.<\/strong><\/em><!--more--><\/p>\n<p><strong>\u00a0 <img loading=\"lazy\" decoding=\"async\" class=\"size-medium wp-image-16738 alignright\" src=\"https:\/\/www.visionweb.com.ar\/wp-content\/uploads\/2024\/12\/JUSTICIA-FEDERAL-COMODORO-PY-300x168.png\" alt=\"\" width=\"300\" height=\"168\" srcset=\"https:\/\/www.visionweb.com.ar\/wp-content\/uploads\/2024\/12\/JUSTICIA-FEDERAL-COMODORO-PY-300x168.png 300w, https:\/\/www.visionweb.com.ar\/wp-content\/uploads\/2024\/12\/JUSTICIA-FEDERAL-COMODORO-PY.png 640w\" sizes=\"auto, (max-width: 300px) 100vw, 300px\" \/> \u00a0L<\/strong>a<strong> Corte Suprema de Justicia\u00a0dej\u00f3 firme ayer la condena a seis a\u00f1os de prisi\u00f3n para Cristina Fern\u00e1ndez de Kirchner, al rechazar por unanimidad los recursos presentados por la defensa<\/strong>\u00a0de la ex mandataria en la causa por irregularidades en la adjudicaci\u00f3n de <strong>51 obras p\u00fablicas viales<\/strong> en la provincia de Santa Cruz.<\/p>\n<p><strong>La C\u00e1mara Nacional Electoral\u00a0qued\u00f3 notificada de la vigencia de la inhabilitaci\u00f3n especial perpetua para ejercer cargos p\u00fablicos que rige sobre Cristina Fern\u00e1ndez de Kirchner\u00a0y otros ex funcionarios.<\/strong><\/p>\n<p><strong>El presidente del Tribunal Oral Federal 2 de la ciudad de Buenos Aires,\u00a0Jorge Gorini, envi\u00f3 un oficio a la C\u00e1mara para comunicar lo dispuesto en el veredicto que se emiti\u00f3 al terminar el juicio\u00a0oral el 6 de diciembre de 2022 y que ahora confirm\u00f3 la Corte, informaron fuentes judiciales.<\/strong><\/p>\n<p><strong>\u201cEste tribunal dispuso -en lo que aqu\u00ed interesa- la imposici\u00f3n de la pena contra Cristina Elisabet Fern\u00e1ndez de Kirchner, condenada a la pena de seis a\u00f1os de prisi\u00f3n, inhabilitaci\u00f3n especial perpetua para ejercer cargos p\u00fablicos\u201d, se inform\u00f3 a la C\u00e1mara.<\/strong><\/p>\n<p><strong>En el caso de\u00a0la ex presidenta es \u201cconsiderarla autora penalmente responsable del delito de administraci\u00f3n fraudulenta en perjuicio de la administraci\u00f3n p\u00fablica\u201d.<\/strong><\/p>\n<p><strong>Adem\u00e1s, quedaron inhabilitados el ex titular de Vialidad Nacional\u00a0Nelson Periotti, el de Obras P\u00fablicas\u00a0Jos\u00e9 L\u00f3pez\u00a0y los de Vialidad de Santa Cruz\u00a0Juan Carlos Villafa\u00f1e, Ra\u00fal Pavesi, Mauricio Collareda, Jos\u00e9 Santib\u00e1\u00f1ez y Ra\u00fal Daruich.<\/strong><\/p>\n<p><strong>El Tribunal Oral en lo Criminal Federal 2 exhort\u00f3 a la exmandataria y a los otros 8 condenados a presentarse en Comodoro Py dentro de los pr\u00f3ximos 5 d\u00edas h\u00e1biles\u00a0\u201c<\/strong>con el objetivo de hacer efectivas sus detenciones, plazo prudencial en atenci\u00f3n a que algunos de los convocados se domicilian en distintas provincias argentinas\u201d, seg\u00fan consta en el documento.<\/p>\n<p><strong>Fuentes del entorno de la exmandataria hab\u00edan asegurado previamente que hab\u00edan pedido la detenci\u00f3n domiciliaria.<\/strong><\/p>\n<p><strong>En ese sentido, la resoluci\u00f3n le requiere al Ministerio de Seguridad que en las pr\u00f3ximas 24 horas procure asignar\u00a0\u201cuna dependencia de las fuerzas federales que cumpla con las condiciones adecuadas para el alojamiento de las personas nombradas\u201d.<\/strong><\/p>\n<p>A la vez, hay otra condena, que es econ\u00f3mica.<strong> Tras el fallo de la Corte, la ex presidenta y los otros condenados\u00a0deber\u00e1n devolver $ 85.000 millones.<\/strong><\/p>\n<p><strong>En ese sentido, se determin\u00f3 que el dinero que se habr\u00eda sustra\u00eddo de las arcas p\u00fablicas como resultado de la maniobra fraudulenta asciende a $ 84.835.227.378,04.<\/strong><\/p>\n<p><strong>La Corte <\/strong>con su decisi\u00f3n de rechazar con fundamentos los recursos de queja, <strong>no s\u00f3lo dej\u00f3 firme los delitos atribuidos a los nueve imputados, sino tambi\u00e9n los decomisos ordenados por el TOF 2.<\/strong><\/p>\n<p><strong>Repercusiones, en contra y a favor:<\/strong><\/p>\n<p><strong>El presidente\u00a0Javier Milei\u00a0utiliz\u00f3 las redes sociales para expresar su postura en torno a la confirmaci\u00f3n de la condena a Cristina Fern\u00e1ndez de Kirchner, y neg\u00f3 el \u201cpacto de impunidad\u201d.<\/strong><\/p>\n<p><strong>El jefe de Estado, que se encuentra en Israel, poste\u00f3 en X \u201cJusticia. Fin.\u201d, <\/strong>una vez difundido el fallo\u00a0de la Corte Suprema de Justicia que ratifica la condena a la titular del PJ y la inhabilita a ejercer cargos p\u00fablicos de por vida.<\/p>\n<p><strong>Tambi\u00e9n\u00a0neg\u00f3 el pacto de impunidad, versi\u00f3n que corri\u00f3 cuando se cay\u00f3 el proyecto de Ficha Limpia. \u201cPD: la Rep\u00fablica funciona y todos los periodi$ta$ corrupto$, c\u00f3mplices de pol\u00edtico$ mentiro$o$, han quedado expuesto en sus opereta$ sobre el supuesto pacto de impunidad\u201d, sostuvo.<\/strong><\/p>\n<p><strong>\u201cNo a la proscripci\u00f3n\u201d, el reclamo de los gremios:<\/strong><\/p>\n<p><strong>Tanto las dos CTA (Aut\u00f3noma y de los Trabajadores) como la CGT rechazaron la proscripci\u00f3n de Cristina Fern\u00e1ndez de Kirchner.<\/strong><\/p>\n<p><strong>El movimiento obrero r\u00e1pidamente, al igual que algunos dirigentes peronistas y opositores, salieron a repudiar la \u201cproscripci\u00f3n\u201d de la ex presidenta Cristinas Fern\u00e1ndez de Kirchner.<\/strong><\/p>\n<p><strong>\u201cEn un momento clave para la democracia argentina,\u00a0la CTA Aut\u00f3noma y la CTA de las y los Trabajadores expresamos nuestro m\u00e1s en\u00e9rgico repudio al reciente fallo de la Corte Suprema de Justicia, que ratifica una condena arbitraria contra la expresidenta Cristina Fern\u00e1ndez de Kirchner. Este fallo no responde a criterios de justicia, sino a una estrategia de persecuci\u00f3n pol\u00edtica con el claro objetivo de proscribirla\u201d, aseguran.<\/strong><\/p>\n<p>Y se\u00f1ala: \u201cDurante a\u00f1os hemos sido testigos del accionar de un entramado judicial y medi\u00e1tico que no busca esclarecer la verdad, sino disciplinar y eliminar pol\u00edticamente a quienes defienden y trabajan por un proyecto para todo el campo popular\u201d.<\/p>\n<p>\u201cLa denominada \u201cCausa Vialidad\u201d representa un nuevo cap\u00edtulo del lawfare en Argentina: un proceso judicial plagado de irregularidades, armado de causas infundadas y sostenido por una cobertura medi\u00e1tica orientada a estigmatizar y condenar sin pruebas\u201d, agrega el texto.<\/p>\n<p><strong>Por su parte, la Federaci\u00f3n Argentina del Trabajador de las Universidades Nacionales (FATUN) realiza este mi\u00e9rcoles un paro\u00a0en defensa de la democracia y contra la proscripci\u00f3n de Cristina Fern\u00e1ndez.<\/strong><\/p>\n<p><strong>El anuncio lleg\u00f3 segundo despu\u00e9s de la difusi\u00f3n del fallo, que deja firme la condena a la titular del PJ, que adem\u00e1s de los seis a\u00f1os de prisi\u00f3n la inhabilita para ejercer cargos p\u00fablicos.<\/strong><\/p>\n<p><strong>\u201cLa FATUN resolvi\u00f3 un PARO NACIONAL DE 24 HS. SIN CONCURRENCIA A LOS LUGARES DE TRABAJO, en defensa de la Democracia y contra la proscripci\u00f3n de Cristina porque cuando la Patria est\u00e1 en peligro, todo est\u00e1 permitido excepto no defenderla\u201d, se\u00f1al\u00f3 el gremio.<\/strong><\/p>\n<p><strong>Rectores y vicerrectores de universidades p\u00fablicas<\/strong>\u00a0emitieron un comunicado en el que advierte: \u201cAsistimos a un golpe al coraz\u00f3n del sistema republicano\u201d. \u201cArgentina es un pa\u00eds menos justo\u201d, se\u00f1alaron tras el fallo\u00a0de la Corte Suprema de Justicia.<\/p>\n<p>Dan cuenta de una \u201cuna\u00a0<strong>doble vara<\/strong>\u00a0en virtud de la cual se acelera e interviene cuando se trata de juzgar a los dirigentes de un partido y se demora o no se aplica el mismo criterio cuando se trata del resto de las fuerzas pol\u00edticas\u201d.<\/p>\n<p><strong>\u201cLa negaci\u00f3n a considerar un recurso en el cual se analice o se profundice un caso de estas caracter\u00edsticas, que le asisten por otra parte a todo ciudadano, no es otra cosa que la violaci\u00f3n flagrante de las garant\u00edas constitucionales\u201d<\/strong>, indicaron. <strong>(VW)<\/strong><\/p>\n","protected":false},"excerpt":{"rendered":"<p>Cristina Fern\u00e1ndez de Kirchner fue condenada a la pena de seis a\u00f1os de prisi\u00f3n, e inhabilitaci\u00f3n especial perpetua para ejercer cargos p\u00fablicos. Las repercusiones.<\/p>\n","protected":false},"author":4,"featured_media":16738,"comment_status":"closed","ping_status":"closed","sticky":false,"template":"","format":"standard","meta":{"_monsterinsights_skip_tracking":false,"_monsterinsights_sitenote_active":false,"_monsterinsights_sitenote_note":"","_monsterinsights_sitenote_category":0,"footnotes":""},"categories":[4],"tags":[697,5260,694],"class_list":["post-18308","post","type-post","status-publish","format-standard","has-post-thumbnail","hentry","category-politica","tag-corte-suprema","tag-cristina-fernandez","tag-fallo"],"_links":{"self":[{"href":"https:\/\/www.visionweb.com.ar\/index.php?rest_route=\/wp\/v2\/posts\/18308","targetHints":{"allow":["GET"]}}],"collection":[{"href":"https:\/\/www.visionweb.com.ar\/index.php?rest_route=\/wp\/v2\/posts"}],"about":[{"href":"https:\/\/www.visionweb.com.ar\/index.php?rest_route=\/wp\/v2\/types\/post"}],"author":[{"embeddable":true,"href":"https:\/\/www.visionweb.com.ar\/index.php?rest_route=\/wp\/v2\/users\/4"}],"replies":[{"embeddable":true,"href":"https:\/\/www.visionweb.com.ar\/index.php?rest_route=%2Fwp%2Fv2%2Fcomments&post=18308"}],"version-history":[{"count":1,"href":"https:\/\/www.visionweb.com.ar\/index.php?rest_route=\/wp\/v2\/posts\/18308\/revisions"}],"predecessor-version":[{"id":18310,"href":"https:\/\/www.visionweb.com.ar\/index.php?rest_route=\/wp\/v2\/posts\/18308\/revisions\/18310"}],"wp:featuredmedia":[{"embeddable":true,"href":"https:\/\/www.visionweb.com.ar\/index.php?rest_route=\/wp\/v2\/media\/16738"}],"wp:attachment":[{"href":"https:\/\/www.visionweb.com.ar\/index.php?rest_route=%2Fwp%2Fv2%2Fmedia&parent=18308"}],"wp:term":[{"taxonomy":"category","embeddable":true,"href":"https:\/\/www.visionweb.com.ar\/index.php?rest_route=%2Fwp%2Fv2%2Fcategories&post=18308"},{"taxonomy":"post_tag","embeddable":true,"href":"https:\/\/www.visionweb.com.ar\/index.php?rest_route=%2Fwp%2Fv2%2Ftags&post=18308"}],"curies":[{"name":"wp","href":"https:\/\/api.w.org\/{rel}","templated":true}]}}