{"id":18307,"date":"2025-06-11T13:04:38","date_gmt":"2025-06-11T16:04:38","guid":{"rendered":"https:\/\/www.visionweb.com.ar\/?p=18307"},"modified":"2025-06-11T15:25:14","modified_gmt":"2025-06-11T18:25:14","slug":"el-gobernador-kicillof-no-descarta-cambiar-la-fecha-de-las-elecciones-bonaerenses","status":"publish","type":"post","link":"https:\/\/www.visionweb.com.ar\/?p=18307","title":{"rendered":"El gobernador Kicillof no descarta cambiar la fecha de las elecciones bonaerenses"},"content":{"rendered":"<p><strong>\u201cEstamos en otro pa\u00eds\u201d, reconoci\u00f3 Kicillof tras el fallo contra Cristina. \u201cEs una facultad del gobernador\u201d, agreg\u00f3 Bianco.<\/strong><!--more--><\/p>\n<p><img loading=\"lazy\" decoding=\"async\" class=\"size-medium wp-image-15335 alignright\" src=\"https:\/\/www.visionweb.com.ar\/wp-content\/uploads\/2024\/08\/GNL-KICILLOF-300x169.png\" alt=\"\" width=\"300\" height=\"169\" srcset=\"https:\/\/www.visionweb.com.ar\/wp-content\/uploads\/2024\/08\/GNL-KICILLOF-300x169.png 300w, https:\/\/www.visionweb.com.ar\/wp-content\/uploads\/2024\/08\/GNL-KICILLOF.png 640w\" sizes=\"auto, (max-width: 300px) 100vw, 300px\" \/>Pese a que el Gobierno de la provincia de Buenos Aires oficializ\u00f3 a mediados de mayo el cronograma para realizar las elecciones legislativas bonaerenses del 7 de septiembre, que ser\u00e1n desdobladas de las nacionales, tras el fallo de la Corte Suprema contra Cristina Fern\u00e1ndez, la fecha de ese comicio entr\u00f3 nuevamente en debate.<\/p>\n<p>Si bien el gobernador Axel Kicillof dijo que por ahora en provincia se votar\u00e1 para legisladores y concejales el domingo 7 de septiembre, la resoluci\u00f3n del m\u00e1ximo tribunal ahora sacudi\u00f3 el tablero pol\u00edtico bonaerense y el gobernador reconoci\u00f3 que \u201cestamos en otro pa\u00eds\u201d.<\/p>\n<p>\u201cHoy te dir\u00eda que estamos en otro pa\u00eds en este momento. Obviamente, en este momento yo te dir\u00eda que las elecciones son el d\u00eda que son y te digo, estamos todos un poco conmovidos y shockeados por la situaci\u00f3n\u201d, dijo Kicillof en di\u00e1logo con Cenital, sobre la fecha de los comicios y los plazos que ello implica, como el cierre de listas.<\/p>\n<p>Ante la insistencia por una definici\u00f3n concreta sobre ese punto, el mandatario respondi\u00f3: \u201cNo, no s\u00e9. S\u00e9 que ha pasado algo muy tremendo y que las consecuencias de toda \u00edndole las vamos a ir viendo con el paso del tiempo. S\u00ed creo que hay una vocaci\u00f3n importante de todos los sectores de ver c\u00f3mo buscamos una lista en com\u00fan, era lo de lo que ven\u00edamos hablando\u201d.<\/p>\n<p>En ese sentido, insisti\u00f3 en que todav\u00eda no puede tomar una posici\u00f3n sobre el futuro pol\u00edtico inmediato de la provincia: \u201cObviamente hoy no te puedo decir nada nuevo ni nada distinto, porque estamos ante una situaci\u00f3n tremenda, un terremoto pol\u00edtico, hist\u00f3rico, judicial, un cambio de reglas, un cambio de perspectiva. Bueno, no, no s\u00e9, me parece todo medio de detalle\u201d.<\/p>\n<p>Pero tambi\u00e9n el ministro de Gobierno, Carlos Bianco, no descart\u00f3 de plano que las elecciones bonaerenses vuelvan a unificarse con las nacionales, que ser\u00e1n el 26 de octubre. \u201cEn tanto sea una facultad que puede ejercer, no descarto que (Kicillof) d\u00e9 vuelta atr\u00e1s con el desdoblamiento\u201d, dijo la mano derecha del mandatario en declaraciones a Futurock. Aunque aclar\u00f3 que \u201cno est\u00e1 ni en su cabeza ni en la m\u00eda pensar ahora en las elecciones\u201d.<\/p>\n<p>\u201cNuestra fuerza pol\u00edtica est\u00e1 teniendo un debate necesario que se acelera en el marco del proceso electoral. Lo que pas\u00f3 (el fallo de la Corte) viene a modificar el escenario general\u201d, analiz\u00f3. Y explic\u00f3 que la decisi\u00f3n sobre el desdoblamiento \u201ces una facultad que tiene el Gobernador\u201d. \u201cEl proceso electoral est\u00e1 lanzado y la Junta Electoral tiene un cronograma en vigencia, pero son decisiones pol\u00edticas que va a tener que tomar \u00e9l\u201d, agreg\u00f3.<\/p>\n<p>En ese contexto, cerr\u00f3: \u201cSe hab\u00eda establecido una mesa de di\u00e1logo para discutir no solo una lista, sino una estrategia pol\u00edtica general y una t\u00e1ctica electoral particular, pero ahora se vino esta situaci\u00f3n encima. De nuestro lado, la decisi\u00f3n va a ser del Gobernador sobre qu\u00e9 hacer con este marco, que es completamente nuevo. Lo importante hoy es seguir trabajando y solidariz\u00e1ndo <strong>(VW)<\/strong><\/p>\n","protected":false},"excerpt":{"rendered":"<p>\u201cEstamos en otro pa\u00eds\u201d, reconoci\u00f3 Kicillof tras el fallo contra Cristina. \u201cEs una facultad del gobernador\u201d, agreg\u00f3 Bianco.<\/p>\n","protected":false},"author":3,"featured_media":15335,"comment_status":"closed","ping_status":"closed","sticky":false,"template":"","format":"standard","meta":{"_monsterinsights_skip_tracking":false,"_monsterinsights_sitenote_active":false,"_monsterinsights_sitenote_note":"","_monsterinsights_sitenote_category":0,"footnotes":""},"categories":[4],"tags":[4858,340,6245,167,2774],"class_list":["post-18307","post","type-post","status-publish","format-standard","has-post-thumbnail","hentry","category-politica","tag-cambio","tag-elecciones","tag-fecha","tag-kicillof","tag-septiembre"],"_links":{"self":[{"href":"https:\/\/www.visionweb.com.ar\/index.php?rest_route=\/wp\/v2\/posts\/18307","targetHints":{"allow":["GET"]}}],"collection":[{"href":"https:\/\/www.visionweb.com.ar\/index.php?rest_route=\/wp\/v2\/posts"}],"about":[{"href":"https:\/\/www.visionweb.com.ar\/index.php?rest_route=\/wp\/v2\/types\/post"}],"author":[{"embeddable":true,"href":"https:\/\/www.visionweb.com.ar\/index.php?rest_route=\/wp\/v2\/users\/3"}],"replies":[{"embeddable":true,"href":"https:\/\/www.visionweb.com.ar\/index.php?rest_route=%2Fwp%2Fv2%2Fcomments&post=18307"}],"version-history":[{"count":1,"href":"https:\/\/www.visionweb.com.ar\/index.php?rest_route=\/wp\/v2\/posts\/18307\/revisions"}],"predecessor-version":[{"id":18309,"href":"https:\/\/www.visionweb.com.ar\/index.php?rest_route=\/wp\/v2\/posts\/18307\/revisions\/18309"}],"wp:featuredmedia":[{"embeddable":true,"href":"https:\/\/www.visionweb.com.ar\/index.php?rest_route=\/wp\/v2\/media\/15335"}],"wp:attachment":[{"href":"https:\/\/www.visionweb.com.ar\/index.php?rest_route=%2Fwp%2Fv2%2Fmedia&parent=18307"}],"wp:term":[{"taxonomy":"category","embeddable":true,"href":"https:\/\/www.visionweb.com.ar\/index.php?rest_route=%2Fwp%2Fv2%2Fcategories&post=18307"},{"taxonomy":"post_tag","embeddable":true,"href":"https:\/\/www.visionweb.com.ar\/index.php?rest_route=%2Fwp%2Fv2%2Ftags&post=18307"}],"curies":[{"name":"wp","href":"https:\/\/api.w.org\/{rel}","templated":true}]}}