{"id":18299,"date":"2025-06-10T13:14:01","date_gmt":"2025-06-10T16:14:01","guid":{"rendered":"https:\/\/www.visionweb.com.ar\/?p=18299"},"modified":"2025-06-10T13:14:01","modified_gmt":"2025-06-10T16:14:01","slug":"percepcion-del-iva-ahora-los-supermercados-quedaran-exceptuados-del-impuesto","status":"publish","type":"post","link":"https:\/\/www.visionweb.com.ar\/?p=18299","title":{"rendered":"Percepci\u00f3n del IVA: Ahora los supermercados quedar\u00e1n exceptuados del impuesto"},"content":{"rendered":"<p><em><strong>Es para compras menores a $10 millones. Las operaciones que no superen ese monto quedar\u00e1n exceptuadas del r\u00e9gimen. Ser\u00e1 a partir del 1 de julio.<\/strong><\/em><!--more--><\/p>\n<p><strong><img loading=\"lazy\" decoding=\"async\" class=\"size-medium wp-image-17140 alignright\" src=\"https:\/\/www.visionweb.com.ar\/wp-content\/uploads\/2025\/02\/SUPERMERCADISMO-300x200.png\" alt=\"\" width=\"300\" height=\"200\" srcset=\"https:\/\/www.visionweb.com.ar\/wp-content\/uploads\/2025\/02\/SUPERMERCADISMO-300x200.png 300w, https:\/\/www.visionweb.com.ar\/wp-content\/uploads\/2025\/02\/SUPERMERCADISMO.png 640w\" sizes=\"auto, (max-width: 300px) 100vw, 300px\" \/>\u00a0\u00a0\u00a0\u00a0\u00a0 L<\/strong>a Agencia de Recaudaci\u00f3n y Control Aduanero (<strong>ARCA<\/strong>), modific\u00f3 el r\u00e9gimen de <strong>percepci\u00f3n del Impuesto al Valor Agregado (IVA),<\/strong> ya que estipul\u00f3 que<strong>\u00a0las compras menores a $10 millones en supermercados ser\u00e1n consideradas a consumidor final y quedar\u00e1n exceptuadas del mismo.<\/strong><\/p>\n<p>La actualizaci\u00f3n en la normativa se dio mediante la <strong>Resoluci\u00f3n General 5710\/2025<\/strong>, publicada este martes en el <strong>Bolet\u00edn Oficial<\/strong>, justificada en<em>\u00a0<\/em>\u201crazones de buena administraci\u00f3n tributaria\u201d\u00a0y enmarcada en la\u00a0\u201ccontinuidad de las acciones de simplificaci\u00f3n que viene desarrollando esta Agencia\u201d.<\/p>\n<p>La nueva disposici\u00f3n sobre el r\u00e9gimen de percepci\u00f3n del IVA aplicable a los sujetos que no acrediten su calidad de responsables inscriptos, exentos o no alcanzados con relaci\u00f3n a dicho gravamen, o su condici\u00f3n de <strong>peque\u00f1os contribuyentes inscriptos en el R\u00e9gimen Simplificado<\/strong> para Peque\u00f1os Contribuyentes (RS),\u00a0<strong>entrar\u00e1 en vigencia el 1 de julio.<\/strong><\/p>\n<p>La variaci\u00f3n normativa recae sobre el apartado que determina los casos en los que el r\u00e9gimen de percepci\u00f3n no ser\u00e1 de aplicaci\u00f3n, manteniendo vigente que una de las excepciones es cuando\u00a0\u201clos adquirentes, locatarios o prestatarios, declaren expresamente su condici\u00f3n de consumidor final a trav\u00e9s de la aceptaci\u00f3n del comprobante o factura que para tales efectos se emitir\u00e1 de conformidad con lo que disponga este organismo, y siempre que el vendedor, locador o prestador no pudiera razonablemente presumir que no se trata de un consumidor final\u201d.<\/p>\n<p>A continuaci\u00f3n, la norma incorpor\u00f3 que\u00a0\u201csin perjuicio de lo expuesto, se considerar\u00e1 que el adquirente, locatario o prestatario<strong>\u00a0resulta consumidor final cuando el monto total de la operaci\u00f3n perfeccionada no supere los $10.000.000<\/strong>, ello exclusivamente, para el caso de que el vendedor, locador o prestador haya declarado como actividad econ\u00f3mica alguno de los siguientes c\u00f3digos\u201d.<\/p>\n<p><strong>Las actividades comerciales contempladas en la medida<\/strong><\/p>\n<ul>\n<li>Venta al por mayor en supermercados mayoristas de alimentos<\/li>\n<li>Venta al por menor en hipermercados<\/li>\n<li>Venta al por menor en supermercados<\/li>\n<li>Venta al por menor en minimercados (incluye mercaditos, autoservicios y establecimientos similares que vendan carnes, verduras y dem\u00e1s productos alimenticios en forma conjunta).<\/li>\n<\/ul>\n<p>De esta manera, las operaciones realizadas por consumidores finales, en locales de consumo masivo de alimentos,\u00a0<strong>quedar\u00e1n exceptuados del r\u00e9gimen desde el primer d\u00eda del mes de julio.\u00a0<\/strong>As\u00ed, los comercios tendr\u00e1n una simplificaci\u00f3n al reducir la cantidad de operaciones en las que deber\u00e1n aplicar el r\u00e9gimen de percepci\u00f3n del IVA a aquellos clientes que superen el nuevo monto establecido, y que no hayan acreditado su condici\u00f3n tributaria.<\/p>\n<p>La modificaci\u00f3n se da en l\u00ednea con el cambio en el r\u00e9gimen de emisi\u00f3n de comprobantes, que\u00a0<strong>elev\u00f3 tambi\u00e9n a $10 millones el monto base para que comercios identifiquen a los consumidores finales.<\/strong><\/p>\n<p>De esta manera, el organismo contin\u00faa introduciendo cambios normativos en el marco del plan oficial para estimular la circulaci\u00f3n de los d\u00f3lares del colch\u00f3n anunciado a mediados de mayo por el Gobierno nacional. <strong>(VW)<\/strong><\/p>\n","protected":false},"excerpt":{"rendered":"<p>Es para compras menores a $10 millones. Las operaciones que no superen ese monto quedar\u00e1n exceptuadas del r\u00e9gimen. Ser\u00e1 a partir del 1 de julio.<\/p>\n","protected":false},"author":4,"featured_media":17140,"comment_status":"closed","ping_status":"closed","sticky":false,"template":"","format":"standard","meta":{"_monsterinsights_skip_tracking":false,"_monsterinsights_sitenote_active":false,"_monsterinsights_sitenote_note":"","_monsterinsights_sitenote_category":0,"footnotes":""},"categories":[6,4],"tags":[6857,7789,7790,7788,365],"class_list":["post-18299","post","type-post","status-publish","format-standard","has-post-thumbnail","hentry","category-economia","category-politica","tag-arca","tag-comprasmenores-a-10-millones","tag-excepciones","tag-percepcion-iva","tag-supermercados"],"_links":{"self":[{"href":"https:\/\/www.visionweb.com.ar\/index.php?rest_route=\/wp\/v2\/posts\/18299","targetHints":{"allow":["GET"]}}],"collection":[{"href":"https:\/\/www.visionweb.com.ar\/index.php?rest_route=\/wp\/v2\/posts"}],"about":[{"href":"https:\/\/www.visionweb.com.ar\/index.php?rest_route=\/wp\/v2\/types\/post"}],"author":[{"embeddable":true,"href":"https:\/\/www.visionweb.com.ar\/index.php?rest_route=\/wp\/v2\/users\/4"}],"replies":[{"embeddable":true,"href":"https:\/\/www.visionweb.com.ar\/index.php?rest_route=%2Fwp%2Fv2%2Fcomments&post=18299"}],"version-history":[{"count":1,"href":"https:\/\/www.visionweb.com.ar\/index.php?rest_route=\/wp\/v2\/posts\/18299\/revisions"}],"predecessor-version":[{"id":18300,"href":"https:\/\/www.visionweb.com.ar\/index.php?rest_route=\/wp\/v2\/posts\/18299\/revisions\/18300"}],"wp:featuredmedia":[{"embeddable":true,"href":"https:\/\/www.visionweb.com.ar\/index.php?rest_route=\/wp\/v2\/media\/17140"}],"wp:attachment":[{"href":"https:\/\/www.visionweb.com.ar\/index.php?rest_route=%2Fwp%2Fv2%2Fmedia&parent=18299"}],"wp:term":[{"taxonomy":"category","embeddable":true,"href":"https:\/\/www.visionweb.com.ar\/index.php?rest_route=%2Fwp%2Fv2%2Fcategories&post=18299"},{"taxonomy":"post_tag","embeddable":true,"href":"https:\/\/www.visionweb.com.ar\/index.php?rest_route=%2Fwp%2Fv2%2Ftags&post=18299"}],"curies":[{"name":"wp","href":"https:\/\/api.w.org\/{rel}","templated":true}]}}