{"id":18293,"date":"2025-06-10T12:19:27","date_gmt":"2025-06-10T15:19:27","guid":{"rendered":"https:\/\/www.visionweb.com.ar\/?p=18293"},"modified":"2025-06-10T12:19:27","modified_gmt":"2025-06-10T15:19:27","slug":"claudia-rucci-vuelve-al-senado-de-la-nacion","status":"publish","type":"post","link":"https:\/\/www.visionweb.com.ar\/?p=18293","title":{"rendered":"Claudia Rucci vuelve al Senado de la Naci\u00f3n"},"content":{"rendered":"<p><em><strong>Fue nombrada como Directora\u00a0General del Observatorio de Derechos Humanos por Victoria Villarruel. La exlegisladora bonaerense de Juntos hab\u00eda renunciado en enero pasado.<\/strong><\/em><!--more--><\/p>\n<p><img loading=\"lazy\" decoding=\"async\" class=\"size-medium wp-image-18294 alignright\" src=\"https:\/\/www.visionweb.com.ar\/wp-content\/uploads\/2025\/06\/cluadia-rucci-senado-300x232.png\" alt=\"\" width=\"300\" height=\"232\" srcset=\"https:\/\/www.visionweb.com.ar\/wp-content\/uploads\/2025\/06\/cluadia-rucci-senado-300x232.png 300w, https:\/\/www.visionweb.com.ar\/wp-content\/uploads\/2025\/06\/cluadia-rucci-senado.png 585w\" sizes=\"auto, (max-width: 300px) 100vw, 300px\" \/>\u00a0\u00a0\u00a0 <strong>L<\/strong>a exlegisladora bonaerense <strong>Claudia Rucci<\/strong> volvi\u00f3 a ser nombrada como Directora\u00a0<strong>General del Observatorio de Derechos Humanos<\/strong>\u00a0del\u00a0<strong><a href=\"https:\/\/www.senado.gob.ar\/\">Senado de la Naci\u00f3n<\/a><\/strong>,\u00a0luego de haber renunciado en enero de este a\u00f1o. La reincorporaci\u00f3n se efectu\u00f3 por petici\u00f3n de la vicepresidenta y titular de la C\u00e1mara alta,\u00a0<strong>Victoria Villarruel<\/strong>.<\/p>\n<p>De esta forma, la exsenadora bonaerense de\u00a0<strong>Juntos\u00a0<\/strong>volvi\u00f3 al cargo al que renunci\u00f3 a principios de a\u00f1o, cuando aleg\u00f3 que su decisi\u00f3n se debi\u00f3 a motivos personales. Con la reincorporaci\u00f3n de\u00a0<strong>Rucci<\/strong>,\u00a0<strong>Villarruel\u00a0<\/strong>se asegur\u00f3 seguir teniendo un puente con el\u00a0peronismo de derecha.<\/p>\n<p>En su momento, apenas se conoci\u00f3 su nombramiento en la direcci\u00f3n del\u00a0<strong>Observatorio de Derechos Humanos\u00a0<\/strong>en enero de 2024,\u00a0<strong>Rucci<\/strong>\u00a0le agradeci\u00f3 el lugar que le otorg\u00f3 la vicepresidenta\u00a0<strong>Villaruel<\/strong>\u00a0y se mostr\u00f3 \u201corgullosa\u201d por la tarea de \u201cproteger y promover los derechos a la vida, la libertad, la propiedad, la seguridad, el trabajo digno, la salud, la educaci\u00f3n, los derechos de la mujer, de los ni\u00f1os, de las personas con capacidades diferentes, de las personas de todas las orientaciones sexuales\u201d.<\/p>\n<p>\u201cLos derechos de los pueblos originarios, del acceso a la cultura, de vivir en un ambiente sano, el derecho de las v\u00edctimas de violencia de cualquier tipo, el derecho a la libertad de investigaci\u00f3n, de opini\u00f3n y de expresi\u00f3n. Los derechos que tenemos b\u00e1sicamente por nuestra condici\u00f3n de seres humanos. Por eso vamos a trabajar\u201d, complet\u00f3 en un mensaje difundido por redes sociales, inform\u00f3 Diputados Bonaerenses.<\/p>\n<p>En el marco del conflicto interno que vive con el presidente\u00a0<strong>Javier Milei<\/strong>, de quien se encuentra distanciada hace varios meses, la Vicepresidenta teje alianzas dentro del Senado de la Naci\u00f3n. Tal es as\u00ed que, el arribo de\u00a0<strong>Rucci<\/strong>\u00a0responde a la necesidad de la titular de la C\u00e1mara alta de seguir teniendo contacto con el justicialismo alejado de\u00a0<strong>Uni\u00f3n por la Patria<\/strong>.<\/p>\n<p>Cabe recordar, que<strong> Claudia Rucci<\/strong>\u00a0es hija de\u00a0<strong>Jos\u00e9 Ignacio Rucci<\/strong>, hist\u00f3rico dirigente sindical que en 1973 fue asesinado por un comando de\u00a0<strong>Montoneros<\/strong>. El hecho ocurri\u00f3 cuando el l\u00edder de la\u00a0<strong>CGT<\/strong>\u00a0sal\u00eda de su departamento para dirigirse a los estudios de\u00a0Canal 13. Este tr\u00e1gico suceso marc\u00f3 profundamente la vida de\u00a0<strong>Rucci<\/strong>\u00a0y molde\u00f3 su militancia pol\u00edtica.<\/p>\n<p>Su participaci\u00f3n activa en la pol\u00edtica comenz\u00f3 tras la crisis de 2001, y su conexi\u00f3n con el peronismo viene de larga data. Ese a\u00f1o,\u00a0<strong>Eduardo Duhalde<\/strong>\u00a0la incorpor\u00f3 al\u00a0<strong>Ministerio del Interior<\/strong>, donde trabaj\u00f3 junto a\u00a0<strong>Cristian Ritondo<\/strong>, entonces viceministro. Posteriormente,\u00a0ocup\u00f3 diversos cargos durante la\u00a0<strong>presidencia de N\u00e9stor Kirchner<\/strong>, del que luego tom\u00f3 distancia.<\/p>\n<p>En 2009, dio el salto al\u00a0<strong>Congreso\u00a0nacional<\/strong>\u00a0como\u00a0<strong>diputada por la provincia de Buenos Aires<\/strong>, representando a\u00a0<strong>Uni\u00f3n Pro<\/strong>. Mientras que, en 2015 volvi\u00f3 a la\u00a0<strong>C\u00e1mara baja<\/strong>\u00a0para cubrir la renuncia de\u00a0<strong>Francisco de Narv\u00e1ez<\/strong>.<\/p>\n<p>Ese mismo a\u00f1o, se present\u00f3 como compa\u00f1era de f\u00f3rmula de\u00a0<strong>Jos\u00e9 Manuel de la Sota<\/strong>\u00a0en las elecciones primarias de\u00a0<strong>Unidos por una Nueva Alternativa<\/strong>\u00a0(<strong>UNA<\/strong>), enfrentando a\u00a0<strong>Sergio Massa<\/strong>. Aunque la f\u00f3rmula no logr\u00f3 imponerse, la dirigente continu\u00f3 consolidando su carrera pol\u00edtica.<\/p>\n<p>En 2019, fue elegida\u00a0<strong>senadora provincial<\/strong>\u00a0por\u00a0<strong>Juntos por el Cambio<\/strong>, cargo que ocup\u00f3 hasta 2023. Desde all\u00ed,\u00a0<strong>Rucci<\/strong>\u00a0fortaleci\u00f3 su v\u00ednculo con sectores de la oposici\u00f3n no kirchnerista y comenz\u00f3 a acercarse a figuras del ala dura del\u00a0<strong>PRO<\/strong>\u00a0y\u00a0<strong>La Libertad Avanza<\/strong>.<\/p>\n<p>El acercamiento de\u00a0<strong>Rucci<\/strong>\u00a0a los sectores libertarios y conservadores qued\u00f3 evidenciado en noviembre de 2023, cuando respald\u00f3 abiertamente la candidatura de\u00a0<strong>Javier Milei<\/strong>\u00a0en el balotaje presidencial. En ese contexto, se reuni\u00f3 con\u00a0<strong>Patricia Bullrich<\/strong>, quien hab\u00eda expresado su apoyo a \u201c<strong>La Libertad Avanza<\/strong>\u201d tras quedar fuera de la contienda.<\/p>\n<p>Por su parte, el v\u00ednculo con\u00a0<strong>Villarruel<\/strong>\u00a0se consolid\u00f3 en agosto de 2022, cuando organiz\u00f3 un acto en el\u00a0<strong>Senado<\/strong>\u00a0para anunciar la reapertura de causas relacionadas con asesinatos cometidos por organizaciones guerrilleras. Durante ese evento, la\u00a0<strong>vicepresidenta<\/strong>\u00a0expres\u00f3 su intenci\u00f3n de llevar a juicio a los responsables de esos cr\u00edmenes. \u201cTodos los montoneros tienen que estar presos por ensangrentar nuestra naci\u00f3n\u201d, afirm\u00f3 desde el atril.<\/p>\n<p>El nombramiento de\u00a0<strong>Rucci<\/strong>\u00a0reforz\u00f3 el alineamiento de\u00a0<strong>Villarruel<\/strong>\u00a0con figuras del peronismo republicano y consolid\u00f3 la agenda de \u201cmemoria completa\u201d que ambas impulsan. Un enfoque que pone \u00e9nfasis en los cr\u00edmenes cometidos por organizaciones armadas durante la d\u00e9cada del 70, una narrativa que ha generado controversia en el \u00e1mbito pol\u00edtico y social. <strong>(VW)<\/strong><\/p>\n","protected":false},"excerpt":{"rendered":"<p>Fue nombrada como Directora\u00a0General del Observatorio de Derechos Humanos por Victoria Villarruel. La exlegisladora bonaerense de Juntos hab\u00eda renunciado en enero pasado.<\/p>\n","protected":false},"author":4,"featured_media":18294,"comment_status":"closed","ping_status":"closed","sticky":false,"template":"","format":"standard","meta":{"_monsterinsights_skip_tracking":false,"_monsterinsights_sitenote_active":false,"_monsterinsights_sitenote_note":"","_monsterinsights_sitenote_category":0,"footnotes":""},"categories":[4],"tags":[7782,3032,7784,7783],"class_list":["post-18293","post","type-post","status-publish","format-standard","has-post-thumbnail","hentry","category-politica","tag-claudia-rucci","tag-derechos-humanos","tag-victoria-virrarruel","tag-vuelve-al-senado"],"_links":{"self":[{"href":"https:\/\/www.visionweb.com.ar\/index.php?rest_route=\/wp\/v2\/posts\/18293","targetHints":{"allow":["GET"]}}],"collection":[{"href":"https:\/\/www.visionweb.com.ar\/index.php?rest_route=\/wp\/v2\/posts"}],"about":[{"href":"https:\/\/www.visionweb.com.ar\/index.php?rest_route=\/wp\/v2\/types\/post"}],"author":[{"embeddable":true,"href":"https:\/\/www.visionweb.com.ar\/index.php?rest_route=\/wp\/v2\/users\/4"}],"replies":[{"embeddable":true,"href":"https:\/\/www.visionweb.com.ar\/index.php?rest_route=%2Fwp%2Fv2%2Fcomments&post=18293"}],"version-history":[{"count":1,"href":"https:\/\/www.visionweb.com.ar\/index.php?rest_route=\/wp\/v2\/posts\/18293\/revisions"}],"predecessor-version":[{"id":18295,"href":"https:\/\/www.visionweb.com.ar\/index.php?rest_route=\/wp\/v2\/posts\/18293\/revisions\/18295"}],"wp:featuredmedia":[{"embeddable":true,"href":"https:\/\/www.visionweb.com.ar\/index.php?rest_route=\/wp\/v2\/media\/18294"}],"wp:attachment":[{"href":"https:\/\/www.visionweb.com.ar\/index.php?rest_route=%2Fwp%2Fv2%2Fmedia&parent=18293"}],"wp:term":[{"taxonomy":"category","embeddable":true,"href":"https:\/\/www.visionweb.com.ar\/index.php?rest_route=%2Fwp%2Fv2%2Fcategories&post=18293"},{"taxonomy":"post_tag","embeddable":true,"href":"https:\/\/www.visionweb.com.ar\/index.php?rest_route=%2Fwp%2Fv2%2Ftags&post=18293"}],"curies":[{"name":"wp","href":"https:\/\/api.w.org\/{rel}","templated":true}]}}