{"id":18291,"date":"2025-06-09T12:36:18","date_gmt":"2025-06-09T15:36:18","guid":{"rendered":"https:\/\/www.visionweb.com.ar\/?p=18291"},"modified":"2025-06-09T12:36:18","modified_gmt":"2025-06-09T15:36:18","slug":"la-inflacion-de-la-ciudad-de-buenos-aires-se-quedo-en-16","status":"publish","type":"post","link":"https:\/\/www.visionweb.com.ar\/?p=18291","title":{"rendered":"La inflaci\u00f3n de la ciudad de Buenos Aires se qued\u00f3 en 1,6%"},"content":{"rendered":"<p><em><strong>Es el guarismo m\u00e1s bajo de los \u00faltimo a\u00f1os.\u00a0 As\u00ed lo inform\u00f3 este lunes el Instituto de Estad\u00edstica y Censos de la ciudad.<\/strong><\/em><!--more--><\/p>\n<p><img loading=\"lazy\" decoding=\"async\" class=\"size-medium wp-image-9137 alignright\" src=\"https:\/\/www.visionweb.com.ar\/wp-content\/uploads\/2023\/01\/frutas-y-verduras-300x170.jpg\" alt=\"\" width=\"300\" height=\"170\" srcset=\"https:\/\/www.visionweb.com.ar\/wp-content\/uploads\/2023\/01\/frutas-y-verduras-300x170.jpg 300w, https:\/\/www.visionweb.com.ar\/wp-content\/uploads\/2023\/01\/frutas-y-verduras.bmp 504w\" sizes=\"auto, (max-width: 300px) 100vw, 300px\" \/>La inflaci\u00f3n en la Ciudad Aut\u00f3noma de Buenos Aires (CABA) se desaceler\u00f3 al 1,6% en mayo. La merma en los aumentos de precios fue explicada fundamentalmente por ca\u00eddas en el precio de las verduras, combustibles, tarifas y paquetes tur\u00edsticos.<\/p>\n<p>Seg\u00fan inform\u00f3 este lunes el Instituto de Estad\u00edstica y Censos de CABA, se trat\u00f3 de la variaci\u00f3n mensual m\u00e1s baja desde que Javier Milei es presidente y Jorge Macri Jefe de Gobierno. En abril el \u00cdndice de Precios al Consumidor (IPC) local hab\u00eda aumentado 2,3%.<\/p>\n<p>El informe oficial tambi\u00e9n inform\u00f3 una variaci\u00f3n acumulada del 12,9% durante los primeros cinco meses de 2025, en un contexto en el que distintos rubros fundamentales de la econom\u00eda urbana mostraron trayectorias dis\u00edmiles en el per\u00edodo. La cifra mensual<b>\u00a0es la m\u00e1s baja desde junio 2020,<\/b>\u00a0cuando el \u00edndice porte\u00f1o hab\u00eda marcado 1,4 por ciento.<\/p>\n<p>El registro de inflaci\u00f3n mensual de mayo en la Ciudad se ubic\u00f3 por debajo de los datos vistos en abril y marzo, cuando el \u00edndice se elev\u00f3 2,3% y 3,2%, respectivamente.<\/p>\n<p>De esta manera, la serie de aumentos mensuales marc\u00f3 una desaceleraci\u00f3n respecto de los primeros meses del a\u00f1o.<\/p>\n<p>En mayo, la incidencia principal correspondi\u00f3 a los aumentos en\u00a0<b>restaurantes y hoteles<\/b>,\u00a0<b>prendas de vestir y calzado<\/b>,\u00a0<b>vivienda, agua, electricidad, gas y otros combustibles<\/b>,\u00a0<b>transporte<\/b>, y\u00a0<b>salud<\/b>, que en conjunto representaron m\u00e1s de la mitad de la suba del mes, de acuerdo al informe difundido este lunes<strong>(VW)<\/strong>.<\/p>\n","protected":false},"excerpt":{"rendered":"<p>Es el guarismo m\u00e1s bajo de los \u00faltimo a\u00f1os.\u00a0 As\u00ed lo inform\u00f3 este lunes el Instituto de Estad\u00edstica y Censos de la ciudad.<\/p>\n","protected":false},"author":3,"featured_media":9137,"comment_status":"closed","ping_status":"closed","sticky":false,"template":"","format":"standard","meta":{"_monsterinsights_skip_tracking":false,"_monsterinsights_sitenote_active":false,"_monsterinsights_sitenote_note":"","_monsterinsights_sitenote_category":0,"footnotes":""},"categories":[8],"tags":[111,77,7781,4223],"class_list":["post-18291","post","type-post","status-publish","format-standard","has-post-thumbnail","hentry","category-interes-general","tag-alimentos","tag-inflacion","tag-turrismo","tag-verduras"],"_links":{"self":[{"href":"https:\/\/www.visionweb.com.ar\/index.php?rest_route=\/wp\/v2\/posts\/18291","targetHints":{"allow":["GET"]}}],"collection":[{"href":"https:\/\/www.visionweb.com.ar\/index.php?rest_route=\/wp\/v2\/posts"}],"about":[{"href":"https:\/\/www.visionweb.com.ar\/index.php?rest_route=\/wp\/v2\/types\/post"}],"author":[{"embeddable":true,"href":"https:\/\/www.visionweb.com.ar\/index.php?rest_route=\/wp\/v2\/users\/3"}],"replies":[{"embeddable":true,"href":"https:\/\/www.visionweb.com.ar\/index.php?rest_route=%2Fwp%2Fv2%2Fcomments&post=18291"}],"version-history":[{"count":1,"href":"https:\/\/www.visionweb.com.ar\/index.php?rest_route=\/wp\/v2\/posts\/18291\/revisions"}],"predecessor-version":[{"id":18292,"href":"https:\/\/www.visionweb.com.ar\/index.php?rest_route=\/wp\/v2\/posts\/18291\/revisions\/18292"}],"wp:featuredmedia":[{"embeddable":true,"href":"https:\/\/www.visionweb.com.ar\/index.php?rest_route=\/wp\/v2\/media\/9137"}],"wp:attachment":[{"href":"https:\/\/www.visionweb.com.ar\/index.php?rest_route=%2Fwp%2Fv2%2Fmedia&parent=18291"}],"wp:term":[{"taxonomy":"category","embeddable":true,"href":"https:\/\/www.visionweb.com.ar\/index.php?rest_route=%2Fwp%2Fv2%2Fcategories&post=18291"},{"taxonomy":"post_tag","embeddable":true,"href":"https:\/\/www.visionweb.com.ar\/index.php?rest_route=%2Fwp%2Fv2%2Ftags&post=18291"}],"curies":[{"name":"wp","href":"https:\/\/api.w.org\/{rel}","templated":true}]}}