{"id":18285,"date":"2025-06-09T08:13:32","date_gmt":"2025-06-09T11:13:32","guid":{"rendered":"https:\/\/www.visionweb.com.ar\/?p=18285"},"modified":"2025-06-08T21:28:59","modified_gmt":"2025-06-09T00:28:59","slug":"las-ventas-minoristas-pyme-descendieron-29-interanual-en-mayo","status":"publish","type":"post","link":"https:\/\/www.visionweb.com.ar\/?p=18285","title":{"rendered":"Las ventas minoristas pyme descendieron 2,9% interanual en mayo"},"content":{"rendered":"<p><strong><em>En los \u00faltimos meses, la actividad comercial experiment\u00f3 una leve retracci\u00f3n, en un contexto caracterizado por una menor disponibilidad de recursos, ajustes de precios y mayores exigencias operativas.<\/em><\/strong><!--more--><\/p>\n<p><img loading=\"lazy\" decoding=\"async\" class=\"size-full wp-image-4406 alignright\" src=\"https:\/\/www.visionweb.com.ar\/wp-content\/uploads\/2022\/02\/comercios.bmp\" alt=\"\" width=\"477\" height=\"337\" \/>En mayo, las ventas minoristas pymes registraron una ca\u00edda interanual del 2,9% a precios constantes. En la comparaci\u00f3n mensual desestacionalizada, se observ\u00f3 un descenso del 0,7% respecto a abril. Con estos valores, el acumulado de 2025 muestra una suba del 11%, en comparaci\u00f3n con el mismo per\u00edodo de 2024.<\/p>\n<p>En cuanto a las expectativas, el 49,2% de los encuestados cree que su situaci\u00f3n econ\u00f3mica mejorar\u00e1 dentro de un a\u00f1o, mientras que s\u00f3lo el 9,3% prev\u00e9 un empeoramiento. Respecto a las inversiones, el 55,9% considera que no es un buen momento para invertir, frente a un 14,4% que opina lo contrario.<\/p>\n<p>En los \u00faltimos meses, la actividad comercial experiment\u00f3 una leve retracci\u00f3n, en un contexto caracterizado por una menor disponibilidad de recursos, ajustes de precios y mayores exigencias operativas. En mayo se advirti\u00f3 una tendencia hacia compras m\u00e1s medidas, una circulaci\u00f3n algo reducida en los centros comerciales y una competencia creciente con los canales\u00a0<em>online<\/em>\u00a0y con los formatos informales.<\/p>\n<p><img loading=\"lazy\" decoding=\"async\" class=\"size-medium wp-image-17469 alignleft\" src=\"https:\/\/www.visionweb.com.ar\/wp-content\/uploads\/2025\/03\/COMERCIOS-VENTAS-300x186.png\" alt=\"\" width=\"300\" height=\"186\" srcset=\"https:\/\/www.visionweb.com.ar\/wp-content\/uploads\/2025\/03\/COMERCIOS-VENTAS-300x186.png 300w, https:\/\/www.visionweb.com.ar\/wp-content\/uploads\/2025\/03\/COMERCIOS-VENTAS.png 640w\" sizes=\"auto, (max-width: 300px) 100vw, 300px\" \/>En el an\u00e1lisis por rubro, se observ\u00f3 que, de los siete sectores relevados, dos registraron crecimientos interanuales.\u00a0<strong>Perfumer\u00eda<\/strong>\u00a0lider\u00f3 con un alza del 5,2%, seguido por\u00a0<strong>Farmacia<\/strong>\u00a0(1,5%). Por otro lado, cuatro rubros presentaron ca\u00eddas:\u00a0<strong>Alimentos y bebidas<\/strong>, con un descenso del 7,6%, seguido por\u00a0<strong>Ferreter\u00eda, materiales el\u00e9ctricos y de la construcci\u00f3n<\/strong>\u00a0(-2,6%),\u00a0<strong>Textil e indumentaria<\/strong>\u00a0(-1,6%) y\u00a0<strong>Calzado y marroquiner\u00eda\u00a0<\/strong>(-0,5%). Finalmente, el rubro\u00a0<strong>Bazar, decoraci\u00f3n, textiles para el hogar y muebles<\/strong> mantuvo niveles similares a los de 2024.<\/p>\n<p>En comparaci\u00f3n con el a\u00f1o anterior, el 58,3% de las empresas indic\u00f3 que su econom\u00eda se mantuvo, mientras que un 28% expres\u00f3 estar peor que hace un a\u00f1o atr\u00e1s. Por otro lado, el 13,6% not\u00f3 una mejora en su situaci\u00f3n econ\u00f3mica.<\/p>\n<p>En el comercio minorista persiste un escenario de cautela, con sectores que enfrentan ca\u00eddas en las ventas, m\u00e1rgenes estrechos y dificultades para sostener la rentabilidad. Rubros como\u00a0<strong>Alimentos y bebidas<\/strong>;\u00a0<strong>Calzado<\/strong>;\u00a0<strong>Bazar<\/strong>;\u00a0<strong>Ferreter\u00eda<\/strong>, e\u00a0<strong>Indumentaria<\/strong>\u00a0registran un consumo m\u00e1s selectivo, limitado por el poder adquisitivo, la falta de cr\u00e9dito y la competencia informal o externa.<\/p>\n<p>A pesar de los esfuerzos por adaptarse con ventas\u00a0<em>online<\/em>, promociones o financiamiento, predomina la incertidumbre y muchos comercios recurren a liquidaciones anticipadas o reducen inversiones. No obstante, algunos actores logran mejoras puntuales mediante estrategias digitales o de fidelizaci\u00f3n, mientras un rubro como\u00a0<strong>Farmacia<\/strong> muestra cierta estabilidad. El sector comercial en su conjunto espera se\u00f1ales de mayor previsibilidad y medidas que impulsen la demanda para revertir la tendencia<strong>(VW).<\/strong><\/p>\n<p>&nbsp;<\/p>\n<p>&nbsp;<\/p>\n<p>&nbsp;<\/p>\n","protected":false},"excerpt":{"rendered":"<p>En los \u00faltimos meses, la actividad comercial experiment\u00f3 una leve retracci\u00f3n, en un contexto caracterizado por una menor disponibilidad de recursos, ajustes de precios y mayores exigencias operativas.<\/p>\n","protected":false},"author":3,"featured_media":4406,"comment_status":"closed","ping_status":"closed","sticky":false,"template":"","format":"standard","meta":{"_monsterinsights_skip_tracking":false,"_monsterinsights_sitenote_active":false,"_monsterinsights_sitenote_note":"","_monsterinsights_sitenote_category":0,"footnotes":""},"categories":[749],"tags":[7779,7776,7778,7777,3917,7780,32],"class_list":["post-18285","post","type-post","status-publish","format-standard","has-post-thumbnail","hentry","category-pymes","tag-ajustes-de-precios-y-mayores-exigencias","tag-en-los-ultimos-meses","tag-en-un-contexto-caracterizado-por-una-menor-disponibilidad-de-recursos","tag-la-actividad-comercial-experimento-una-leve-retraccion","tag-minoristas","tag-operativas","tag-pymes"],"_links":{"self":[{"href":"https:\/\/www.visionweb.com.ar\/index.php?rest_route=\/wp\/v2\/posts\/18285","targetHints":{"allow":["GET"]}}],"collection":[{"href":"https:\/\/www.visionweb.com.ar\/index.php?rest_route=\/wp\/v2\/posts"}],"about":[{"href":"https:\/\/www.visionweb.com.ar\/index.php?rest_route=\/wp\/v2\/types\/post"}],"author":[{"embeddable":true,"href":"https:\/\/www.visionweb.com.ar\/index.php?rest_route=\/wp\/v2\/users\/3"}],"replies":[{"embeddable":true,"href":"https:\/\/www.visionweb.com.ar\/index.php?rest_route=%2Fwp%2Fv2%2Fcomments&post=18285"}],"version-history":[{"count":1,"href":"https:\/\/www.visionweb.com.ar\/index.php?rest_route=\/wp\/v2\/posts\/18285\/revisions"}],"predecessor-version":[{"id":18286,"href":"https:\/\/www.visionweb.com.ar\/index.php?rest_route=\/wp\/v2\/posts\/18285\/revisions\/18286"}],"wp:featuredmedia":[{"embeddable":true,"href":"https:\/\/www.visionweb.com.ar\/index.php?rest_route=\/wp\/v2\/media\/4406"}],"wp:attachment":[{"href":"https:\/\/www.visionweb.com.ar\/index.php?rest_route=%2Fwp%2Fv2%2Fmedia&parent=18285"}],"wp:term":[{"taxonomy":"category","embeddable":true,"href":"https:\/\/www.visionweb.com.ar\/index.php?rest_route=%2Fwp%2Fv2%2Fcategories&post=18285"},{"taxonomy":"post_tag","embeddable":true,"href":"https:\/\/www.visionweb.com.ar\/index.php?rest_route=%2Fwp%2Fv2%2Ftags&post=18285"}],"curies":[{"name":"wp","href":"https:\/\/api.w.org\/{rel}","templated":true}]}}