{"id":18272,"date":"2025-06-06T13:36:43","date_gmt":"2025-06-06T16:36:43","guid":{"rendered":"https:\/\/www.visionweb.com.ar\/?p=18272"},"modified":"2025-06-06T13:36:43","modified_gmt":"2025-06-06T16:36:43","slug":"sindicatos-y-organizaciones-sociales-crean-un-frente-multisectorial-en-rechazo-a-las-politicas-del-gobierno","status":"publish","type":"post","link":"https:\/\/www.visionweb.com.ar\/?p=18272","title":{"rendered":"Sindicatos y organizaciones sociales crean un frente multisectorial en rechazo a las pol\u00edticas del Gobierno"},"content":{"rendered":"<p><em><strong>Har\u00e1n una primera movilizaci\u00f3n el 25 de este mes al Ministerio de Desregulaci\u00f3n y Transformaci\u00f3n del Estado. Se trata del nuevo \u201cFrente de Lucha por la Soberan\u00eda, el Trabajo Digno y los Salarios Justos\u00bb.<\/strong><\/em><!--more--><\/p>\n<p><img loading=\"lazy\" decoding=\"async\" class=\"size-medium wp-image-18273 alignright\" src=\"https:\/\/www.visionweb.com.ar\/wp-content\/uploads\/2025\/06\/frente-nuevo-sindical-foto-infogremiales-300x152.png\" alt=\"\" width=\"300\" height=\"152\" srcset=\"https:\/\/www.visionweb.com.ar\/wp-content\/uploads\/2025\/06\/frente-nuevo-sindical-foto-infogremiales-300x152.png 300w, https:\/\/www.visionweb.com.ar\/wp-content\/uploads\/2025\/06\/frente-nuevo-sindical-foto-infogremiales.png 577w\" sizes=\"auto, (max-width: 300px) 100vw, 300px\" \/>\u00a0\u00a0\u00a0 <strong>S<\/strong>indicatos del t<strong>ransporte<\/strong>, junto a <strong>organizaciones sociales<\/strong> y <strong>gremios del \u00e1mbito estatal industrial y de servicios<\/strong>, decidieron conformar un \u201c<strong>frente multisectorial<\/strong>\u201d en rechazo a las pol\u00edticas impulsadas por el Gobierno nacional, que debutar\u00e1 con una movilizaci\u00f3n convocada para el 25 de este mes al Ministerio de Desregulaci\u00f3n y Transformaci\u00f3n del Estado.<\/p>\n<p>Estas organizaciones se reunieron en la sede de la <strong>FeMPINRA<\/strong> (Federaci\u00f3n de sindicatos portuarios y navales), donde ultimaron los detalles para la puesta en marcha del denominado \u00ab<strong>Frente de Lucha por la Soberan\u00eda, el Trabajo Digno y los Salarios Justos\u00bb.<\/strong><\/p>\n<p>Esta nueva estructura busca funcionar como un espacio de coordinaci\u00f3n y acci\u00f3n, similar a lo que fue el Movimiento de Trabajadores Argentinos (MTA) en los a\u00f1os 90, que <strong>operar\u00e1 de forma paralela a la CGT<\/strong> y con una base de apoyo m\u00e1s diversa.<\/p>\n<p>La presentaci\u00f3n p\u00fablica del frente se har\u00e1 mediante una movilizaci\u00f3n masiva frente al Ministerio de Desregulaci\u00f3n, considerado el n\u00facleo del proyecto pol\u00edtico del actual gobierno. \u00abLa movilizaci\u00f3n representa una <strong>respuesta generalizada del sector del transporte frente al plan de desregulaci\u00f3n<\/strong> liderado por Federico Sturzenegger\u00bb, informaron en un comunicado.<\/p>\n<p>Cabe mencionar, que seg\u00fan report\u00f3 el sitio especializado, Infogremiales, el primer encuentro formal del espacio tuvo lugar este mi\u00e9rcoles por la tarde en la sede de la Federaci\u00f3n Mar\u00edtima (Fempinra), donde confluyeron sindicatos del transporte, la industria, el sector p\u00fablico y los servicios, junto con referentes de organizaciones sociales. El <strong>objetivo principal es articular los reclamos que, hasta ahora, se han dado de forma aislada, y construir una respuesta colectiva<\/strong> frente a las pol\u00edticas oficiales.<\/p>\n<p>De esta manera,\u00a0<strong>sindicatos del transporte\u00a0<\/strong>junto a\u00a0<strong>organizaciones sociales<\/strong>\u00a0y\u00a0<strong>gremios del \u00e1mbito estatal<\/strong>,<strong>\u00a0industrial<\/strong>\u00a0y de\u00a0<strong>servicios\u00a0<\/strong>decidieron conformar un\u00a0<strong>frente multisectorial\u00a0<\/strong>en rechazo a la pol\u00edtica econ\u00f3mica de la administraci\u00f3n nacional.<\/p>\n<p>\u201cLa iniciativa es una <strong>reacci\u00f3n ante los Decretos<\/strong> de Necesidad y Urgencia (DNU) promovidos por el Poder Ejecutivo, que imponen una profunda desregulaci\u00f3n del sistema productivo y del transporte, fijan l\u00edmites a las paritarias y generan recortes en \u00e1reas estrat\u00e9gicas como la educaci\u00f3n, la ciencia, la salud y la infraestructura\u201d, alegaron desde el frente multisectorial.<\/p>\n<p><img loading=\"lazy\" decoding=\"async\" class=\"size-medium wp-image-18274 alignleft\" src=\"https:\/\/www.visionweb.com.ar\/wp-content\/uploads\/2025\/06\/crean-nuevo-frente-sindical-300x169.png\" alt=\"\" width=\"300\" height=\"169\" srcset=\"https:\/\/www.visionweb.com.ar\/wp-content\/uploads\/2025\/06\/crean-nuevo-frente-sindical-300x169.png 300w, https:\/\/www.visionweb.com.ar\/wp-content\/uploads\/2025\/06\/crean-nuevo-frente-sindical.png 586w\" sizes=\"auto, (max-width: 300px) 100vw, 300px\" \/>Adem\u00e1s, desde la organizaci\u00f3n de la marcha adelantaron que en los pr\u00f3ximos d\u00edas publicar\u00e1n una declaraci\u00f3n para convocar a otros sectores a sumarse al\u00a0<strong>frente multisectorial\u00a0<\/strong>con el prop\u00f3sito de enfrentar \u201clas pol\u00edticas de ajuste del Gobierno nacional\u201d.<\/p>\n<p>En detalle, adhirieron al frente multisectorial la Uni\u00f3n de los Trabajadores de la Econom\u00eda Popular (<strong>UTEP<\/strong>), la Confederaci\u00f3n Sindical de Trabajadores de los Medios de Comunicaci\u00f3n Social de la Rep\u00fablica Argentina (<strong>COSITMECOS<\/strong>), y La Fraternidad.<\/p>\n<p>Asimismo, se sumaron al frente la Asociaci\u00f3n Trabajadores del Estado de la Provincia de Buenos Aires (<strong>ATE-PBA<\/strong>), la CTA Capital, el Sindicato de Prensa de Buenos Aires (<strong>SiPreBA<\/strong>) y la Asociaci\u00f3n del Personal del Instituto Nacional de Tecnolog\u00eda Agropecuaria (<strong>APINTA<\/strong>).<\/p>\n<p>Tambi\u00e9n, la Asociaci\u00f3n Argentina de Trabajadores de las Comunicaciones (<strong>AATRAC<\/strong>), la Federaci\u00f3n Argentina de Trabajadores de la Imprenta, Diarios, Medios Electr\u00f3nicos y Afines (<strong>FATIDA<\/strong>), la Federaci\u00f3n de Obreros y Empleados Telef\u00f3nicos de la Rep\u00fablica Argentina (<strong>FOETRA<\/strong>), y la Uni\u00f3n Obrera Metal\u00fargica (<strong>UOM<\/strong>), entre otros. <strong>(VW)<\/strong><\/p>\n","protected":false},"excerpt":{"rendered":"<p>Har\u00e1n una primera movilizaci\u00f3n el 25 de este mes al Ministerio de Desregulaci\u00f3n y Transformaci\u00f3n del Estado. Se trata del nuevo \u201cFrente de Lucha por la Soberan\u00eda, el Trabajo Digno y los Salarios Justos\u00bb.<\/p>\n","protected":false},"author":4,"featured_media":18273,"comment_status":"closed","ping_status":"closed","sticky":false,"template":"","format":"standard","meta":{"_monsterinsights_skip_tracking":false,"_monsterinsights_sitenote_active":false,"_monsterinsights_sitenote_note":"","_monsterinsights_sitenote_category":0,"footnotes":""},"categories":[4,5],"tags":[7772,57,7771,6033],"class_list":["post-18272","post","type-post","status-publish","format-standard","has-post-thumbnail","hentry","category-politica","category-sociedad","tag-crean-nuevo-frente-de-lucha","tag-gremios","tag-nuevo-frente-multisectorial","tag-sindicatos"],"_links":{"self":[{"href":"https:\/\/www.visionweb.com.ar\/index.php?rest_route=\/wp\/v2\/posts\/18272","targetHints":{"allow":["GET"]}}],"collection":[{"href":"https:\/\/www.visionweb.com.ar\/index.php?rest_route=\/wp\/v2\/posts"}],"about":[{"href":"https:\/\/www.visionweb.com.ar\/index.php?rest_route=\/wp\/v2\/types\/post"}],"author":[{"embeddable":true,"href":"https:\/\/www.visionweb.com.ar\/index.php?rest_route=\/wp\/v2\/users\/4"}],"replies":[{"embeddable":true,"href":"https:\/\/www.visionweb.com.ar\/index.php?rest_route=%2Fwp%2Fv2%2Fcomments&post=18272"}],"version-history":[{"count":1,"href":"https:\/\/www.visionweb.com.ar\/index.php?rest_route=\/wp\/v2\/posts\/18272\/revisions"}],"predecessor-version":[{"id":18275,"href":"https:\/\/www.visionweb.com.ar\/index.php?rest_route=\/wp\/v2\/posts\/18272\/revisions\/18275"}],"wp:featuredmedia":[{"embeddable":true,"href":"https:\/\/www.visionweb.com.ar\/index.php?rest_route=\/wp\/v2\/media\/18273"}],"wp:attachment":[{"href":"https:\/\/www.visionweb.com.ar\/index.php?rest_route=%2Fwp%2Fv2%2Fmedia&parent=18272"}],"wp:term":[{"taxonomy":"category","embeddable":true,"href":"https:\/\/www.visionweb.com.ar\/index.php?rest_route=%2Fwp%2Fv2%2Fcategories&post=18272"},{"taxonomy":"post_tag","embeddable":true,"href":"https:\/\/www.visionweb.com.ar\/index.php?rest_route=%2Fwp%2Fv2%2Ftags&post=18272"}],"curies":[{"name":"wp","href":"https:\/\/api.w.org\/{rel}","templated":true}]}}