{"id":18270,"date":"2025-06-06T12:55:58","date_gmt":"2025-06-06T15:55:58","guid":{"rendered":"https:\/\/www.visionweb.com.ar\/?p=18270"},"modified":"2025-06-06T12:55:58","modified_gmt":"2025-06-06T15:55:58","slug":"diputados-proyecto-de-ley-para-garantizar-el-ejercicio-libre-y-seguro-de-la-prensa","status":"publish","type":"post","link":"https:\/\/www.visionweb.com.ar\/?p=18270","title":{"rendered":"Diputados: Proyecto de ley para garantizar el ejercicio libre y seguro de la prensa"},"content":{"rendered":"<p><em><strong>La iniciativa fue presentada por diputados de distintos bloques para garantizar el trabajo de la prensa y su seguridad. \u201cEsta iniciativa se presenta como una herramienta para desalentar la impunidad de quienes intentan silenciar voces y restringir la diversidad de perspectivas y opiniones\u201d.<\/strong><\/em><!--more--><\/p>\n<p><img loading=\"lazy\" decoding=\"async\" class=\"size-medium wp-image-17503 alignright\" src=\"https:\/\/www.visionweb.com.ar\/wp-content\/uploads\/2025\/03\/pablo-grillo-fotografo-300x175.png\" alt=\"\" width=\"300\" height=\"175\" srcset=\"https:\/\/www.visionweb.com.ar\/wp-content\/uploads\/2025\/03\/pablo-grillo-fotografo-300x175.png 300w, https:\/\/www.visionweb.com.ar\/wp-content\/uploads\/2025\/03\/pablo-grillo-fotografo.png 621w\" sizes=\"auto, (max-width: 300px) 100vw, 300px\" \/>\u00a0\u00a0 <strong>Diputados nacionales<\/strong>\u00a0presentaron un\u00a0<strong>proyecto de ley que busca brindar un marco de protecci\u00f3n a periodistas, fotorreporteros y trabajadores de prensa<\/strong>. La iniciativa de <strong>Miguel \u00c1ngel Pichetto<\/strong>\u00a0(Encuentro Federal),\u00a0<strong>Pablo Juliano<\/strong>\u00a0(Democracia para Siempre),\u00a0<strong>Sergio Palazzo<\/strong>\u00a0(UP) y\u00a0<strong>Juan Manuel L\u00f3pez\u00a0<\/strong>(CC), tiene como objetivo\u00a0<strong>garantizar el\u00a0ejercicio libre y seguro de sus labores.<\/strong><\/p>\n<p>\u201cLa actividad period\u00edstica, cuando se ejerce en libertad\u00a0y sin represalias, constituye una herramienta clave para la rendici\u00f3n de cuentas del poder p\u00fablico, la transparencia institucional y la deliberaci\u00f3n democr\u00e1tica\u201d, se\u00f1ala en sus fundamentos.<\/p>\n<p>Y apunta: \u201cSin embargo,\u00a0<strong>muchos periodistas, fotorreporteros y trabajadores de prensa desarrollan su labor en condiciones de vulnerabilidad, con escasa protecci\u00f3n institucional frente a los riesgos derivados de su ejercicio profesional\u201d,<\/strong>\u00a0sostiene el proyecto.<\/p>\n<p>\u201c<strong>Esta iniciativa se presenta como una herramienta para desalentar la impunidad de quienes intentan silenciar voces y restringir la diversidad de perspectivas y opiniones\u201d,<\/strong>\u00a0agregaron los diputados firmantes al hacerse eco de la preocupaci\u00f3n por la violencia del presidente Javier Milei contra periodistas.<\/p>\n<p>Entre otros objetivos, se busca \u201c<strong>prevenir, proteger y garantizar la libertad, seguridad e integridad\u201d de periodistas, fotorreporteros y trabajadores de prensa<\/strong>\u201d, \u201casegurar la protecci\u00f3n de las fuentes period\u00edsticas\u201d e \u201cinvestigar, juzgar y sancionar ataques, agresiones, amenazas o intimidaciones\u201d contra ellos.<\/p>\n<p>Seg\u00fan precisa el proyecto,\u00a0<strong>\u201cel Estado tiene la obligaci\u00f3n de generar un entorno propicio y seguro para el ejercicio de las labores\u201d period\u00edsticas<\/strong>\u00a0y en ese sentido \u201cdeber\u00e1 adoptar todas las medidas para prevenir las diversas formas de amenazas y ataques contra la integridad\u201d de los trabajadores de prensa.<\/p>\n<p>En particular,\u00a0<strong>deber\u00e1 \u201cadoptar un discurso p\u00fablico que contribuya a prevenir la violencia contra periodistas, trabajadores de prensa y fotorreporteros\u201d<\/strong>, y en esa l\u00ednea los \u201cfuncionarios p\u00fablicos deben abstenerse de realizar declaraciones que los expongan a actos de violencia\u201d.<\/p>\n<p>Adem\u00e1s, deber\u00e1n \u201c<strong>realizar campa\u00f1as p\u00fablicas en medios de comunicaci\u00f3n y redes sociales que concienticen a la sociedad respecto de la importancia del libre ejercicio de la actividad<\/strong>\u201d period\u00edstica.<\/p>\n<p>En tanto, el Estado deber\u00e1 \u201crespetar el derecho a la reserva de sus fuentes de informaci\u00f3n, apuntes y archivos personales y profesionales\u201d.<\/p>\n<p>Por otra parte, deber\u00e1 \u201casegurar el acceso a fuentes de informaci\u00f3n\u201d de manera tal que \u201clas autoridades p\u00fablicas tienen la obligaci\u00f3n de garantizar el acceso a documentos e informaci\u00f3n que obren en poder del Estado, incluidos sitios web oficiales, y garantizar la obtenci\u00f3n de respuestas oportunas incluso en conferencias de prensa\u201d.<\/p>\n<p>En otro orden,\u00a0<strong>deber\u00e1 \u201cgarantizar la actividad period\u00edstica en contextos de manifestaciones p\u00fablicas\u201d.\u00a0<\/strong>\u00a0\u201cEsto implica que las personas que invoquen su sola condici\u00f3n de periodistas, fotorreporteros\/as o trabajadores de prensa,\u00a0<strong>no podr\u00e1n ser molestados, hostigados, agredidos, detenidos, trasladados, da\u00f1adas sus herramientas de trabajo, ni sufrir cualquier otra restricci\u00f3n de sus derechos<\/strong>\u00a0por el solo hecho de ejercer su profesi\u00f3n, antes, durante y despu\u00e9s de la manifestaci\u00f3n p\u00fablica\u201d, detallaron.<\/p>\n<p>Aparte, los funcionarios deber\u00e1n \u201cabstenerse de requisar, secuestrar, acceder y\/o extraer sin orden judicial, los soportes de registro o materiales de trabajo de periodistas, fotorreporteros\/as y trabajadores de prensa\u201d.<\/p>\n<p>\u201cLas <strong>fuerzas de seguridad<\/strong> que intervengan en los operativos en contextos de manifestaci\u00f3n p\u00fablica tendr\u00e1n expresamente <strong>prohibido realizar acciones que impidan a periodistas, fotorreporteros\/as y trabajadores de prensa o dem\u00e1s asistentes a la manifestaci\u00f3n p\u00fablica, el registro de im\u00e1genes y\/o la obtenci\u00f3n de testimonios en esas circunstancias<\/strong>\u201d, se se\u00f1ala en el proyecto. <strong>(VW)<\/strong><\/p>\n","protected":false},"excerpt":{"rendered":"<p>La iniciativa fue presentada por diputados de distintos bloques para garantizar el trabajo de la prensa y su seguridad. \u201cEsta iniciativa se presenta como una herramienta para desalentar la impunidad de quienes intentan silenciar&#46;&#46;&#46;<\/p>\n","protected":false},"author":4,"featured_media":17503,"comment_status":"closed","ping_status":"closed","sticky":false,"template":"","format":"standard","meta":{"_monsterinsights_skip_tracking":false,"_monsterinsights_sitenote_active":false,"_monsterinsights_sitenote_note":"","_monsterinsights_sitenote_category":0,"footnotes":""},"categories":[4,5],"tags":[143,4329,7770],"class_list":["post-18270","post","type-post","status-publish","format-standard","has-post-thumbnail","hentry","category-politica","category-sociedad","tag-diputados","tag-pichetto","tag-proyecto-libre-ejercicio-de-prensa"],"_links":{"self":[{"href":"https:\/\/www.visionweb.com.ar\/index.php?rest_route=\/wp\/v2\/posts\/18270","targetHints":{"allow":["GET"]}}],"collection":[{"href":"https:\/\/www.visionweb.com.ar\/index.php?rest_route=\/wp\/v2\/posts"}],"about":[{"href":"https:\/\/www.visionweb.com.ar\/index.php?rest_route=\/wp\/v2\/types\/post"}],"author":[{"embeddable":true,"href":"https:\/\/www.visionweb.com.ar\/index.php?rest_route=\/wp\/v2\/users\/4"}],"replies":[{"embeddable":true,"href":"https:\/\/www.visionweb.com.ar\/index.php?rest_route=%2Fwp%2Fv2%2Fcomments&post=18270"}],"version-history":[{"count":1,"href":"https:\/\/www.visionweb.com.ar\/index.php?rest_route=\/wp\/v2\/posts\/18270\/revisions"}],"predecessor-version":[{"id":18271,"href":"https:\/\/www.visionweb.com.ar\/index.php?rest_route=\/wp\/v2\/posts\/18270\/revisions\/18271"}],"wp:featuredmedia":[{"embeddable":true,"href":"https:\/\/www.visionweb.com.ar\/index.php?rest_route=\/wp\/v2\/media\/17503"}],"wp:attachment":[{"href":"https:\/\/www.visionweb.com.ar\/index.php?rest_route=%2Fwp%2Fv2%2Fmedia&parent=18270"}],"wp:term":[{"taxonomy":"category","embeddable":true,"href":"https:\/\/www.visionweb.com.ar\/index.php?rest_route=%2Fwp%2Fv2%2Fcategories&post=18270"},{"taxonomy":"post_tag","embeddable":true,"href":"https:\/\/www.visionweb.com.ar\/index.php?rest_route=%2Fwp%2Fv2%2Ftags&post=18270"}],"curies":[{"name":"wp","href":"https:\/\/api.w.org\/{rel}","templated":true}]}}