{"id":18263,"date":"2025-06-05T15:27:57","date_gmt":"2025-06-05T18:27:57","guid":{"rendered":"https:\/\/www.visionweb.com.ar\/?p=18263"},"modified":"2025-06-05T15:28:46","modified_gmt":"2025-06-05T18:28:46","slug":"apoyo-del-cristinismo-de-la-matanza-a-la-candidatura-de-la-ex-presidenta","status":"publish","type":"post","link":"https:\/\/www.visionweb.com.ar\/?p=18263","title":{"rendered":"Apoyo del cristinismo de La Matanza a la candidatura de la ex Presidenta"},"content":{"rendered":"<p><em><strong>Los cristinistas de La Matanza contrastaron que mientras Magario y Espoinoza siguen sin pronunciarse, la Mesa acelera \u201ccon la organizaci\u00f3n de la campa\u00f1a en el distrito m\u00e1s grande del pa\u00eds\u201d.<\/strong><\/em><!--more--><\/p>\n<div id=\"attachment_18264\" style=\"width: 310px\" class=\"wp-caption alignright\"><img loading=\"lazy\" decoding=\"async\" aria-describedby=\"caption-attachment-18264\" class=\"wp-image-18264 size-medium\" src=\"https:\/\/www.visionweb.com.ar\/wp-content\/uploads\/2025\/06\/terceras-seccion-electoral-300x161.png\" alt=\"\" width=\"300\" height=\"161\" srcset=\"https:\/\/www.visionweb.com.ar\/wp-content\/uploads\/2025\/06\/terceras-seccion-electoral-300x161.png 300w, https:\/\/www.visionweb.com.ar\/wp-content\/uploads\/2025\/06\/terceras-seccion-electoral.png 640w\" sizes=\"auto, (max-width: 300px) 100vw, 300px\" \/><p id=\"caption-attachment-18264\" class=\"wp-caption-text\"><em><strong>El croquis muestra los 19 distritos que forman la tercera secci\u00f3n electora<\/strong><\/em>l<\/p><\/div>\n<p>La militancia cristinista de La Matanza convoc\u00f3 a su conducci\u00f3n local, con representantes del PJ, el movimiento obrero y la universidad nacional locales para apoyar la candidatura de la Expresidenta a diputada provincial por la Tercera secci\u00f3n electoral.<\/p>\n<p>La reuni\u00f3n se realiz\u00f3 a una semana de un <strong>acto encabezado por M\u00e1ximo Kirchner en el Congreso de las 62 Organizaciones Gremiales\u00a0<\/strong>Peronistas en San Justo -junto al diputado provincial Facundo Tignanelli- donde trabajadores de distintos sectores manifestaron su respaldo a la postulaci\u00f3n de Fern\u00e1ndez de Kirchner para enfrentar a la administraci\u00f3n actual.<\/p>\n<p>En un comunicado se se\u00f1al\u00f3 que \u201c<strong>el intendente Fernando Espinoza y la vicegobernadora Ver\u00f3nica Magario mantuvieron silencio p\u00fablico sobre la confirmaci\u00f3n de la candidatura<\/strong>\u201c. Se trata del intendente de la ciudad y la vicegobernadora, alineados con el gobernador Axel Kicillof en la interna del PJ.<\/p>\n<p>Es importante destacar que el partido de La Matanza, alberga en su territorio a m\u00e1s de 1,8 millones de personas y en condiciones de votar casi 900.000 ciudadanos, por loq eu en cualkquier elecci\u00f3n su participaci\u00f3n es decisiva\u00a0 en cualquier elecci\u00f3n.<\/p>\n<p>Los cristinistas de La Matanza contrastaron que <strong>mientras Magario y Espoinoza siguen sin pronunciarse<\/strong>, la Mesa acelera \u201ccon la organizaci\u00f3n de la campa\u00f1a en el distrito m\u00e1s grande del pa\u00eds\u201d.<\/p>\n<p>Durante la reuni\u00f3n, los referentes destacaron que la fiscalizaci\u00f3n electoral en La Matanza, hist\u00f3ricamente compleja, cuenta con el respaldo de una s\u00f3lida articulaci\u00f3n entre sindicatos, organizaciones pol\u00edticas y la UNLaM, garantizando la transparencia del proceso.\u00a0La Tercera Secci\u00f3n electoral tiene casi 5 millones de electores, de acuerdo a los datos oficiales publicados en octubre de 2023(VW).<\/p>\n","protected":false},"excerpt":{"rendered":"<p>Los cristinistas de La Matanza contrastaron que mientras Magario y Espoinoza siguen sin pronunciarse, la Mesa acelera \u201ccon la organizaci\u00f3n de la campa\u00f1a en el distrito m\u00e1s grande del pa\u00eds\u201d.<\/p>\n","protected":false},"author":3,"featured_media":18264,"comment_status":"closed","ping_status":"closed","sticky":false,"template":"","format":"standard","meta":{"_monsterinsights_skip_tracking":false,"_monsterinsights_sitenote_active":false,"_monsterinsights_sitenote_note":"","_monsterinsights_sitenote_category":0,"footnotes":""},"categories":[4],"tags":[7769,340,7768,4736],"class_list":["post-18263","post","type-post","status-publish","format-standard","has-post-thumbnail","hentry","category-politica","tag-distritos","tag-elecciones","tag-secciones","tag-votantes"],"_links":{"self":[{"href":"https:\/\/www.visionweb.com.ar\/index.php?rest_route=\/wp\/v2\/posts\/18263","targetHints":{"allow":["GET"]}}],"collection":[{"href":"https:\/\/www.visionweb.com.ar\/index.php?rest_route=\/wp\/v2\/posts"}],"about":[{"href":"https:\/\/www.visionweb.com.ar\/index.php?rest_route=\/wp\/v2\/types\/post"}],"author":[{"embeddable":true,"href":"https:\/\/www.visionweb.com.ar\/index.php?rest_route=\/wp\/v2\/users\/3"}],"replies":[{"embeddable":true,"href":"https:\/\/www.visionweb.com.ar\/index.php?rest_route=%2Fwp%2Fv2%2Fcomments&post=18263"}],"version-history":[{"count":2,"href":"https:\/\/www.visionweb.com.ar\/index.php?rest_route=\/wp\/v2\/posts\/18263\/revisions"}],"predecessor-version":[{"id":18266,"href":"https:\/\/www.visionweb.com.ar\/index.php?rest_route=\/wp\/v2\/posts\/18263\/revisions\/18266"}],"wp:featuredmedia":[{"embeddable":true,"href":"https:\/\/www.visionweb.com.ar\/index.php?rest_route=\/wp\/v2\/media\/18264"}],"wp:attachment":[{"href":"https:\/\/www.visionweb.com.ar\/index.php?rest_route=%2Fwp%2Fv2%2Fmedia&parent=18263"}],"wp:term":[{"taxonomy":"category","embeddable":true,"href":"https:\/\/www.visionweb.com.ar\/index.php?rest_route=%2Fwp%2Fv2%2Fcategories&post=18263"},{"taxonomy":"post_tag","embeddable":true,"href":"https:\/\/www.visionweb.com.ar\/index.php?rest_route=%2Fwp%2Fv2%2Ftags&post=18263"}],"curies":[{"name":"wp","href":"https:\/\/api.w.org\/{rel}","templated":true}]}}