{"id":18261,"date":"2025-06-05T14:54:04","date_gmt":"2025-06-05T17:54:04","guid":{"rendered":"https:\/\/www.visionweb.com.ar\/?p=18261"},"modified":"2025-06-05T14:55:22","modified_gmt":"2025-06-05T17:55:22","slug":"el-gobierno-modifico-el-esquema-de-ajuste-de-las-tarifas-de-gas","status":"publish","type":"post","link":"https:\/\/www.visionweb.com.ar\/?p=18261","title":{"rendered":"El gobierno modifico el esquema de ajuste de las tarifas de gas"},"content":{"rendered":"<p><em><strong>En los fundamentos de la medida, el Ejecutivo argumenta que en el marco del estado de emergencia vigente se han adoptado acciones para \u201csostener la sostenibilidad econ\u00f3mica del sector\u201d.Ser\u00e1 Mensual<\/strong><\/em><!--more--><\/p>\n<p><img loading=\"lazy\" decoding=\"async\" class=\"size-full wp-image-5627 alignright\" src=\"https:\/\/www.visionweb.com.ar\/wp-content\/uploads\/2022\/05\/aumento-de-gas.bmp\" alt=\"\" width=\"467\" height=\"307\" \/>A trav\u00e9s de la Resoluci\u00f3n 241\/2025, publicada este jueves en el Bolet\u00edn Oficial,\u00a0<strong>el Gobierno modific\u00f3 la periodicidad del \u00a0ajuste de tarifas de gas\u00a0para el transporte y distribuci\u00f3n del servicio.<\/strong><\/p>\n<p>A partir de ahora,\u00a0<strong>las actualizaciones dejar\u00e1n de ser semestrales y pasar\u00e1n a ser mensuales<\/strong>, con base en los \u00edndices establecidos por el\u00a0<strong>Ente Nacional Regulador del Gas (ENARGAS).<\/strong><\/p>\n<p>La resoluci\u00f3n, firmada por la secretaria de Energ\u00eda, Mar\u00eda Carmen Tettamanti, se\u00f1ala que las tarifas \u201c<strong>ser\u00e1n ajustadas mensualmente de acuerdo con la variaci\u00f3n operada en los \u00edndices establecidos al efecto por el ENARGAS en la Revisi\u00f3n Quinquenal Tarifaria correspondiente\u201d.<\/strong><\/p>\n<p>Seg\u00fan el texto, las empresas licenciatarias podr\u00e1n presentar los cuadros tarifarios actualizados para su aprobaci\u00f3n junto con una memoria de c\u00e1lculo.\u00a0<strong>En el caso del transporte, el ENARGAS tendr\u00e1 7 d\u00edas para aprobar el nuevo esquema, mientras que para distribuci\u00f3n el plazo ser\u00e1 de 15 d\u00edas.<\/strong>\u00a0En ambos casos, los ajustes regir\u00e1n desde el primer d\u00eda del mes correspondiente.<\/p>\n<p>En los fundamentos de la medida, el Ejecutivo argumenta que en el marco del estado de emergencia vigente se han adoptado acciones para \u201csostener la sostenibilidad econ\u00f3mica del sector\u201d, buscando al mismo tiempo mitigar el impacto en la econom\u00eda dom\u00e9stica.<\/p>\n<p>Por eso, seg\u00fan detalla la resoluci\u00f3n, el nuevo esquema busca evitar aumentos bruscos debido a la acumulaci\u00f3n de ajustes no implementados previamente.<\/p>\n<p>Con este nuevo r\u00e9gimen, el ajuste de tarifas de gas ser\u00e1 m\u00e1s frecuente, pero te\u00f3ricamente m\u00e1s predecible y paulatino. Sin embargo, se prev\u00e9 un impacto directo en las facturas que abonan los usuarios residenciales<strong>(VW)<\/strong>.<\/p>\n","protected":false},"excerpt":{"rendered":"<p>En los fundamentos de la medida, el Ejecutivo argumenta que en el marco del estado de emergencia vigente se han adoptado acciones para \u201csostener la sostenibilidad econ\u00f3mica del sector\u201d.Ser\u00e1 Mensual<\/p>\n","protected":false},"author":3,"featured_media":6666,"comment_status":"closed","ping_status":"closed","sticky":false,"template":"","format":"standard","meta":{"_monsterinsights_skip_tracking":false,"_monsterinsights_sitenote_active":false,"_monsterinsights_sitenote_note":"","_monsterinsights_sitenote_category":0,"footnotes":""},"categories":[8],"tags":[62,7766,7767,564],"class_list":["post-18261","post","type-post","status-publish","format-standard","has-post-thumbnail","hentry","category-interes-general","tag-ajustes","tag-energas","tag-mensuales","tag-tarifas"],"_links":{"self":[{"href":"https:\/\/www.visionweb.com.ar\/index.php?rest_route=\/wp\/v2\/posts\/18261","targetHints":{"allow":["GET"]}}],"collection":[{"href":"https:\/\/www.visionweb.com.ar\/index.php?rest_route=\/wp\/v2\/posts"}],"about":[{"href":"https:\/\/www.visionweb.com.ar\/index.php?rest_route=\/wp\/v2\/types\/post"}],"author":[{"embeddable":true,"href":"https:\/\/www.visionweb.com.ar\/index.php?rest_route=\/wp\/v2\/users\/3"}],"replies":[{"embeddable":true,"href":"https:\/\/www.visionweb.com.ar\/index.php?rest_route=%2Fwp%2Fv2%2Fcomments&post=18261"}],"version-history":[{"count":1,"href":"https:\/\/www.visionweb.com.ar\/index.php?rest_route=\/wp\/v2\/posts\/18261\/revisions"}],"predecessor-version":[{"id":18262,"href":"https:\/\/www.visionweb.com.ar\/index.php?rest_route=\/wp\/v2\/posts\/18261\/revisions\/18262"}],"wp:featuredmedia":[{"embeddable":true,"href":"https:\/\/www.visionweb.com.ar\/index.php?rest_route=\/wp\/v2\/media\/6666"}],"wp:attachment":[{"href":"https:\/\/www.visionweb.com.ar\/index.php?rest_route=%2Fwp%2Fv2%2Fmedia&parent=18261"}],"wp:term":[{"taxonomy":"category","embeddable":true,"href":"https:\/\/www.visionweb.com.ar\/index.php?rest_route=%2Fwp%2Fv2%2Fcategories&post=18261"},{"taxonomy":"post_tag","embeddable":true,"href":"https:\/\/www.visionweb.com.ar\/index.php?rest_route=%2Fwp%2Fv2%2Ftags&post=18261"}],"curies":[{"name":"wp","href":"https:\/\/api.w.org\/{rel}","templated":true}]}}