{"id":18258,"date":"2025-06-05T12:16:25","date_gmt":"2025-06-05T15:16:25","guid":{"rendered":"https:\/\/www.visionweb.com.ar\/?p=18258"},"modified":"2025-06-05T12:16:25","modified_gmt":"2025-06-05T15:16:25","slug":"milei-arranca-su-nueva-gira-internacional-de-10-dias","status":"publish","type":"post","link":"https:\/\/www.visionweb.com.ar\/?p=18258","title":{"rendered":"Milei arranca su nueva gira internacional de 10 d\u00edas"},"content":{"rendered":"<p><em><strong>El presidente Javier Milei se reunir\u00e1 con el nuevo Papa Le\u00f3n XIV, y habr\u00e1 encuentros bilaterales con autoridades de Francia, Italia e Israel. El regreso ser\u00e1 el 14 de junio. La agenda.<\/strong><\/em><!--more--><\/p>\n<div id=\"attachment_18259\" style=\"width: 310px\" class=\"wp-caption alignright\"><img loading=\"lazy\" decoding=\"async\" aria-describedby=\"caption-attachment-18259\" class=\"wp-image-18259 size-medium\" src=\"https:\/\/www.visionweb.com.ar\/wp-content\/uploads\/2025\/06\/milei-el-papa-y-meloni-300x158.png\" alt=\"\" width=\"300\" height=\"158\" srcset=\"https:\/\/www.visionweb.com.ar\/wp-content\/uploads\/2025\/06\/milei-el-papa-y-meloni-300x158.png 300w, https:\/\/www.visionweb.com.ar\/wp-content\/uploads\/2025\/06\/milei-el-papa-y-meloni.png 619w\" sizes=\"auto, (max-width: 300px) 100vw, 300px\" \/><p id=\"caption-attachment-18259\" class=\"wp-caption-text\">Foto internet<\/p><\/div>\n<p><strong>S<\/strong>er\u00e1 la gira por el exterior m\u00e1s extensa desde que asumi\u00f3 al frente de la\u00a0<strong>Casa Rosada<\/strong>:\u00a0el\u00a0<strong>presidente de la Naci\u00f3n<\/strong>,\u00a0<strong><a href=\"https:\/\/www.argentina.gob.ar\/presidencia\">Javier Milei<\/a><\/strong>\u00a0viajar\u00e1 este jueves a Roma,\u00a0<strong>Italia\u00a0<\/strong>para dar comienzo a su agenda internacional que culminar\u00e1 en\u00a0<strong>Israel\u00a0<\/strong>el 14 de junio.<\/p>\n<p>Seg\u00fan detallaron desde Casa Rosada, el jefe de Estado libertario har\u00e1 su viaje oficial con escala en\u00a0<strong>Italia<\/strong>,\u00a0<strong>Francia<\/strong>,\u00a0<strong>Espa\u00f1a<\/strong>, y el\u00a0<strong>Vaticano<\/strong>, para participar de la asunci\u00f3n del\u00a0<strong>papa Le\u00f3n XIV<\/strong>. En tanto, tambi\u00e9n mantendr\u00e1 una reuni\u00f3n con el Primer Ministro israel\u00ed,\u00a0<strong>Benjamin Netanyahu<\/strong>.<\/p>\n<p>Adem\u00e1s de participar de la asunci\u00f3n del\u00a0<strong>Sumo Pontifice<\/strong>, <strong>Milei<\/strong> se ver\u00e1 con su par franc\u00e9s\u00a0<strong>Emmanuel Macron<\/strong>, y con la presidente del Consejo de Ministros de Italia, la ultraderechista\u00a0<strong>Giorgia Meloni<\/strong>, con quien firmar\u00e1 un acuerdo clave para exportar gas licuado.<\/p>\n<p>As\u00ed, la comitiva que acompa\u00f1ar\u00e1 al mandatario estar\u00e1 compuesta por la Secretaria General,\u00a0<strong>Karina Milei<\/strong>\u00a0y el canciller\u00a0<strong>Gerardo Werthein<\/strong>. En tanto, el vocero presidencial,\u00a0<strong>Manuel Adorni<\/strong>, la ministra de Capital Humano,\u00a0<strong>Sandra Pettovello\u00a0<\/strong>y el titular de la comisi\u00f3n de Relaciones Exteriores de la C\u00e1mara de Diputados nacional,\u00a0<strong>Fernando Iglesias<\/strong>, ser\u00e1n parte de la agenda s\u00f3lo los primeros d\u00edas.<\/p>\n<p>En detalle, Milei asistir\u00e1 el viernes a la firma del Memor\u00e1ndum de entendimiento entre YPF y ENI, para luego ser recibido por la presidente del Consejo de Ministros de Italia,\u00a0<strong>Giorgia Meloni<\/strong>. La\u00a0iniciativa conjunta entre\u00a0YPF\u00a0y la compa\u00f1\u00eda italiana\u00a0Eni\u00a0abarca la producci\u00f3n de gas natural en Vaca Muerta, el transporte, la licuefacci\u00f3n y la exportaci\u00f3n.<\/p>\n<p>Posteriormente, el d\u00eda s\u00e1bado, el\u00a0<strong>Jefe de Estado<\/strong>\u00a0tendr\u00e1 su primera foto con el\u00a0<strong>Papa Le\u00f3n XIV\u00a0<\/strong>e inmediatamente despu\u00e9s tomar\u00e1 un vuelo hacia Espa\u00f1a, Reino de\u00a0<strong>Espa\u00f1a<\/strong>, donde participar\u00e1 del Madrid Economic Forum.<\/p>\n<p>Tras mantener un encuentro en Francia con el primer ministro Emmanuel Macron, Milei partir\u00e1 el martes hacia Tel Aviv, Israel, uno de los principales socios que busca impulsar la administraci\u00f3n nacional, donde realizar\u00e1 una declaraci\u00f3n conjunta a la prensa junto con el primer ministro\u00a0<strong>Benjamin Netanyahu<\/strong>.<\/p>\n<p>En tanto, el mi\u00e9rcoles 11 de junio el Jefe de Estado tendr\u00e1 una actividad en la Legislatura del Estado de Israel. Milei dar\u00e1 unas palabras y le har\u00e1n entrega de la\u00a0<strong>medalla oficial por el Premio Nobel Jud\u00edo<\/strong>. El jueves Milei, firmar\u00e1 junto a su par israel\u00ed el\u00a0<strong>memor\u00e1ndum de entendimiento\u00a0<\/strong>para luchar contra el terrorismo.<\/p>\n<p><strong>La agenda completa de Milei durante su gira en Europa<\/strong><\/p>\n<p><strong>Jueves 5 de junio<\/strong><\/p>\n<ul>\n<li>10:00 horas (Hora Argentina) \u2013 El Presidente\u00a0<strong>Milei\u00a0<\/strong>partir\u00e1 en un vuelo especial rumbo a la Ciudad de\u00a0<strong>Roma<\/strong>.<\/li>\n<\/ul>\n<p><strong>Viernes 6 de junio<\/strong><\/p>\n<ul>\n<li>14:30 horas \u2013 El Presidente asistir\u00e1 a la firma del Memor\u00e1ndum de entendimiento entre\u00a0<strong>YPF\u00a0<\/strong>y<strong>\u00a0ENI<\/strong>.<\/li>\n<li>Acto seguido,\u00a0<strong>Milei<\/strong>\u00a0tendr\u00e1 una comida privada con\u00a0<strong>Giorgia Meloni<\/strong>.<\/li>\n<\/ul>\n<p><strong>S\u00e1bado 7 de junio<\/strong><\/p>\n<ul>\n<li>\u00a0El s\u00e1bado tendr\u00e1 un encuentro con Su Santidad el Papa Le\u00f3n XIV.<\/li>\n<li>13:00 horas \u2013 Tomar\u00e1 un vuelo hacia la Ciudad de Madrid, Reino de Espa\u00f1a.<\/li>\n<\/ul>\n<p><strong>Domingo 8 de junio<\/strong><\/p>\n<p>14:30 horas \u2013 Participar\u00e1 del Cierre del Madrid Economic Forum y despu\u00e9s partir\u00e1 con destino a la ciudad de Niza, Francia.<\/p>\n<p><strong>Lunes 9 de junio<\/strong><\/p>\n<ul>\n<li>\u00a0El Presidente se encontrar\u00e1 con su par franc\u00e9s Emmanuel Macron.<\/li>\n<li>13:00 horas \u2013 Partir\u00e1 en un vuelo con destino a la Ciudad de Tel Aviv, Estado de Israel.<\/li>\n<\/ul>\n<p><strong>Martes 10 de junio<\/strong><\/p>\n<ul>\n<li>9:30 horas \u2013 Reuni\u00f3n con el presidente del Estado de Israel, Isaac Herzog. Declaraci\u00f3n conjunta a la prensa.<\/li>\n<li>11:00 horas \u2013 Reuni\u00f3n con el Primer Ministro israel\u00ed Benjamin Netanyahu. Luego participar\u00e1n de una reuni\u00f3n ampliada.<\/li>\n<li>15:00 horas \u2013 Visita al Muro de los Lamentos.<\/li>\n<\/ul>\n<p><strong>Mi\u00e9rcoles 11 de junio<\/strong><\/p>\n<ul>\n<li>4:00 horas \u2013 Inauguraci\u00f3n de una placa en la Ciudad de David.<\/li>\n<li>5:00 horas \u2013 Visita al Santo Sepulcro.<\/li>\n<li>05:45 horas \u2013 Encuentro con familiares de secuestrados por Hamas.<\/li>\n<li>06:30 horas \u2013 Descubrimiento de un monolito simb\u00f3lico en homenaje en a los secuestrados. Participar\u00e1 el presidente de la DAIA.<\/li>\n<li>12:00 horas \u2013 Actividad en la Legislatura del Estado de Israel. All\u00ed el presidente dar\u00e1 unas palabras y le har\u00e1n entrega de la medalla oficial por el Premio Nobel Jud\u00edo.<\/li>\n<\/ul>\n<p><strong>Jueves 12 de junio<\/strong><\/p>\n<ul>\n<li>Disertaci\u00f3n en Universidad.<\/li>\n<li>11:00 horas \u2013 El presidente firmar\u00e1 junto a su par israel\u00ed el memor\u00e1ndum de entendimiento por la democracia y la libertad.<\/li>\n<li>A continuaci\u00f3n \u2013 Anuncio de apertura del vuelo directo Buenos Aires \u2013 Tel Aviv y despedida del Muro de los Lamentos junto al Primer Ministro israel\u00ed<\/li>\n<li>14:30 horas \u2013 Partida del vuelo a Madrid, donde llegar\u00e1 a las 19 hs.<\/li>\n<\/ul>\n<p><strong>Viernes 13 de junio<\/strong><\/p>\n<ul>\n<li>12:30 horas \u2013 Asistencia a la entrega del reconocimiento \u201cEscuela de Salamanca\u201d.<\/li>\n<\/ul>\n<p><strong>S\u00e1bado 14 de junio<\/strong><\/p>\n<ul>\n<li>6:00 horas \u2013 Reuni\u00f3n del presidente con grandes empresarios en la Embajada.<\/li>\n<li>8:00 horas \u2013 Partida con escala con destino a la Ciudad de Buenos Aires donde arribar\u00e1 las 23 horas. <strong>(VW)<\/strong><\/li>\n<\/ul>\n","protected":false},"excerpt":{"rendered":"<p>El presidente Javier Milei se reunir\u00e1 con el nuevo Papa Le\u00f3n XIV, y habr\u00e1 encuentros bilaterales con autoridades de Francia, Italia e Israel. El regreso ser\u00e1 el 14 de junio. La agenda.<\/p>\n","protected":false},"author":4,"featured_media":18259,"comment_status":"closed","ping_status":"closed","sticky":false,"template":"","format":"standard","meta":{"_monsterinsights_skip_tracking":false,"_monsterinsights_sitenote_active":false,"_monsterinsights_sitenote_note":"","_monsterinsights_sitenote_category":0,"footnotes":""},"categories":[4],"tags":[1756,7765,136,7763,5047,7764,4878],"class_list":["post-18258","post","type-post","status-publish","format-standard","has-post-thumbnail","hentry","category-politica","tag-agenda","tag-comitiva","tag-francia","tag-gira-junio","tag-israel","tag-italia","tag-javier-milei"],"_links":{"self":[{"href":"https:\/\/www.visionweb.com.ar\/index.php?rest_route=\/wp\/v2\/posts\/18258","targetHints":{"allow":["GET"]}}],"collection":[{"href":"https:\/\/www.visionweb.com.ar\/index.php?rest_route=\/wp\/v2\/posts"}],"about":[{"href":"https:\/\/www.visionweb.com.ar\/index.php?rest_route=\/wp\/v2\/types\/post"}],"author":[{"embeddable":true,"href":"https:\/\/www.visionweb.com.ar\/index.php?rest_route=\/wp\/v2\/users\/4"}],"replies":[{"embeddable":true,"href":"https:\/\/www.visionweb.com.ar\/index.php?rest_route=%2Fwp%2Fv2%2Fcomments&post=18258"}],"version-history":[{"count":1,"href":"https:\/\/www.visionweb.com.ar\/index.php?rest_route=\/wp\/v2\/posts\/18258\/revisions"}],"predecessor-version":[{"id":18260,"href":"https:\/\/www.visionweb.com.ar\/index.php?rest_route=\/wp\/v2\/posts\/18258\/revisions\/18260"}],"wp:featuredmedia":[{"embeddable":true,"href":"https:\/\/www.visionweb.com.ar\/index.php?rest_route=\/wp\/v2\/media\/18259"}],"wp:attachment":[{"href":"https:\/\/www.visionweb.com.ar\/index.php?rest_route=%2Fwp%2Fv2%2Fmedia&parent=18258"}],"wp:term":[{"taxonomy":"category","embeddable":true,"href":"https:\/\/www.visionweb.com.ar\/index.php?rest_route=%2Fwp%2Fv2%2Fcategories&post=18258"},{"taxonomy":"post_tag","embeddable":true,"href":"https:\/\/www.visionweb.com.ar\/index.php?rest_route=%2Fwp%2Fv2%2Ftags&post=18258"}],"curies":[{"name":"wp","href":"https:\/\/api.w.org\/{rel}","templated":true}]}}