{"id":18256,"date":"2025-06-05T11:53:30","date_gmt":"2025-06-05T14:53:30","guid":{"rendered":"https:\/\/www.visionweb.com.ar\/?p=18256"},"modified":"2025-06-05T11:53:30","modified_gmt":"2025-06-05T14:53:30","slug":"jubilaciones-diputados-aprobo-el-aumento-y-milei-reitero-que-lo-vetara-porque-atenta-contra-el-deficit-cero","status":"publish","type":"post","link":"https:\/\/www.visionweb.com.ar\/?p=18256","title":{"rendered":"Jubilaciones: Diputados aprob\u00f3 el aumento y Milei reiter\u00f3 que lo vetar\u00e1 porque \u201catenta\u201d contra el d\u00e9ficit cero"},"content":{"rendered":"<p><em><strong>Diputados aprob\u00f3 un aumento del 7,2% para jubilados, un bono actualizado a $110.000 y la moratoria previsional, tras un fuerte debate entre oficialismo y oposici\u00f3n.<\/strong><\/em><!--more--><\/p>\n<p><strong><img loading=\"lazy\" decoding=\"async\" class=\"size-medium wp-image-13216 alignright\" src=\"https:\/\/www.visionweb.com.ar\/wp-content\/uploads\/2024\/01\/Milei-Javier-300x206.png\" alt=\"\" width=\"300\" height=\"206\" srcset=\"https:\/\/www.visionweb.com.ar\/wp-content\/uploads\/2024\/01\/Milei-Javier-300x206.png 300w, https:\/\/www.visionweb.com.ar\/wp-content\/uploads\/2024\/01\/Milei-Javier.png 502w\" sizes=\"auto, (max-width: 300px) 100vw, 300px\" \/>\u00a0 \u00a0 \u00a0 E<\/strong>l proyecto en la C\u00e1mara Baja, obtuvo 142 votos afirmativos, 67 negativos y 19 abstenciones, fue acompa\u00f1ado por los bloques de <strong>Uni\u00f3n por la Patria<\/strong>\u00a0(<strong>UxP<\/strong>), la\u00a0<strong>Coalici\u00f3n C\u00edvica<\/strong>,\u00a0<strong>Encuentro Federal<\/strong>,\u00a0<strong>Democracia para Siempre<\/strong>, el\u00a0<strong>Frente de Izquierda<\/strong>\u00a0e\u00a0<strong>Independencia<\/strong>. En contra se posicionaron\u00a0<strong>La Libertad Avanza<\/strong>\u00a0(<strong>LLA<\/strong>), el\u00a0<strong>PRO\u00a0<\/strong>y algunos espacios provinciales. Mientras tanto, la <strong>Uni\u00f3n C\u00edvica Radical<\/strong>\u00a0(<strong>UCR<\/strong>), en su conjunto, se abstuvo de la votaci\u00f3n.<\/p>\n<p>El Gobierno confirm\u00f3 que\u00a0<strong>vetar\u00e1 la suba de haberes jubilatorios aprobada en la C\u00e1mara de Diputados de la Naci\u00f3n<\/strong>.<\/p>\n<p>Ya anoche, tras conocerse el resultado de la votaci\u00f3n, el presidente\u00a0<strong>Javier Milei<\/strong>\u00a0hab\u00eda expresado en su cuenta de X:\u00a0<strong>\u201cEsperemos que los senadores no apoyen esta demagogia populista pero de cualquier forma nuestro compromiso es vetar cualquier cosa que atente contra el D\u00c9FICIT CERO\u201d.<\/strong><\/p>\n<p>Este jueves, en tanto, el jefe de Gabinete\u00a0<strong>Guillermo Francos<\/strong> reafirm\u00f3 que el resultado de la votaci\u00f3n en la C\u00e1mara baja es de <strong>\u201cuna irresponsabilidad pol\u00edtica muy grande\u201d<\/strong>, y que\u00a0<strong>el Gobierno \u201cno va a permitir que se arruine el equilibrio fiscal\u201d<\/strong>.<\/p>\n<p>Cabe mencionar que hay <strong>5.774.000 jubilaciones,<\/strong>\u00a0y de esta cifra son sin moratoria, es decir,<strong> que han hecho los aportes para jubilarse, 1.800.000<\/strong>.<\/p>\n<p>El vocero presidencial, <strong>Manuel Adorni<\/strong>, replic\u00f3 el mensaje de su jefe y remarc\u00f3 que <strong>\u201cel Presidente de la Naci\u00f3n vetar\u00e1 todos y cada uno de los proyectos de ley que impliquen quebrantar el equilibrio fiscal\u201d<\/strong>. \u201cEl populismo ya no es parte del camino. Fin\u201d, insisti\u00f3. <strong>(VW)<\/strong><\/p>\n","protected":false},"excerpt":{"rendered":"<p>Diputados aprob\u00f3 un aumento del 7,2% para jubilados, un bono actualizado a $110.000 y la moratoria previsional, tras un fuerte debate entre oficialismo y oposici\u00f3n.<\/p>\n","protected":false},"author":4,"featured_media":13216,"comment_status":"closed","ping_status":"closed","sticky":false,"template":"","format":"standard","meta":{"_monsterinsights_skip_tracking":false,"_monsterinsights_sitenote_active":false,"_monsterinsights_sitenote_note":"","_monsterinsights_sitenote_category":0,"footnotes":""},"categories":[4,5],"tags":[1248,7760,7761,7762],"class_list":["post-18256","post","type-post","status-publish","format-standard","has-post-thumbnail","hentry","category-politica","category-sociedad","tag-bono","tag-diputados-aprobo-reforma-previsional","tag-mieli","tag-vetara"],"_links":{"self":[{"href":"https:\/\/www.visionweb.com.ar\/index.php?rest_route=\/wp\/v2\/posts\/18256","targetHints":{"allow":["GET"]}}],"collection":[{"href":"https:\/\/www.visionweb.com.ar\/index.php?rest_route=\/wp\/v2\/posts"}],"about":[{"href":"https:\/\/www.visionweb.com.ar\/index.php?rest_route=\/wp\/v2\/types\/post"}],"author":[{"embeddable":true,"href":"https:\/\/www.visionweb.com.ar\/index.php?rest_route=\/wp\/v2\/users\/4"}],"replies":[{"embeddable":true,"href":"https:\/\/www.visionweb.com.ar\/index.php?rest_route=%2Fwp%2Fv2%2Fcomments&post=18256"}],"version-history":[{"count":1,"href":"https:\/\/www.visionweb.com.ar\/index.php?rest_route=\/wp\/v2\/posts\/18256\/revisions"}],"predecessor-version":[{"id":18257,"href":"https:\/\/www.visionweb.com.ar\/index.php?rest_route=\/wp\/v2\/posts\/18256\/revisions\/18257"}],"wp:featuredmedia":[{"embeddable":true,"href":"https:\/\/www.visionweb.com.ar\/index.php?rest_route=\/wp\/v2\/media\/13216"}],"wp:attachment":[{"href":"https:\/\/www.visionweb.com.ar\/index.php?rest_route=%2Fwp%2Fv2%2Fmedia&parent=18256"}],"wp:term":[{"taxonomy":"category","embeddable":true,"href":"https:\/\/www.visionweb.com.ar\/index.php?rest_route=%2Fwp%2Fv2%2Fcategories&post=18256"},{"taxonomy":"post_tag","embeddable":true,"href":"https:\/\/www.visionweb.com.ar\/index.php?rest_route=%2Fwp%2Fv2%2Ftags&post=18256"}],"curies":[{"name":"wp","href":"https:\/\/api.w.org\/{rel}","templated":true}]}}