{"id":18254,"date":"2025-06-05T11:44:46","date_gmt":"2025-06-05T14:44:46","guid":{"rendered":"https:\/\/www.visionweb.com.ar\/?p=18254"},"modified":"2025-06-05T11:44:46","modified_gmt":"2025-06-05T14:44:46","slug":"diputados-aprobo-la-ley-de-emergencia-en-discapacidad","status":"publish","type":"post","link":"https:\/\/www.visionweb.com.ar\/?p=18254","title":{"rendered":"Diputados aprob\u00f3 la Ley de Emergencia en Discapacidad"},"content":{"rendered":"<p><em><strong>Pese al rechazo del oficialismo, con 148 votos afirmativos, la C\u00e1mara de Diputados dio media sanci\u00f3n a la Ley de Emergencia en Discapacidad, que establece actualizaciones arancelarias y refuerzos para el sector.<\/strong><\/em><!--more--><\/p>\n<p><strong>\u00a0\u00a0\u00a0 <img loading=\"lazy\" decoding=\"async\" class=\"size-medium wp-image-14835 alignright\" src=\"https:\/\/www.visionweb.com.ar\/wp-content\/uploads\/2024\/06\/Discapacidad-300x225.png\" alt=\"\" width=\"300\" height=\"225\" srcset=\"https:\/\/www.visionweb.com.ar\/wp-content\/uploads\/2024\/06\/Discapacidad-300x225.png 300w, https:\/\/www.visionweb.com.ar\/wp-content\/uploads\/2024\/06\/Discapacidad-320x240.png 320w, https:\/\/www.visionweb.com.ar\/wp-content\/uploads\/2024\/06\/Discapacidad.png 404w\" sizes=\"auto, (max-width: 300px) 100vw, 300px\" \/>\u00a0\u00a0 La Ley de Emergencia en Discapacidad obtuvo ayer media sanci\u00f3n en la C\u00e1mara de Diputados<\/strong>, en una sesi\u00f3n marcada por una contundente mayor\u00eda opositora y el rechazo del oficialismo.<\/p>\n<p>Con\u00a0<strong>148 votos afirmativos, 71 negativos y tres abstenciones, el proyecto avanza ahora hacia el Senado.<\/strong>\u00a0La norma propone declarar la emergencia hasta el 31 de diciembre de 2026, con posibilidad de pr\u00f3rroga por un a\u00f1o m\u00e1s.<\/p>\n<p>Entre los puntos clave, el texto contempla la\u00a0<strong>recomposici\u00f3n de las prestaciones arancelarias desde diciembre de 2023, ajustadas a la inflaci\u00f3n acumulada, y la actualizaci\u00f3n mensual autom\u00e1tica de las pensiones no contributivas, tomando como base el \u00cdndice de Precios al Consumidor (IPC)<\/strong>. Adem\u00e1s, fija el monto de estas pensiones en el 70% del haber m\u00ednimo jubilatorio.<\/p>\n<p>Durante el debate, los bloques radicales, peronistas y de izquierda coincidieron en que este proyecto es de extrema urgencia y d\u00e1ndole mayor importancia a esto que al equilibrio fiscal.<\/p>\n<p>Por el lado del bloque oficialista de La Libertad Avanza,\u00a0<strong>el diputado Santiago Pauli defendi\u00f3 la postura del Gobierno de Javier Milei y responsabiliz\u00f3 a gestiones anteriores por la situaci\u00f3n actual: \u201cLa emergencia es toda de ustedes.\u00a0<\/strong>En 2023 la inflaci\u00f3n fue del 211% y el aumento fue de solo 93%. No intenten dibujar los datos\u201d.<\/p>\n<p>Adem\u00e1s, Pauli acus\u00f3 a gobiernos anteriores de haber usado fondos destinados a discapacidad para el clientelismo pol\u00edtico: \u201cSe manipulaba a personas con discapacidad y se las obligaba a ir a actos\u201d.<\/p>\n<p>Seg\u00fan la Oficina de Presupuesto del Congreso, el impacto fiscal de la Ley de Emergencia en Discapacidad oscilar\u00eda entre 1,8 y 3,6 billones de pesos, dependiendo del n\u00famero de nuevos beneficiarios que podr\u00edan incorporarse al sistema, estimados entre 493 mil y 946 mil. A esto se suma una compensaci\u00f3n por el desfasaje inflacionario de $278.323 millones y un refuerzo de $7.160 millones para los talleres de producci\u00f3n.<strong> (VW)<\/strong><\/p>\n","protected":false},"excerpt":{"rendered":"<p>Pese al rechazo del oficialismo, con 148 votos afirmativos, la C\u00e1mara de Diputados dio media sanci\u00f3n a la Ley de Emergencia en Discapacidad, que establece actualizaciones arancelarias y refuerzos para el sector.<\/p>\n","protected":false},"author":4,"featured_media":14835,"comment_status":"closed","ping_status":"closed","sticky":false,"template":"","format":"standard","meta":{"_monsterinsights_skip_tracking":false,"_monsterinsights_sitenote_active":false,"_monsterinsights_sitenote_note":"","_monsterinsights_sitenote_category":0,"footnotes":""},"categories":[4,5],"tags":[143,7759,6009],"class_list":["post-18254","post","type-post","status-publish","format-standard","has-post-thumbnail","hentry","category-politica","category-sociedad","tag-diputados","tag-ley-emergencia-en-discapacidad","tag-pasa-al-senado"],"_links":{"self":[{"href":"https:\/\/www.visionweb.com.ar\/index.php?rest_route=\/wp\/v2\/posts\/18254","targetHints":{"allow":["GET"]}}],"collection":[{"href":"https:\/\/www.visionweb.com.ar\/index.php?rest_route=\/wp\/v2\/posts"}],"about":[{"href":"https:\/\/www.visionweb.com.ar\/index.php?rest_route=\/wp\/v2\/types\/post"}],"author":[{"embeddable":true,"href":"https:\/\/www.visionweb.com.ar\/index.php?rest_route=\/wp\/v2\/users\/4"}],"replies":[{"embeddable":true,"href":"https:\/\/www.visionweb.com.ar\/index.php?rest_route=%2Fwp%2Fv2%2Fcomments&post=18254"}],"version-history":[{"count":1,"href":"https:\/\/www.visionweb.com.ar\/index.php?rest_route=\/wp\/v2\/posts\/18254\/revisions"}],"predecessor-version":[{"id":18255,"href":"https:\/\/www.visionweb.com.ar\/index.php?rest_route=\/wp\/v2\/posts\/18254\/revisions\/18255"}],"wp:featuredmedia":[{"embeddable":true,"href":"https:\/\/www.visionweb.com.ar\/index.php?rest_route=\/wp\/v2\/media\/14835"}],"wp:attachment":[{"href":"https:\/\/www.visionweb.com.ar\/index.php?rest_route=%2Fwp%2Fv2%2Fmedia&parent=18254"}],"wp:term":[{"taxonomy":"category","embeddable":true,"href":"https:\/\/www.visionweb.com.ar\/index.php?rest_route=%2Fwp%2Fv2%2Fcategories&post=18254"},{"taxonomy":"post_tag","embeddable":true,"href":"https:\/\/www.visionweb.com.ar\/index.php?rest_route=%2Fwp%2Fv2%2Ftags&post=18254"}],"curies":[{"name":"wp","href":"https:\/\/api.w.org\/{rel}","templated":true}]}}