{"id":18252,"date":"2025-06-05T11:33:54","date_gmt":"2025-06-05T14:33:54","guid":{"rendered":"https:\/\/www.visionweb.com.ar\/?p=18252"},"modified":"2025-06-05T11:33:54","modified_gmt":"2025-06-05T14:33:54","slug":"en-la-marcha-del-congreso-de-los-miercoles-acompanaron-medicos-cientificos-y-ni-una-menos","status":"publish","type":"post","link":"https:\/\/www.visionweb.com.ar\/?p=18252","title":{"rendered":"En la marcha del Congreso de los mi\u00e9rcoles acompa\u00f1aron m\u00e9dicos, cient\u00edficos y Ni Una Menos"},"content":{"rendered":"<p><em><strong>La habitual marcha de jubilados frente al Congreso se volvi\u00f3 ayer multitudinaria con el acompa\u00f1amiento de trabajadores del Garrahan, cient\u00edficos del Conicet, colectivos migrantes, y Ni Una Menos, en conmemoraci\u00f3n de diez a\u00f1os de lucha.<\/strong><\/em><!--more--><\/p>\n<div id=\"attachment_17370\" style=\"width: 310px\" class=\"wp-caption alignright\"><img loading=\"lazy\" decoding=\"async\" aria-describedby=\"caption-attachment-17370\" class=\"wp-image-17370 size-medium\" src=\"https:\/\/www.visionweb.com.ar\/wp-content\/uploads\/2025\/02\/jubilados-lucha-marcha-300x200.png\" alt=\"\" width=\"300\" height=\"200\" srcset=\"https:\/\/www.visionweb.com.ar\/wp-content\/uploads\/2025\/02\/jubilados-lucha-marcha-300x200.png 300w, https:\/\/www.visionweb.com.ar\/wp-content\/uploads\/2025\/02\/jubilados-lucha-marcha.png 482w\" sizes=\"auto, (max-width: 300px) 100vw, 300px\" \/><p id=\"caption-attachment-17370\" class=\"wp-caption-text\">Foto archivo<\/p><\/div>\n<p><strong>L<\/strong>os<strong> jubilados marcharon ayer frente al Congreso<\/strong>\u00a0para reclamar por el ajuste en el sistema previsional, y esta vez, se sumaron\u00a0<strong>m\u00e9dicos del hospital Garrahan, cient\u00edficos, colectivos migrantes y feministas.<\/strong><\/p>\n<p>Los ejes del reclamo fueron\u00a0<strong>la emergencia en discapacidad, el tratamiento de la moratoria previsional, la actualizaci\u00f3n de jubilaciones, el rechazo a la reforma migratoria y el pedido de salarios dignos en salud y ciencia.<\/strong><\/p>\n<p>Desde el\u00a0<strong>Hospital Garrahan<\/strong>, trabajadores confirmaron que se sumaban a la marcha\u00a0<strong>tras rechazar la propuesta salarial del Gobierno.\u00a0<\/strong>\u201cLes pedimos que nos acompa\u00f1en en una nueva movilizaci\u00f3n pac\u00edfica en defensa de nuestro hospital\u201d, se\u00f1alaron.<\/p>\n<p>Tambi\u00e9n marcharon\u00a0<strong>cient\u00edficos del Conicet, que denuncian recortes presupuestarios, salarios congelados y falta de subsidios para la investigaci\u00f3n<\/strong>. \u201cNos encontramos en las calles\u201d, afirmaron desde el colectivo que agrupa a investigadores.<\/p>\n<p>Por su parte,\u00a0<strong>Ni Una Menos<\/strong>\u00a0decidi\u00f3 <strong>mover su tradicional marcha del 3 de junio al mi\u00e9rcoles<\/strong> para \u201c<strong>unir fuerzas contra el ajuste\u201d<\/strong>. En sus redes, publicaron: \u201c<strong>Unir las luchas contra el ajuste<\/strong>\u201d.<\/p>\n<p>Mientras tanto,\u00a0<strong>organizaciones de personas con discapacidad denunciaron que fueron retenidas en accesos a CABA por Gendarmer\u00eda, impidi\u00e9ndoles llegar al Congreso<\/strong>. \u201cEn muchos casos, los veh\u00edculos fueron escoltados de regreso a sus instituciones. Lo estamos denunciando ante medios y organismos de derechos humanos\u201d, expresaron desde Discas en Lucha. En redes circularon videos donde se ve a las combis desviadas por las fuerzas de seguridad.<\/p>\n<p>La marcha se dio en un contexto tenso: es la 17\u00aa movilizaci\u00f3n de jubilados en lo que va de 2025, apenas <strong>un d\u00eda despu\u00e9s de conocerse la recuperaci\u00f3n del fot\u00f3grafo Pablo Grillo<\/strong>, herido por fuerzas federales en una protesta anterior. Adem\u00e1s, se aplic\u00f3 el protocolo antipiquete impulsado por Patricia Bullrich, por lo que el operativo policial fue importante.<\/p>\n<p>Tambi\u00e9n se <strong>sumaron universitarios, artistas, trabajadores de la tierra, ambientalistas, inquilinos, ni\u00f1eces, despedidos y comunidades ind\u00edgenas<\/strong>, en una jornada que culmin\u00f3 con una gran asamblea en la sede de CTA Aut\u00f3noma, bajo la consigna: \u201cLa salida, siempre colectiva\u201d. <strong>(VW)<\/strong><\/p>\n","protected":false},"excerpt":{"rendered":"<p>La habitual marcha de jubilados frente al Congreso se volvi\u00f3 ayer multitudinaria con el acompa\u00f1amiento de trabajadores del Garrahan, cient\u00edficos del Conicet, colectivos migrantes, y Ni Una Menos, en conmemoraci\u00f3n de diez a\u00f1os de&#46;&#46;&#46;<\/p>\n","protected":false},"author":4,"featured_media":17370,"comment_status":"closed","ping_status":"closed","sticky":false,"template":"","format":"standard","meta":{"_monsterinsights_skip_tracking":false,"_monsterinsights_sitenote_active":false,"_monsterinsights_sitenote_note":"","_monsterinsights_sitenote_category":0,"footnotes":""},"categories":[4,5],"tags":[7758,7669,677,2421],"class_list":["post-18252","post","type-post","status-publish","format-standard","has-post-thumbnail","hentry","category-politica","category-sociedad","tag-cientificos","tag-marcha-jubidados","tag-medicos","tag-ni-una-menos"],"_links":{"self":[{"href":"https:\/\/www.visionweb.com.ar\/index.php?rest_route=\/wp\/v2\/posts\/18252","targetHints":{"allow":["GET"]}}],"collection":[{"href":"https:\/\/www.visionweb.com.ar\/index.php?rest_route=\/wp\/v2\/posts"}],"about":[{"href":"https:\/\/www.visionweb.com.ar\/index.php?rest_route=\/wp\/v2\/types\/post"}],"author":[{"embeddable":true,"href":"https:\/\/www.visionweb.com.ar\/index.php?rest_route=\/wp\/v2\/users\/4"}],"replies":[{"embeddable":true,"href":"https:\/\/www.visionweb.com.ar\/index.php?rest_route=%2Fwp%2Fv2%2Fcomments&post=18252"}],"version-history":[{"count":1,"href":"https:\/\/www.visionweb.com.ar\/index.php?rest_route=\/wp\/v2\/posts\/18252\/revisions"}],"predecessor-version":[{"id":18253,"href":"https:\/\/www.visionweb.com.ar\/index.php?rest_route=\/wp\/v2\/posts\/18252\/revisions\/18253"}],"wp:featuredmedia":[{"embeddable":true,"href":"https:\/\/www.visionweb.com.ar\/index.php?rest_route=\/wp\/v2\/media\/17370"}],"wp:attachment":[{"href":"https:\/\/www.visionweb.com.ar\/index.php?rest_route=%2Fwp%2Fv2%2Fmedia&parent=18252"}],"wp:term":[{"taxonomy":"category","embeddable":true,"href":"https:\/\/www.visionweb.com.ar\/index.php?rest_route=%2Fwp%2Fv2%2Fcategories&post=18252"},{"taxonomy":"post_tag","embeddable":true,"href":"https:\/\/www.visionweb.com.ar\/index.php?rest_route=%2Fwp%2Fv2%2Ftags&post=18252"}],"curies":[{"name":"wp","href":"https:\/\/api.w.org\/{rel}","templated":true}]}}